{"id":231313,"date":"2025-11-12T00:48:21","date_gmt":"2025-11-12T00:48:21","guid":{"rendered":"https:\/\/www.europesays.com\/es\/231313\/"},"modified":"2025-11-12T00:48:21","modified_gmt":"2025-11-12T00:48:21","slug":"paula-patino-se-une-al-laboral-kutxa-euskadi","status":"publish","type":"post","link":"https:\/\/www.europesays.com\/es\/231313\/","title":{"rendered":"Paula Pati\u00f1o se une al Laboral Kutxa-Euskadi"},"content":{"rendered":"<p class=\"\"><b>Paula Pati\u00f1o <\/b>es un refuerzo importante del <a href=\"https:\/\/as.com\/noticias\/laboral-kutxa\/\" target=\"_self\" rel=\"nofollow noopener\" title=\"https:\/\/as.com\/noticias\/laboral-kutxa\/\">Laboral Kutxa-Euskadi<\/a> ya que llega tras un ciclo de siete temporadas en el WorldTour con el Movistar Team. Se trata de una ciclista contrastada, que llega con el objetivo de aumentar el nivel deportivo del equipo y ser un <b>referente para las compa\u00f1eras m\u00e1s j\u00f3venes<\/b>. Los valores compartidos de la pasi\u00f3n y el esfuerzo y el deseo de la corredora y la estructura morada de crecer juntas significan <b>un paso m\u00e1s para consolidar al equipo vasco.<\/b><\/p>\n<p class=\"\">En la despedida de su anterior equipo, recibi\u00f3 el siguiente halago de <a href=\"https:\/\/as.com\/noticias\/annemiek-adriana-van-vleuten\/\" target=\"_self\" rel=\"nofollow noopener\" title=\"https:\/\/as.com\/noticias\/annemiek-adriana-van-vleuten\/\">Annemiek van Vleuten<\/a>, a quien ayud\u00f3 a ganar los Giros en 2022 y 2023 y el Tour en 2022: \u201cGracias Paula por el buen rato juntas en Movistar. <b>Has sido una compa\u00f1era de equipo s\u00faper leal, pero a\u00fan m\u00e1s una persona maravillosa<\/b>. No olvidar\u00e9 el trabajo que hiciste para ayudar al equipo a ganar\u201d.<\/p>\n<blockquote class=\"twitter-tweet\">\n<p lang=\"es\" dir=\"ltr\">Paula Pati\u00f1o ser\u00e1 parte del equipo las pr\u00f3ximas dos temporadas \ud83d\udcdd<\/p>\n<p>Con su recorrido en el pelot\u00f3n internacional llega para aportar experiencia y calidad en la monta\u00f1a \ud83c\udfd4\ufe0f <\/p>\n<p>\ud83d\udde3\ufe0f Paula Pati\u00f1o \u201cFichar por el LABORAL Kutxa-Euskadi supone una gran motivaci\u00f3n y una gran oportunidad para\u2026 <a href=\"https:\/\/t.co\/SbIafJL1i6\" rel=\"nofollow\">pic.twitter.com\/SbIafJL1i6<\/a><\/p>\n<p>\u2014 LABORALKutxaTeam (@LABORALkTeam) <a href=\"https:\/\/twitter.com\/LABORALkTeam\/status\/1988172089665131004?ref_src=twsrc%5Etfw\" rel=\"nofollow noopener\" target=\"_blank\">November 11, 2025<\/a><\/p><\/blockquote>\n<p class=\"\">En su trayectoria deportiva, la colombiana ha acumulado una importante experiencia en los grandes escenarios ciclistas<b>.<\/b> Campeona nacional en 2024, acumula <b>seis ediciones del Giro de Italia <\/b>(octava en 2020) y<b> dos del Tour de Francia<\/b> (23\u00aa en 2022), adem\u00e1s de ocho Mundiales consecutivos. Ahora, est\u00e1 llamada a ser una de las l\u00edderes del LABORAL Kutxa-Euskadi, especialmente en jornadas monta\u00f1osas y vueltas. En su palmar\u00e9s, destacan <b>Top10 en carreras de primer nivel, <\/b>como en el mencionado Giro, Itzulia, Vuelta a Burgos, Tour de Ard\u00e9che, Volta a Catalunya y Vuelta a Andaluc\u00eda.<\/p>\n<p class=\"\"><b>Paula Pati\u00f1o<\/b>: \u201cFichar por el LABORAL Kutxa-Euskadi supone una gran motivaci\u00f3n y una gran oportunidad para seguir creciendo y compitiendo al m\u00e1s alto nivel. Es un equipo con <b>mucha ambici\u00f3n, que tiene mucha proyecci\u00f3n, y esto me motiva.<\/b> La progresi\u00f3n de la estructura ha sido bastante significativa a\u00f1o a a\u00f1o, especialmente en 2025.<\/p>\n<p class=\"\">Espero crecer m\u00e1s las dos pr\u00f3ximas temporadas. Despu\u00e9s de<b> siete a\u00f1os con el equipo Movistar,<\/b> pienso que he adquirido la suficiente madurez y experiencia. Aun as\u00ed, pienso que todav\u00eda tengo \u00e1reas por mejorar, y creo que las puedo conseguir con la<b> confianza y oportunidades<\/b> que me pueda ofrecer el Laboral Kutxa-Euskadi. Mis objetivos deportivos son ganar con el grupo, aportar al trabajo colectivo, y as\u00ed<b> alcanzar grandes logros individuales y del equipo.<\/b><\/p>\n<p class=\"\">Las <b>carreras por etapas<\/b>, en especial las grandes vueltas, son las competiciones que m\u00e1s me atraen. Me gustar\u00eda tener la oportunidad de estar nuevamente en el <a href=\"https:\/\/as.com\/ciclismo\/tour_francia\/\" target=\"_self\" rel=\"nofollow noopener\" title=\"https:\/\/as.com\/ciclismo\/tour_francia\/\"><b>Tour de Francia<\/b><\/a>, una carrera de la que tengo muy buenos recuerdos. Agradezco al equipo Laboral Kutxa-Euskadi haber confiado en m\u00ed y brindarme esta <b>oportunidad de formar parte de este proyecto deportivo<\/b>. Estoy segura de que ser\u00e1 muy beneficioso y que creceremos juntas\u00bb.<\/p>\n<p class=\"\"><b>Ion Lazkano, director deportivo del Laboral Kutxa-Euskadi<\/b>: \u201cPaula es una incorporaci\u00f3n muy importante para el equipo. Se trata de una corredora con una gran experiencia y bagaje en el WorldTour. Es una escaladora pura y<b> nos dar\u00e1 mucha solidez, sobre todo, en etapas de alta monta\u00f1a <\/b>y con desniveles importantes\u201d.<\/p>\n<p class=\"\">Se trata del<b> segundo fichaje del Laboral Kutxa-Euskadi 2026<\/b>, tras el anunciado de Irati Aranguren. Naia Amondarain, Yuliia Biriukova, Idoia Eraso, Catalina Soto y Cristina Tonetti, por su parte, han renovado, mientras que Alice Arzuffi, Arianna Fidanza, Yanina Kuskova, Usoa Ostolaza y Debora Silvestri tienen contrato en vigor.<\/p>\n<p>Noticias relacionadas<a href=\"https:\/\/as.com\/ciclismo\/mas_ciclismo\/la-bomba-del-burgos-burpellet-bh-es-una-realidad-herrada-fichado-f202511-n\/\" class=\"s_m_w _rt-16x9\" title=\"Como adelant\u00f3 AS, Jes\u00fas Herrada es nuevo corredor del equipo para 2026. A sus 35 a\u00f1os tiene tres etapas en La Vuelta y es doble campe\u00f3n de Espa\u00f1a.\" data-tb-link=\"\" rel=\"nofollow noopener\" target=\"_blank\"><img decoding=\"async\" src=\"https:\/\/www.europesays.com\/es\/wp-content\/uploads\/2025\/11\/FEPLVTVSNZGUZDJ6BKUZY36K4E.jpg\" alt=\"La \u2018bomba\u2019 del Burgos Burpellet BH es una realidad: Herrada, fichado\" class=\"\" height=\"9\" width=\"16\"   loading=\"lazy\" data-tb-thumbnail=\"\"\/><\/a><a href=\"https:\/\/as.com\/ciclismo\/mas_ciclismo\/la-gante-wevelgem-se-llamara-en-los-campos-de-flandes-f202511-n\/\" class=\"s_m_w _rt-16x9\" title=\"La cl\u00e1sica belga, considerada popularmente como el \u2018sexto Monumento\u2019, cambia de denominaci\u00f3n, como m\u00ednimo, para los pr\u00f3ximos diez a\u00f1os.\" data-tb-link=\"\" rel=\"nofollow noopener\" target=\"_blank\"><img decoding=\"async\" src=\"https:\/\/www.europesays.com\/es\/wp-content\/uploads\/2025\/11\/1762908501_597_6CSZSG3BXPYDL3I2VPT3UOJNKQ.jpg\" alt=\"La Gante-Wevelgem se llamar\u00e1 \u201cEn los campos de Flandes\u201d\" class=\"\" height=\"9\" width=\"16\"   loading=\"lazy\" data-tb-thumbnail=\"\"\/><\/a><\/p>\n<p class=\"\"><b>\u00a1Tus opiniones importan!<\/b> Comenta en los art\u00edculos y suscr\u00edbete gratis a nuestra <a href=\"https:\/\/asfan.as.com\/newsletters\/\" target=\"_blank\" rel=\"nofollow noopener\" title=\"https:\/\/asfan.as.com\/newsletters\/\">newsletter<\/a> y a las alertas informativas en la <a href=\"https:\/\/as.com\/aplicacion-de-as-n\/\" target=\"_blank\" rel=\"nofollow noopener\" title=\"https:\/\/as.com\/aplicacion-de-as-n\/\">App<\/a> o el canal de <a href=\"https:\/\/www.whatsapp.com\/channel\/0029VaAasdA7j6g745nz9M10\" target=\"_blank\" rel=\"nofollow noopener\" title=\"https:\/\/www.whatsapp.com\/channel\/0029VaAasdA7j6g745nz9M10\">WhatsApp<\/a>. <\/p>\n<p class=\"\">\u00bfBuscas licenciar contenido? Haz clic <a href=\"https:\/\/profesional.elpais.com\/soluciones-sindicacion?utm_medium=interno&amp;utm_source=crosslinking&amp;utm_campaign=sindicacion_as_pie_articulos\" target=\"_blank\" rel=\"nofollow noopener\" title=\"https:\/\/profesional.elpais.com\/soluciones-sindicacion?utm_medium=interno&amp;utm_source=crosslinking&amp;utm_campaign=sindicacion_as_pie_articulos\">aqu\u00ed<\/a><\/p>\n<p><script async src=\"https:\/\/platform.twitter.com\/widgets.js\" charset=\"utf-8\"><\/script><\/p>\n","protected":false},"excerpt":{"rendered":"Paula Pati\u00f1o es un refuerzo importante del Laboral Kutxa-Euskadi ya que llega tras un ciclo de siete temporadas&hellip;\n","protected":false},"author":2,"featured_media":231314,"comment_status":"","ping_status":"","sticky":false,"template":"","format":"standard","meta":{"footnotes":""},"categories":[273],"tags":[313,312,168,25,24,23,167],"class_list":{"0":"post-231313","1":"post","2":"type-post","3":"status-publish","4":"format-standard","5":"has-post-thumbnail","7":"category-ciclismo","8":"tag-ciclismo","9":"tag-cycling","10":"tag-deportes","11":"tag-es","12":"tag-espana","13":"tag-spain","14":"tag-sports"},"share_on_mastodon":{"url":"https:\/\/pubeurope.com\/@es\/115533978295764985","error":""},"_links":{"self":[{"href":"https:\/\/www.europesays.com\/es\/wp-json\/wp\/v2\/posts\/231313","targetHints":{"allow":["GET"]}}],"collection":[{"href":"https:\/\/www.europesays.com\/es\/wp-json\/wp\/v2\/posts"}],"about":[{"href":"https:\/\/www.europesays.com\/es\/wp-json\/wp\/v2\/types\/post"}],"author":[{"embeddable":true,"href":"https:\/\/www.europesays.com\/es\/wp-json\/wp\/v2\/users\/2"}],"replies":[{"embeddable":true,"href":"https:\/\/www.europesays.com\/es\/wp-json\/wp\/v2\/comments?post=231313"}],"version-history":[{"count":0,"href":"https:\/\/www.europesays.com\/es\/wp-json\/wp\/v2\/posts\/231313\/revisions"}],"wp:featuredmedia":[{"embeddable":true,"href":"https:\/\/www.europesays.com\/es\/wp-json\/wp\/v2\/media\/231314"}],"wp:attachment":[{"href":"https:\/\/www.europesays.com\/es\/wp-json\/wp\/v2\/media?parent=231313"}],"wp:term":[{"taxonomy":"category","embeddable":true,"href":"https:\/\/www.europesays.com\/es\/wp-json\/wp\/v2\/categories?post=231313"},{"taxonomy":"post_tag","embeddable":true,"href":"https:\/\/www.europesays.com\/es\/wp-json\/wp\/v2\/tags?post=231313"}],"curies":[{"name":"wp","href":"https:\/\/api.w.org\/{rel}","templated":true}]}}