{"id":231317,"date":"2025-11-12T00:51:08","date_gmt":"2025-11-12T00:51:08","guid":{"rendered":"https:\/\/www.europesays.com\/es\/231317\/"},"modified":"2025-11-12T00:51:08","modified_gmt":"2025-11-12T00:51:08","slug":"dimitrievski-explota-contra-el-valencia-no-comparto-la-decision-del-entrenador-y-no-me-dejaron-salir-en-verano","status":"publish","type":"post","link":"https:\/\/www.europesays.com\/es\/231317\/","title":{"rendered":"Dimitrievski explota contra el Valencia: \u00abNo comparto la decisi\u00f3n del entrenador y no me dejaron salir en verano\u00bb\u00bb"},"content":{"rendered":"<p data-start=\"200\" data-end=\"538\">El portero del Valencia CF, <strong data-start=\"228\" data-end=\"250\">Stole Dimitrievski<\/strong>, ha hablado abiertamente sobre su complicada situaci\u00f3n en el conjunto valencianista durante una entrevista concedida al canal de YouTube Lazarov. El guardameta macedonio repas\u00f3 su llegada al club, la p\u00e9rdida de protagonismo en el equipo y las dificultades vividas en los \u00faltimos meses.<\/p>\n<p data-start=\"540\" data-end=\"645\">Dimitrievski explic\u00f3 que <strong data-start=\"565\" data-end=\"602\">el Valencia fue su primera opci\u00f3n<\/strong> cuando decidi\u00f3 salir del Rayo Vallecano:<\/p>\n<blockquote data-start=\"646\" data-end=\"934\">\n<p data-start=\"648\" data-end=\"934\">\u201cCuando apareci\u00f3 el Valencia, quer\u00eda ir all\u00ed. Habl\u00e9 con el Betis y con el Sevilla, pero ya sabes, hab\u00eda inter\u00e9s. Cuando termin\u00f3 el campeonato, se decidir\u00eda cu\u00e1l era la mejor opci\u00f3n para m\u00ed. El Valencia hizo buena temporada, con j\u00f3venes y jugadores experimentados, y acabaron d\u00e9cimos\u201d.<\/p>\n<\/blockquote>\n<p data-start=\"936\" data-end=\"1103\">Sin embargo, su etapa como valencianista no ha transcurrido como esperaba. Tras una pretemporada en la que particip\u00f3 con regularidad, el portero perdi\u00f3 protagonismo:<\/p>\n<blockquote data-start=\"1104\" data-end=\"1409\">\n<p data-start=\"1106\" data-end=\"1409\">\u201cJuego toda la pretemporada, pero luego no juego. Despu\u00e9s de cinco meses empiezo a jugar, est\u00e1bamos los \u00faltimos y lo estaba haciendo bien, incluso pasando rondas en Copa. Pero cambian al entrenador, y con el nuevo juego cuatro partidos, hasta el del Real Madrid, que perdemos 2-1, y me saca del once\u201d.<\/p>\n<\/blockquote>\n<p data-start=\"1411\" data-end=\"1499\">El guardameta reconoci\u00f3 que ha <strong data-start=\"1442\" data-end=\"1474\">aceptado la decisi\u00f3n t\u00e9cnica<\/strong> pese a no compartirla:<\/p>\n<blockquote data-start=\"1500\" data-end=\"1647\">\n<p data-start=\"1502\" data-end=\"1647\">\u201cEspero la oportunidad de jugar, pero no me la da. Es decisi\u00f3n del entrenador, la respeto, no la comparto, pero la acepto, no hay otra opci\u00f3n\u201d.<\/p>\n<\/blockquote>\n<p data-start=\"1649\" data-end=\"1855\">Adem\u00e1s, Dimitrievski desvel\u00f3 que esta temporada el club ha incorporado a un portero cedido con una cl\u00e1usula contractual que <strong data-start=\"1773\" data-end=\"1820\">garantiza un 30% de los partidos disputados<\/strong>, algo que le gener\u00f3 frustraci\u00f3n:<\/p>\n<blockquote data-start=\"1856\" data-end=\"1947\">\n<p data-start=\"1858\" data-end=\"1947\">\u201cEso fue un shock para m\u00ed, significa que aqu\u00ed ya no hay competencia por esta posici\u00f3n\u201d.<\/p>\n<\/blockquote>\n<p data-start=\"1949\" data-end=\"2068\">El macedonio tambi\u00e9n revel\u00f3 que <strong data-start=\"1981\" data-end=\"2029\">estuvo muy cerca de salir del club en verano<\/strong>, pero el Valencia bloque\u00f3 su salida:<\/p>\n<blockquote data-start=\"2069\" data-end=\"2329\">\n<p data-start=\"2071\" data-end=\"2329\">\u201cEl Valencia no quer\u00eda dejarme marchar. Cada d\u00eda ped\u00edan m\u00e1s compensaci\u00f3n, y m\u00e1s, y m\u00e1s. Ten\u00eda clubes interesados del top 4 de Turqu\u00eda y de Arabia, pero no se dio. Tengo dos temporadas m\u00e1s firmadas, pero con una cl\u00e1usula que me permite ser libre en verano\u201d.<\/p>\n<\/blockquote>\n<p data-start=\"2331\" data-end=\"2440\">Dimitrievski reconoci\u00f3 que la situaci\u00f3n le afecta an\u00edmicamente, aunque intenta centrarse en el aprendizaje:<\/p>\n<blockquote data-start=\"2441\" data-end=\"2576\">\n<p data-start=\"2443\" data-end=\"2576\">\u201cVengo de jugarlo todo, 40 o 45 partidos por temporada, y ahora jugar 10 es un shock. Pero es una experiencia de la que aprender\u00e9\u201d.<\/p>\n<\/blockquote>\n<p data-start=\"2578\" data-end=\"2755\">El guardameta confirm\u00f3 adem\u00e1s que <strong data-start=\"2612\" data-end=\"2702\">es cierta la existencia de una prima de 300.000 euros vinculada a los partidos jugados<\/strong>, aunque insisti\u00f3 en que su prioridad es deportiva:<\/p>\n<blockquote data-start=\"2756\" data-end=\"2930\">\n<p data-start=\"2758\" data-end=\"2930\">\u201cMi deseo es jugar. Quiero jugar en el Valencia. Si el entrenador me da la oportunidad, voy a responder sin problema porque tengo experiencia, calidad y estoy preparado\u201d.<\/p>\n<\/blockquote>\n","protected":false},"excerpt":{"rendered":"El portero del Valencia CF, Stole Dimitrievski, ha hablado abiertamente sobre su complicada situaci\u00f3n en el conjunto valencianista&hellip;\n","protected":false},"author":2,"featured_media":231318,"comment_status":"","ping_status":"","sticky":false,"template":"","format":"standard","meta":{"footnotes":""},"categories":[268],"tags":[168,55165,25,24,280,282,281,23,167],"class_list":{"0":"post-231317","1":"post","2":"type-post","3":"status-publish","4":"format-standard","5":"has-post-thumbnail","7":"category-futbol","8":"tag-deportes","9":"tag-destacada-3","10":"tag-es","11":"tag-espana","12":"tag-football","13":"tag-futbol","14":"tag-soccer","15":"tag-spain","16":"tag-sports"},"share_on_mastodon":{"url":"https:\/\/pubeurope.com\/@es\/115533990314016778","error":""},"_links":{"self":[{"href":"https:\/\/www.europesays.com\/es\/wp-json\/wp\/v2\/posts\/231317","targetHints":{"allow":["GET"]}}],"collection":[{"href":"https:\/\/www.europesays.com\/es\/wp-json\/wp\/v2\/posts"}],"about":[{"href":"https:\/\/www.europesays.com\/es\/wp-json\/wp\/v2\/types\/post"}],"author":[{"embeddable":true,"href":"https:\/\/www.europesays.com\/es\/wp-json\/wp\/v2\/users\/2"}],"replies":[{"embeddable":true,"href":"https:\/\/www.europesays.com\/es\/wp-json\/wp\/v2\/comments?post=231317"}],"version-history":[{"count":0,"href":"https:\/\/www.europesays.com\/es\/wp-json\/wp\/v2\/posts\/231317\/revisions"}],"wp:featuredmedia":[{"embeddable":true,"href":"https:\/\/www.europesays.com\/es\/wp-json\/wp\/v2\/media\/231318"}],"wp:attachment":[{"href":"https:\/\/www.europesays.com\/es\/wp-json\/wp\/v2\/media?parent=231317"}],"wp:term":[{"taxonomy":"category","embeddable":true,"href":"https:\/\/www.europesays.com\/es\/wp-json\/wp\/v2\/categories?post=231317"},{"taxonomy":"post_tag","embeddable":true,"href":"https:\/\/www.europesays.com\/es\/wp-json\/wp\/v2\/tags?post=231317"}],"curies":[{"name":"wp","href":"https:\/\/api.w.org\/{rel}","templated":true}]}}