{"id":231321,"date":"2025-11-12T00:55:15","date_gmt":"2025-11-12T00:55:15","guid":{"rendered":"https:\/\/www.europesays.com\/es\/231321\/"},"modified":"2025-11-12T00:55:15","modified_gmt":"2025-11-12T00:55:15","slug":"marc-marquez-se-sincera-en-el-hormiguero-sobre-sus-deseos-de-ser-padre-junto-a-gemma-pinto-sentir-y-priorizar","status":"publish","type":"post","link":"https:\/\/www.europesays.com\/es\/231321\/","title":{"rendered":"Marc M\u00e1rquez se sincera en &#8216;El Hormiguero&#8217; sobre sus deseos de ser padre junto a Gemma Pinto: \u00abSentir y priorizar\u00bb"},"content":{"rendered":"<p id=\"e0zPAhFxuZ\" data-wc=\"127\">Marc M\u00e1rquez ha regresado, una vez m\u00e1s, a El Hormiguero para celebrar su t\u00edtulo de campe\u00f3n del mundo de MotoGP 2025. El piloto ha visitado el programa de Pablo Motos para hablar de su gran momento profesional, pero tambi\u00e9n de los aspectos m\u00e1s duros de su trayectoria: las lesiones y el impacto que estas tienen en su salud mental, ya que sufri\u00f3 una lesi\u00f3n en el hombro que le oblig\u00f3 a pasar por quir\u00f3fano. \u201cLo m\u00e1s dif\u00edcil de una lesi\u00f3n no es el dolor, sino todo lo que conlleva. Es una etapa de transici\u00f3n, pero resulta m\u00e1s dura mentalmente que f\u00edsicamente\u201d, ha confesado. Durante su paso por el formato de Antena 3, el presentador tambi\u00e9n <a class=\"hm-link ho-link\" href=\"https:\/\/www.hola.com\/viajes\/20251016861787\/cervera-pueblo-medieval-lleida-marc-marquez\/\" data-mrf-recirculation=\"article-body-link\" rel=\"nofollow noopener\" target=\"_blank\">quiso preguntarle por su vida personal y su relaci\u00f3n con Gemma Pinto.<\/a><\/p>\n<p> <img src=\"https:\/\/www.europesays.com\/es\/wp-content\/uploads\/2025\/11\/b012d5d9042b-elhormiguero-2.jpg\"   width=\"1024\" height=\"682\" loading=\"lazy\" decoding=\"async\" alt=\"Media Image\" fetchpriority=\"auto\" class=\"image ho-image\"\/>\u00a9 elhormiguero<\/p>\n<p id=\"ewItnhRr_H\" data-wc=\"76\">Nada m\u00e1s entrar en el plat\u00f3, sobre su propia moto, se ha notado la buena sinton\u00eda entre el piloto y el presentador. Pablo Motos se ha subido al veh\u00edculo y M\u00e1rquez le ha explicado para qu\u00e9 sirve cada parte. \u00abNo entiendo mucho, pero lo hace todo la moto, \u00bfno?\u00bb, le ha dicho el conductor del programa a su invitado tirando de iron\u00eda. \u00abS\u00fabete, date una vuelta y me lo cuentas\u00bb, le ha respondido M\u00e1rquez entre risas.<\/p>\n<p> <img src=\"https:\/\/www.europesays.com\/es\/wp-content\/uploads\/2025\/11\/6885baf99008-elhormiguero.jpg\"   width=\"1024\" height=\"682\" loading=\"lazy\" decoding=\"async\" alt=\"Media Image\" fetchpriority=\"auto\" class=\"image ho-image\"\/>\u00a9 elhormiguero<\/p>\n<p id=\"etucgII2Rj\" data-wc=\"100\">Posteriormente, Pablo Motos se ha interesado <a class=\"hm-link ho-link\" href=\"https:\/\/www.hola.com\/actualidad\/20250914854510\/marc-marquez-alex-marquez-novias-fotos\/\" data-mrf-recirculation=\"article-body-link\" rel=\"nofollow noopener\" target=\"_blank\">por la reciente ca\u00edda del piloto<\/a>, que le llev\u00f3 de nuevo al quir\u00f3fano. \u00abFue una lesi\u00f3n injusta por el momento de celebraci\u00f3n en el que est\u00e1bamos, pero al menos ya estaba todo cerrado. Me habr\u00eda fastidiado mucho ser campe\u00f3n en el sof\u00e1 de casa, que podr\u00eda haber pasado. Por suerte, lleg\u00f3 en un momento injusto, pero a la vez el mejor momento, porque ya estaba todo decidido. La grava no estaba en las mejores condiciones, pero en un circuito de cinco kil\u00f3metros es complicado tenerlo todo perfecto. Aun as\u00ed, lo entiendo\u00bb, ha explicado M\u00e1rquez.<\/p>\n<p> <img src=\"https:\/\/www.europesays.com\/es\/wp-content\/uploads\/2025\/11\/877ff816bd95-elhormiguero-4.jpg\"   width=\"1024\" height=\"682\" loading=\"lazy\" decoding=\"async\" alt=\"Media Image\" fetchpriority=\"auto\" class=\"image ho-image\"\/>\u00a9 elhormiguero<\/p>\n<p id=\"eYIRqq_Iwu\" data-wc=\"109\">Posteriormente,<a class=\"hm-link ho-link\" href=\"https:\/\/www.hola.com\/actualidad\/20251013861198\/comunicado-urgente-marc-marquez-operacion-hombro-derecho\/\" data-mrf-recirculation=\"article-body-link\" rel=\"nofollow noopener\" target=\"_blank\">\u00a0ha aclarado los \u00faltimos titulares de prensa en los que se afirmaba que ten\u00eda un tornillo del hombro roto.<\/a> \u00abMe caigo, me hacen una radiograf\u00eda del brazo y se asustan. Yo ya ten\u00eda de antes un tornillo doblado. Me oper\u00e9 del hombro en 2019, y en 2020 me romp\u00ed el h\u00famero. En esa operaci\u00f3n previa, algunos tornillos se doblaron y uno lleg\u00f3 a romperse, pero he competido as\u00ed y no pasa nada. Ahora quiero trabajar en invierno para que se hable de mis resultados y no de mi brazo. <strong>La lesi\u00f3n nueva no afecta a las anteriores y no me van a quedar secuelas\u00bb,<\/strong> ha asegurado el piloto.<\/p>\n<p> <img src=\"https:\/\/www.europesays.com\/es\/wp-content\/uploads\/2025\/11\/40d55d31a3ae-elhormiguero-1.jpg\"   width=\"1024\" height=\"682\" loading=\"lazy\" decoding=\"async\" alt=\"Media Image\" fetchpriority=\"auto\" class=\"image ho-image\"\/>\u00a9 elhormiguero<\/p>\n<p id=\"elLdm1y-Dc\" data-wc=\"110\">Otro de los temas que han tratado ha sido la supuesta rivalidad entre Marc y su hermano \u00c1lex, ya que ambos compet\u00edan por el t\u00edtulo de campe\u00f3n del mundo. \u00abNos hemos ayudado m\u00e1s que nunca porque nos queremos bien. Cuando empez\u00f3 la primera carrera, ya intu\u00eda que me lo iba a poner dif\u00edcil. Lo cog\u00ed y le dije: &#8216;Vamos a pelear en la pista; ahora nos daremos la mano. Si te tengo que adelantar, te adelantar\u00e9. <strong>Si me tienes que adelantar, me adelantar\u00e1s. Y si pasa algo, seguiremos siendo hermanos y nos querremos igual. \u00bfEs as\u00ed?&#8217;. Entonces nos dimos la mano y ya est\u00e1\u00bb,<\/strong> ha confesado la estrella del motor.\u00a0<\/p>\n<p> <img src=\"https:\/\/www.europesays.com\/es\/wp-content\/uploads\/2025\/11\/bcd40da13337-snapinstaapp450478774184482600340126051309050867644241963n1080.jpg\"   width=\"821\" height=\"1024\" loading=\"lazy\" decoding=\"async\" alt=\"Marc y \u00c1lex M\u00e1rquez\" fetchpriority=\"auto\" class=\"image ho-image\"\/>\u00a9 marcmarquezMarc y \u00c1lex M\u00e1rquez<\/p>\n<p id=\"eX1HTmJjep\" data-wc=\"129\">Fue el mes de mayo de 2023 cuando salt\u00f3 la noticia de que el siete veces campe\u00f3n del mundo estaba de nuevo enamorado. Es por ello, que el presentador de Atresmedia no ha podido evitar preguntarle sobre el estado de su coraz\u00f3n y en qu\u00e9 punto<a class=\"hm-link ho-link\" href=\"https:\/\/www.hola.com\/actualidad\/20251111866863\/marc-marquez-gemma-fotos-historia-de-amor\/\" data-mrf-recirculation=\"article-body-link\" rel=\"nofollow noopener\" target=\"_blank\">\u00a0se encuentra su relaci\u00f3n con Gemma Pinto<\/a>, poniendo sobre la mesa si quiere ser padre. \u00abCalma\u00bb, ha respondido el deportista de \u00e9lite entre risas. \u00abDije que en un futuro, que me encantar\u00eda crear una familia. L\u00f3gicamente la vida es larga y todo tiene su momento. Lo tienes que sentir y priorizar. Yo cuando hago una cosa la hago 100%, dedicado a ello. <strong>De momento, estoy dedicado a mi carrera deportiva.<\/strong> Todo a su tiempo\u00bb, ha matizado sin perder la sonrisa de su cara.<\/p>\n<p> <img src=\"https:\/\/www.europesays.com\/es\/wp-content\/uploads\/2025\/11\/c43ad2746edb-pinto.jpg\"   width=\"768\" height=\"1024\" loading=\"lazy\" decoding=\"async\" alt=\"Gemma Pinto y Marc M\u00e1rquez, en el hospital tras la \u00faltima operaci\u00f3n al piloto\" fetchpriority=\"auto\" class=\"image ho-image\"\/>\u00a9 marcmarquez93Gemma Pinto y Marc M\u00e1rquez, en el hospital tras la \u00faltima operaci\u00f3n al piloto<\/p>\n<p> <img src=\"https:\/\/www.europesays.com\/es\/wp-content\/uploads\/2025\/11\/e135be370b24-pardeja.jpg\"   width=\"1024\" height=\"698\" loading=\"lazy\" decoding=\"async\" alt=\"Marc M\u00e1rquez y Gemma Pinto celebran juntos el campeonato del mundo conquistado por el piloto\" fetchpriority=\"auto\" class=\"image ho-image\"\/>\u00a9 Getty ImagesMarc M\u00e1rquez y Gemma Pinto celebran juntos el campeonato del mundo conquistado por el piloto<\/p>\n","protected":false},"excerpt":{"rendered":"Marc M\u00e1rquez ha regresado, una vez m\u00e1s, a El Hormiguero para celebrar su t\u00edtulo de campe\u00f3n del mundo&hellip;\n","protected":false},"author":2,"featured_media":231322,"comment_status":"","ping_status":"","sticky":false,"template":"","format":"standard","meta":{"footnotes":""},"categories":[171],"tags":[517,5813,146,147,25,24,13638,5812,23,807,214],"class_list":{"0":"post-231321","1":"post","2":"type-post","3":"status-publish","4":"format-standard","5":"has-post-thumbnail","7":"category-tv","8":"tag-actualidad","9":"tag-el-hormiguero","10":"tag-entertainment","11":"tag-entretenimiento","12":"tag-es","13":"tag-espana","14":"tag-marc-marquez","15":"tag-pablo-motos","16":"tag-spain","17":"tag-television","18":"tag-tv"},"share_on_mastodon":{"url":"https:\/\/pubeurope.com\/@es\/115534006276848883","error":""},"_links":{"self":[{"href":"https:\/\/www.europesays.com\/es\/wp-json\/wp\/v2\/posts\/231321","targetHints":{"allow":["GET"]}}],"collection":[{"href":"https:\/\/www.europesays.com\/es\/wp-json\/wp\/v2\/posts"}],"about":[{"href":"https:\/\/www.europesays.com\/es\/wp-json\/wp\/v2\/types\/post"}],"author":[{"embeddable":true,"href":"https:\/\/www.europesays.com\/es\/wp-json\/wp\/v2\/users\/2"}],"replies":[{"embeddable":true,"href":"https:\/\/www.europesays.com\/es\/wp-json\/wp\/v2\/comments?post=231321"}],"version-history":[{"count":0,"href":"https:\/\/www.europesays.com\/es\/wp-json\/wp\/v2\/posts\/231321\/revisions"}],"wp:featuredmedia":[{"embeddable":true,"href":"https:\/\/www.europesays.com\/es\/wp-json\/wp\/v2\/media\/231322"}],"wp:attachment":[{"href":"https:\/\/www.europesays.com\/es\/wp-json\/wp\/v2\/media?parent=231321"}],"wp:term":[{"taxonomy":"category","embeddable":true,"href":"https:\/\/www.europesays.com\/es\/wp-json\/wp\/v2\/categories?post=231321"},{"taxonomy":"post_tag","embeddable":true,"href":"https:\/\/www.europesays.com\/es\/wp-json\/wp\/v2\/tags?post=231321"}],"curies":[{"name":"wp","href":"https:\/\/api.w.org\/{rel}","templated":true}]}}