{"id":231327,"date":"2025-11-12T00:58:12","date_gmt":"2025-11-12T00:58:12","guid":{"rendered":"https:\/\/www.europesays.com\/es\/231327\/"},"modified":"2025-11-12T00:58:12","modified_gmt":"2025-11-12T00:58:12","slug":"marc-marquez-aparece-con-su-moto-en-el-hormiguero-y-deja-alucinado-a-pablo-motos-con-lo-que-le-ensena-que-me-estas-contando","status":"publish","type":"post","link":"https:\/\/www.europesays.com\/es\/231327\/","title":{"rendered":"Marc M\u00e1rquez aparece con su moto en &#8216;El Hormiguero&#8217; y deja alucinado a Pablo Motos con lo que le ense\u00f1a: \u00ab\u00bfQu\u00e9 me est\u00e1s contando?\u00bb"},"content":{"rendered":"<p class=\"voc-p\" style=\"\">Este martes 11 de noviembre el programa de <strong>Antena 3<\/strong> recibi\u00f3 a un invitado cuya visita estaba prevista para principios de octubre, pero <a href=\"https:\/\/www.abc.es\/play\/television\/noticias\/accidente-marc-marquez-obliga-hormiguero-cambiar-invitado-20251007223054-nt.html\" target=\"_self\" data-voc-vtm-id=\"in-text-traffic\" title=\"caus\u00f3 baja a \u00faltima hora debido al accidente en el Gran Premio de Indonesia.\" data-mrf-link=\"www.abc.es\" rel=\"nofollow noopener\">caus\u00f3 baja a \u00faltima hora debido al accidente en el Gran Premio de Indonesia.<\/a> Se trataba de <strong>Marc M\u00e1rquez<\/strong>, quien en esta ocasi\u00f3n s\u00ed pudo celebrar junto a<strong> Pablo Motos<\/strong> su <a href=\"https:\/\/www.abc.es\/deportes\/motos\/marc-marquez-campeon-grande-puesto-veces-duda-20250928164431-nt.html\" target=\"_self\" data-voc-vtm-id=\"in-text-traffic\" title=\"\u00faltima victoria en el Mundial de MotoGP.\" data-mrf-link=\"www.abc.es\" rel=\"nofollow noopener\">\u00faltima victoria en el Mundial de MotoGP.<\/a> Con este nuevo t\u00edtulo, el piloto suma ya nueve campeonatos del mundo, siete de ellos en la m\u00e1xima categor\u00eda.<\/p>\n<p>\nM\u00e1rquez explica por qu\u00e9 tuvo que cancelar la \u00faltima visita\n<\/p>\n<p class=\"voc-p\" style=\"\">El invitado se present\u00f3 en el plat\u00f3 de <strong>&#8216;El Hormiguero&#8217;<\/strong> con su moto, la Ducati Desmosedici GP25. El presentador no desaprovech\u00f3 la oportunidad de que M\u00e1rquez explicara todos los aspectos t\u00e9cnicos de algunas piezas. \u00ab\u00bfQu\u00e9 me est\u00e1s contando? Un cohete. Me acabas de dejar alucinado\u00bb, reaccion\u00f3 al escuchar el relato sobre c\u00f3mo funcionan los frenos para que el veh\u00edculo no derrape en las curvas al acelerar y no se levante tampoco en la frenada. No en balde, es capaz de moverse a 360 kil\u00f3metros por hora. <\/p>\n<p class=\"voc-p\" style=\"\">El de Requena hab\u00eda hecho los deberes y pudo seguir la explicaci\u00f3n del catal\u00e1n. No obstante, \u00abde anatom\u00eda de hombro y brazo, ah\u00ed no me ganas\u00bb, brome\u00f3 Marc M\u00e1rquez. A lo largo de su carrera se ha sometido a 10 intervenciones, la \u00faltima, en octubre pasado. Intentaron durante cinco d\u00edas no operar para ver si era estable, pero hab\u00eda el riesgo de que cuando bajara la inflamaci\u00f3n y la contractura, la fractura se moviera. De hecho, ten\u00eda que venir al programa y no pude por la fractura. Lo retrasamos una semana, pensando en venir con el cabestrillo. <\/p>\n<p class=\"voc-p\" style=\"\">Sin embargo, un d\u00eda se levant\u00f3 con la clav\u00edcula fuera \u00abporque hab\u00eda bajado ya la inflamaci\u00f3n y la fractura no era estable\u00bb. Con lo cual, necesit\u00f3 pasar por quir\u00f3fano una vez m\u00e1s. Pese a todo, se muestra optimista de cara a la pr\u00f3xima temporada. \u00abYo s\u00e9 lo que tengo en mi brazo, mis doctores tambi\u00e9n. Mi trabajo esentrenar invierno para que se hable de mis resultados y no de mi brazo. Es lo que voy a hacer este a\u00f1o tambi\u00e9n\u00bb, sentenci\u00f3.<\/p>\n","protected":false},"excerpt":{"rendered":"Este martes 11 de noviembre el programa de Antena 3 recibi\u00f3 a un invitado cuya visita estaba prevista&hellip;\n","protected":false},"author":2,"featured_media":231328,"comment_status":"","ping_status":"","sticky":false,"template":"","format":"standard","meta":{"footnotes":""},"categories":[93],"tags":[168,25,24,6489,14482,23,167],"class_list":{"0":"post-231327","1":"post","2":"type-post","3":"status-publish","4":"format-standard","5":"has-post-thumbnail","7":"category-deportes","8":"tag-deportes","9":"tag-es","10":"tag-espana","11":"tag-marc","12":"tag-marquez","13":"tag-spain","14":"tag-sports"},"share_on_mastodon":{"url":"https:\/\/pubeurope.com\/@es\/115534017488629236","error":""},"_links":{"self":[{"href":"https:\/\/www.europesays.com\/es\/wp-json\/wp\/v2\/posts\/231327","targetHints":{"allow":["GET"]}}],"collection":[{"href":"https:\/\/www.europesays.com\/es\/wp-json\/wp\/v2\/posts"}],"about":[{"href":"https:\/\/www.europesays.com\/es\/wp-json\/wp\/v2\/types\/post"}],"author":[{"embeddable":true,"href":"https:\/\/www.europesays.com\/es\/wp-json\/wp\/v2\/users\/2"}],"replies":[{"embeddable":true,"href":"https:\/\/www.europesays.com\/es\/wp-json\/wp\/v2\/comments?post=231327"}],"version-history":[{"count":0,"href":"https:\/\/www.europesays.com\/es\/wp-json\/wp\/v2\/posts\/231327\/revisions"}],"wp:featuredmedia":[{"embeddable":true,"href":"https:\/\/www.europesays.com\/es\/wp-json\/wp\/v2\/media\/231328"}],"wp:attachment":[{"href":"https:\/\/www.europesays.com\/es\/wp-json\/wp\/v2\/media?parent=231327"}],"wp:term":[{"taxonomy":"category","embeddable":true,"href":"https:\/\/www.europesays.com\/es\/wp-json\/wp\/v2\/categories?post=231327"},{"taxonomy":"post_tag","embeddable":true,"href":"https:\/\/www.europesays.com\/es\/wp-json\/wp\/v2\/tags?post=231327"}],"curies":[{"name":"wp","href":"https:\/\/api.w.org\/{rel}","templated":true}]}}