{"id":231360,"date":"2025-11-12T01:26:09","date_gmt":"2025-11-12T01:26:09","guid":{"rendered":"https:\/\/www.europesays.com\/es\/231360\/"},"modified":"2025-11-12T01:26:09","modified_gmt":"2025-11-12T01:26:09","slug":"italia-investiga-a-ciudadanos-que-pagaron-por-participar-en-safaris-de-la-muerte-durante-el-cerco-de-sarajevo-en-los-anos-90","status":"publish","type":"post","link":"https:\/\/www.europesays.com\/es\/231360\/","title":{"rendered":"Italia investiga a ciudadanos que pagaron por participar en \u00absafaris de la muerte\u00bb\u00a0durante el cerco de Sarajevo en los a\u00f1os 90"},"content":{"rendered":"<p>\t\t\t \t\t \t\t\t\t\t\t\tResidente Sarajevo corren ante la amenaza de ataques de francotiradores. <strong class=\"pd-l\">JAVIER BAULUZ  <\/strong><\/p>\n<p>\t\t\t\t\t\tBosnia est\u00e1 dispuesta a colaborar para esclarecer qui\u00e9nes cometieron unas atrocidades durante la guerra de la antigua Yugoslavia que han sido analizadas en un documental y un libro<br \/>\n\t\t\t\t\t\t<strong>11 nov 2025<\/strong> . Actualizado a las 21:27 h.\t\t\t\t\t\t<\/p>\n<p class=\"txt first-paragraph\">&#13;<br \/>\n    \t La Fiscal\u00eda de Mil\u00e1n ha abierto una investigaci\u00f3n para aclarar la posible participaci\u00f3n de italianos en los \u00absafaris de la muerte\u00bb, en cacer\u00edas humanas que tuvieron lugar en la guerra\u00a0de la antigua Yugoslavia durante el&#13;\n\t<\/p>\n<p>&#13;<br \/>\n\t\t\t\t\tContenido exclusivo para suscriptores&#13;\n\t\t\t\t<\/p>\n<p>\t\t\t\t\tContin\u00faa leyendo con un 75% dto.<\/p>\n<p>\t\t\t\t\t\tSuscripci\u00f3n WEB<br \/>\n\t\t\t\t\t\t\t\t\t\t\t\t2\u20ac\/mes<br \/>\n\t\t\t\t\t\tdurante 12 meses\t\t\t\t\t\t<\/p>\n<p>\t\t\t\t\t\t<a href=\"https:\/\/elquiosco.lavozdegalicia.es\/suscripciones\/19-45-suscripcion-webapp.html?dllvdg=00031762891068268773813&amp;urlData=https:\/\/www.lavozdegalicia.es\/noticia\/internacional\/2025\/11\/11\/italia-investiga-cacerias-humanas-asedio-sarajevo\/00031762891068268773813.htm\" class=\"btn-brand btn sz-t-s no-brd t-sserif pd-h-2 btnAddToCart\" data-analytics-event=\"addToCart\" data-product-name=\"Suscripci\u00f3n WEB+APP\" data-product-price=\"2.00 \" data-product-coupon=\"2025_NOVIEMBRE_2E12M_WEB_MES\" data-product-periodicity=\"Mensual\" rel=\"nofollow noopener\" target=\"_blank\">Suscr\u00edbete <\/a>\t\t\t\t\t\t<\/p>\n<p>\t\t\t\t\t&#13;<br \/>\n\t\t\t\t\t\u00bfYa eres suscriptor? <a href=\"https:\/\/miperfil.lavozdegalicia.es\/login.jsp?url=https:\/\/www.lavozdegalicia.es\/noticia\/internacional\/2025\/11\/11\/italia-investiga-cacerias-humanas-asedio-sarajevo\/00031762891068268773813.htm\" class=\"c-white\" rel=\"nofollow noopener\" target=\"_blank\">Inicia sesi\u00f3n<\/a>&#13;<\/p>\n","protected":false},"excerpt":{"rendered":"Residente Sarajevo corren ante la amenaza de ataques de francotiradores. JAVIER BAULUZ Bosnia est\u00e1 dispuesta a colaborar para&hellip;\n","protected":false},"author":2,"featured_media":231361,"comment_status":"","ping_status":"","sticky":false,"template":"","format":"standard","meta":{"footnotes":""},"categories":[42],"tags":[17,18,19446,13,14,11,61,62,63,64,628,19,20,9,10,15,16,592,12,21,22,65,66,67],"class_list":{"0":"post-231360","1":"post","2":"type-post","3":"status-publish","4":"format-standard","5":"has-post-thumbnail","7":"category-internacional","8":"tag-breaking-news","9":"tag-breakingnews","10":"tag-caza","11":"tag-featured-news","12":"tag-featurednews","13":"tag-headlines","14":"tag-internacional","15":"tag-international","16":"tag-international-news","17":"tag-internationalnews","18":"tag-italia","19":"tag-latest-news","20":"tag-latestnews","21":"tag-news","22":"tag-noticias","23":"tag-noticias-destacadas","24":"tag-noticiasdestacadas","25":"tag-terrorismo","26":"tag-titulares","27":"tag-ultimas-noticias","28":"tag-ultimasnoticias","29":"tag-world","30":"tag-world-news","31":"tag-worldnews"},"share_on_mastodon":{"url":"https:\/\/pubeurope.com\/@es\/115534127741647359","error":""},"_links":{"self":[{"href":"https:\/\/www.europesays.com\/es\/wp-json\/wp\/v2\/posts\/231360","targetHints":{"allow":["GET"]}}],"collection":[{"href":"https:\/\/www.europesays.com\/es\/wp-json\/wp\/v2\/posts"}],"about":[{"href":"https:\/\/www.europesays.com\/es\/wp-json\/wp\/v2\/types\/post"}],"author":[{"embeddable":true,"href":"https:\/\/www.europesays.com\/es\/wp-json\/wp\/v2\/users\/2"}],"replies":[{"embeddable":true,"href":"https:\/\/www.europesays.com\/es\/wp-json\/wp\/v2\/comments?post=231360"}],"version-history":[{"count":0,"href":"https:\/\/www.europesays.com\/es\/wp-json\/wp\/v2\/posts\/231360\/revisions"}],"wp:featuredmedia":[{"embeddable":true,"href":"https:\/\/www.europesays.com\/es\/wp-json\/wp\/v2\/media\/231361"}],"wp:attachment":[{"href":"https:\/\/www.europesays.com\/es\/wp-json\/wp\/v2\/media?parent=231360"}],"wp:term":[{"taxonomy":"category","embeddable":true,"href":"https:\/\/www.europesays.com\/es\/wp-json\/wp\/v2\/categories?post=231360"},{"taxonomy":"post_tag","embeddable":true,"href":"https:\/\/www.europesays.com\/es\/wp-json\/wp\/v2\/tags?post=231360"}],"curies":[{"name":"wp","href":"https:\/\/api.w.org\/{rel}","templated":true}]}}