{"id":231366,"date":"2025-11-12T01:34:18","date_gmt":"2025-11-12T01:34:18","guid":{"rendered":"https:\/\/www.europesays.com\/es\/231366\/"},"modified":"2025-11-12T01:34:18","modified_gmt":"2025-11-12T01:34:18","slug":"martin-rey-da-el-salto-al-ciclismo-profesional-con-el-burgos-burpellet-bh","status":"publish","type":"post","link":"https:\/\/www.europesays.com\/es\/231366\/","title":{"rendered":"Mart\u00edn Rey da el salto al ciclismo profesional con el Burgos Burpellet BH"},"content":{"rendered":"<p data-mrf-recirculation=\"Links P\u00e1rrafos\" class=\"ue-c-article__paragraph paragraph ue-c-article--first-letter-highlighted\">El <strong>Burgos Burpellet BH<\/strong> incorporar\u00e1 la pr\u00f3xima temporada a sus filas a una de las grandes promesas del ciclismo nacional, <strong>Mart\u00edn Rey<\/strong>, que dar\u00e1 el salto al \u00e1mbito profesional desde el Club Ciclista Padron\u00e9s-Cortizo, donde ha competido las \u00faltimas tres temporadas.<\/p>\n<p data-mrf-recirculation=\"Links P\u00e1rrafos\" class=\"ue-c-article__paragraph paragraph\"><strong>Mart\u00edn <\/strong>es ya el noveno corredor que se beneficia del acuerdo de formaci\u00f3n entre las estructuras burgalesa y coru\u00f1esa y ya pudo competir en pr\u00e1cticas con el equipo morado en<strong> 2024 en el Tour de Langkawi.<\/strong><\/p>\n<p><img decoding=\"async\" width=\"1080\" height=\"1350\" class=\"ue-c-article__image lazyload\" alt=\"Mart\u00edn Rey da el salto al profesionalismo con el Burgos Burpellet BH\" loading=\"lazy\" src=\"https:\/\/www.europesays.com\/es\/wp-content\/uploads\/2025\/11\/6911cd4d0d33f.jpeg\"\/><\/p>\n<p>Mart\u00edn Rey da el salto al profesionalismo con el Burgos Burpellet BH<\/p>\n<p data-mrf-recirculation=\"Links P\u00e1rrafos\" class=\"ue-c-article__paragraph paragraph\">El ciclista pontevedr\u00e9s de 22 a\u00f1os firma por dos temporadas y es un corredor muy polivalente, capaz de rendir a buen nivel tanto en las jornadas de monta\u00f1a como en las m\u00e1s llanas y al que le gustan especialmente las vueltas por etapas.<\/p>\n<p data-mrf-recirculation=\"Links P\u00e1rrafos\" class=\"ue-c-article__paragraph paragraph\">Ganador de la <strong>Volta a Galicia en 2023<\/strong> y medallista de bronce en el <strong>Campeonato de Espa\u00f1a de 2024,<\/strong> esta temporada 2025 ha dado un paso adelante, acabando como l\u00edder del ranking sub-23 de la <strong>RFEC <\/strong>y segundo en la general de la<strong> Copa de Espa\u00f1a \u00c9lite y Sub-23<\/strong> gracias a triunfos como los logrados en la <strong>Vuelta a Castilla y Le\u00f3n y la Santikutz Klasika.<\/strong><\/p>\n<p data-mrf-recirculation=\"Links P\u00e1rrafos\" class=\"ue-c-article__paragraph paragraph\"><strong>Mart\u00edn Rey<\/strong> comenz\u00f3 a competir a los 11 a\u00f1os y en 2015 se uni\u00f3 a la estructura del<strong> Club Ciclista Padron\u00e9s,<\/strong> donde se form\u00f3 como corredor en las categor\u00edas infantil, cadete y juvenil.<\/p>\n<p data-mrf-recirculation=\"Links P\u00e1rrafos\" class=\"ue-c-article__paragraph paragraph\">Posteriormente, pas\u00f3 por el <strong>Bembibre leon\u00e9s, <\/strong>ganando varias carreras como junior y la general de la Copa de Galicia en su primer a\u00f1o como sub-23 y en 2023 regres\u00f3 a su casa, el<strong> Equipo Cortizo,<\/strong> donde se ha formado como persona y como ciclista las \u00faltimas tres temporadas.<\/p>\n<p data-mrf-recirculation=\"Links P\u00e1rrafos\" class=\"ue-c-article__paragraph paragraph\">En su primer a\u00f1o con el equipo gallego, gan\u00f3 la <strong>Volta o Baixo Minho,<\/strong> acab\u00f3 segundo en el <strong>Gran Premio Cidade de Vigo<\/strong> por detr\u00e1s de su compa\u00f1ero <strong>Sergio Chumil<\/strong> y cerr\u00f3 el curso por todo lo alto ganando la carrera de casa, la dur\u00edsima Volta a Galicia.<\/p>\n<p data-mrf-recirculation=\"Links P\u00e1rrafos\" class=\"ue-c-article__paragraph paragraph\">En 2024, su mayor logro fue el tercer puesto en la prueba en ruta del <strong>Campeonato de Espa\u00f1a sub-23 disputado en San Lorenzo de El Escorial<\/strong>, carrera conquistada por su compa\u00f1ero<strong> Hugo de la Calle,<\/strong> tambi\u00e9n gan\u00f3 una etapa en la<strong> Vuelta a Salamanca,<\/strong> donde acabar\u00eda tercero en la general, y repiti\u00f3 triunfo en el <strong>Gran Premio Cidade de Vigo.<\/strong><\/p>\n<p data-mrf-recirculation=\"Links P\u00e1rrafos\" class=\"ue-c-article__paragraph paragraph\">Adem\u00e1s, brill\u00f3 en el calendario portugu\u00e9s, acariciando el podio con una cuarta plaza en la <strong>Prova de Abertura <\/strong>y logrando el maillot del mejor joven en el <strong>Gran Premio Anicolor.<\/strong> En vista de su buena trayectoria, el <strong>Burgos Burpellet BH <\/strong>le dio la oportunidad de correr como stagiaire en el <strong>Tour de Langkawi,<\/strong> como paso previo a su futuro fichaje.<\/p>\n<p data-mrf-recirculation=\"Links P\u00e1rrafos\" class=\"ue-c-article__paragraph paragraph\">Su progresi\u00f3n ha continuado en 2025, destacando en una gran variedad de terrenos, pues se proclam\u00f3 vencedor de la <strong>Vuelta a Castilla y Le\u00f3n<\/strong>y se impuso en la prestigiosa<strong> Santikutz Klasika de Legazpi <\/strong>y la regularidad en la <strong>Copa de Espa\u00f1a \u00c9lite y Sub-23,<\/strong> acabando en el top-10 de la <strong>Aiztondo Klasika, el Gran Premio de Ontur, la Cl\u00e1sica de Torredonjimeno, la Cl\u00e1sica de Valladolid, el Memorial Valenciaga o la Vigo-Copa de Espa\u00f1a, <\/strong>le permiti\u00f3 pelear hasta el final por la clasificaci\u00f3n general del torneo, finalizando en segunda posici\u00f3n.<\/p>\n<p data-mrf-recirculation=\"Links P\u00e1rrafos\" class=\"ue-c-article__paragraph paragraph\">Adem\u00e1s, fue convocado por la selecci\u00f3n espa\u00f1ola para correr la Carrera de la Paz y compiti\u00f3 con el Equipo Cortizo en pruebas UCI sub-23 de mucho nivel como la Ronde de l&#8217;Isard, el Giro del Belvedere o el GP Palio del Recioto, sumando una importante experiencia en el pelot\u00f3n internacional.<\/p>\n","protected":false},"excerpt":{"rendered":"El Burgos Burpellet BH incorporar\u00e1 la pr\u00f3xima temporada a sus filas a una de las grandes promesas del&hellip;\n","protected":false},"author":2,"featured_media":231367,"comment_status":"","ping_status":"","sticky":false,"template":"","format":"standard","meta":{"footnotes":""},"categories":[273],"tags":[313,312,168,25,24,23,167],"class_list":{"0":"post-231366","1":"post","2":"type-post","3":"status-publish","4":"format-standard","5":"has-post-thumbnail","7":"category-ciclismo","8":"tag-ciclismo","9":"tag-cycling","10":"tag-deportes","11":"tag-es","12":"tag-espana","13":"tag-spain","14":"tag-sports"},"share_on_mastodon":{"url":"https:\/\/pubeurope.com\/@es\/115534159367178205","error":""},"_links":{"self":[{"href":"https:\/\/www.europesays.com\/es\/wp-json\/wp\/v2\/posts\/231366","targetHints":{"allow":["GET"]}}],"collection":[{"href":"https:\/\/www.europesays.com\/es\/wp-json\/wp\/v2\/posts"}],"about":[{"href":"https:\/\/www.europesays.com\/es\/wp-json\/wp\/v2\/types\/post"}],"author":[{"embeddable":true,"href":"https:\/\/www.europesays.com\/es\/wp-json\/wp\/v2\/users\/2"}],"replies":[{"embeddable":true,"href":"https:\/\/www.europesays.com\/es\/wp-json\/wp\/v2\/comments?post=231366"}],"version-history":[{"count":0,"href":"https:\/\/www.europesays.com\/es\/wp-json\/wp\/v2\/posts\/231366\/revisions"}],"wp:featuredmedia":[{"embeddable":true,"href":"https:\/\/www.europesays.com\/es\/wp-json\/wp\/v2\/media\/231367"}],"wp:attachment":[{"href":"https:\/\/www.europesays.com\/es\/wp-json\/wp\/v2\/media?parent=231366"}],"wp:term":[{"taxonomy":"category","embeddable":true,"href":"https:\/\/www.europesays.com\/es\/wp-json\/wp\/v2\/categories?post=231366"},{"taxonomy":"post_tag","embeddable":true,"href":"https:\/\/www.europesays.com\/es\/wp-json\/wp\/v2\/tags?post=231366"}],"curies":[{"name":"wp","href":"https:\/\/api.w.org\/{rel}","templated":true}]}}