{"id":231368,"date":"2025-11-12T01:36:08","date_gmt":"2025-11-12T01:36:08","guid":{"rendered":"https:\/\/www.europesays.com\/es\/231368\/"},"modified":"2025-11-12T01:36:08","modified_gmt":"2025-11-12T01:36:08","slug":"okeke-se-diluye-en-el-madrid","status":"publish","type":"post","link":"https:\/\/www.europesays.com\/es\/231368\/","title":{"rendered":"Okeke se diluye en el Madrid"},"content":{"rendered":"<p class=\"\">El <b>Madrid<\/b> sum\u00f3 su quinta derrota de la temporada en la <b>Euroliga<\/b> en <b>Valencia<\/b>, ante un rival que cogi\u00f3 la delantera en el marcador a mediados del segundo cuarto (32-30) para no soltarla hasta el <a href=\"https:\/\/as.com\/baloncesto\/euroliga\/el-valencia-esta-de-moda-f202511-n\/\" target=\"_self\" rel=\"nofollow noopener\" title=\"https:\/\/as.com\/baloncesto\/euroliga\/el-valencia-esta-de-moda-f202511-n\/\">89-76<\/a>.<\/p>\n<p class=\"\">A pesar de este tropiezo, que deja a los blancos con un balance de 5-5 en la clasificaci\u00f3n, el <b>Real<\/b> mantiene la buena noticia de <b>Trey Lyles<\/b>. El canadiense sigue en un estado de forma incre\u00edble y cerr\u00f3 en el <b>Roig Arena<\/b> con 23 puntos y 9 rebotes para 24 de valoraci\u00f3n en 27:11 en cancha. Tampoco estuvo mal <b>Theo Maledon<\/b>: 14 tantos, 3 capturas, 5 asistencias y 7 faltas sacadas a su rival para 22 de valoraci\u00f3n. Todo ello en 23:18 en pista. <\/p>\n<p class=\"\">Dos fichajes veraniegos que crecen y que ganan peso y minutos sobre el parqu\u00e9. Un camino hacia adelante que choca con los pasos atr\u00e1s de otra adquisici\u00f3n estival como <b>Chuma Okeke<\/b>. <\/p>\n<p class=\"\">El ala-p\u00edvot (27 a\u00f1os y 2,01 m) fue una de las grandes noticias del inicio de curso para el <b>Madrid<\/b>. El estadounidense impact\u00f3 en sus primeros pasos en la <b>Euroliga<\/b>. Buena defensa y capacidad de cerrar agujeros, su fuerza en el rebote era un gran activo para <b>Scariolo<\/b>: 7 contra la <b>Virtus<\/b>, 5 frente al <b>Asvel<\/b> y el <b>Partiz\u00e1n<\/b>, y 8 ante el <b>Estrella Roja<\/b>.<\/p>\n<p class=\"\">En ataque tambi\u00e9n destacaba. Era un recurso m\u00e1s que aceptable. Ten\u00eda puntos y mano. Super\u00f3 tres veces la decena de tantos en los cinco primeros partidos de la campa\u00f1a europea. Fueron 17 contra el <b>Asvel<\/b> con un 4 de 4 desde el triple, 14 frente al <b>Partiz\u00e1n<\/b> con un 4 de 6 y 16 ante el <b>Estrella Roja<\/b> con un 2 de 3. <\/p>\n<p class=\"\">En ese lapso, solo contra el <b>Olympiacos<\/b> en la segunda jornada se qued\u00f3 por debajo de los 20 minutos con 11:37. En los otros cuatro, promedi\u00f3 22 minutos.<\/p>\n<p class=\"\">Pero el crecimiento de <b>Lyles<\/b>, en su misma posici\u00f3n, le ha arrebatado presencia y frente al <b>Valencia<\/b> enlaz\u00f3 su cuarto partido por debajo de los 17 minutos. En el <b>Roig Arena<\/b> estuvo 12:49 para 2 puntos y 4 rebotes para 2 de valoraci\u00f3n.<\/p>\n<p class=\"\">En <b>Belgrado<\/b>, ante el <b>Maccabi,<\/b> fueron 12:07 y en <b>M\u00fanich<\/b>, contra el <b>Bayern<\/b>, 14:04. En el <b>Palau<\/b>, frente al <b>Barcelona<\/b>, jug\u00f3 16:05. Su papel en la <b>Ciudad Condal<\/b> estuvo muy condicionado por un esguince de tobillo hab\u00eda reci\u00e9n superado que no le permiti\u00f3 estar ante el <b>Fenerbah\u00e7e<\/b>. En este tr\u00edo de partidos hizo 3 tantos, todos desde el triple, y se qued\u00f3 por debajo de los 5 de valoraci\u00f3n. <\/p>\n<p class=\"\">En estos \u00faltimos cuatro encuentros, <b>Okeke<\/b> ha promediado as\u00ed 13 minutos. Es decir, nueve menos que en el comienzo de la temporada. Una ca\u00edda que puede ser simplemente temporal. Veremos.<\/p>\n<p>Noticias relacionadas<\/p>\n<p class=\"\"><b>\u00a1Tus opiniones importan!<\/b><\/p>\n<p class=\"\">Comenta en los art\u00edculos y suscr\u00edbete gratis a nuestra <a href=\"https:\/\/asfan.as.com\/newsletters\/\" target=\"_blank\" rel=\"nofollow noopener\" title=\"https:\/\/asfan.as.com\/newsletters\/\">newsletter<\/a> y a las alertas informativas en la <a href=\"https:\/\/as.com\/aplicacion-de-as-n\/\" target=\"_blank\" rel=\"nofollow noopener\" title=\"https:\/\/as.com\/aplicacion-de-as-n\/\">App<\/a> o el canal de <a href=\"https:\/\/www.whatsapp.com\/channel\/0029VaAasdA7j6g745nz9M10\" target=\"_blank\" rel=\"nofollow noopener\" title=\"https:\/\/www.whatsapp.com\/channel\/0029VaAasdA7j6g745nz9M10\">WhatsApp<\/a>. \u00bfBuscas licenciar contenido? Haz clic <a href=\"https:\/\/profesional.elpais.com\/soluciones-sindicacion?utm_medium=interno&amp;utm_source=crosslinking&amp;utm_campaign=sindicacion_as_pie_articulos\" target=\"_blank\" rel=\"nofollow noopener\" title=\"https:\/\/profesional.elpais.com\/soluciones-sindicacion?utm_medium=interno&amp;utm_source=crosslinking&amp;utm_campaign=sindicacion_as_pie_articulos\">aqu\u00ed<\/a><\/p>\n","protected":false},"excerpt":{"rendered":"El Madrid sum\u00f3 su quinta derrota de la temporada en la Euroliga en Valencia, ante un rival que&hellip;\n","protected":false},"author":2,"featured_media":231369,"comment_status":"","ping_status":"","sticky":false,"template":"","format":"standard","meta":{"footnotes":""},"categories":[269],"tags":[299,298,168,25,24,23,167],"class_list":{"0":"post-231368","1":"post","2":"type-post","3":"status-publish","4":"format-standard","5":"has-post-thumbnail","7":"category-baloncesto","8":"tag-baloncesto","9":"tag-basketball","10":"tag-deportes","11":"tag-es","12":"tag-espana","13":"tag-spain","14":"tag-sports"},"share_on_mastodon":{"url":"https:\/\/pubeurope.com\/@es\/115534167005507519","error":""},"_links":{"self":[{"href":"https:\/\/www.europesays.com\/es\/wp-json\/wp\/v2\/posts\/231368","targetHints":{"allow":["GET"]}}],"collection":[{"href":"https:\/\/www.europesays.com\/es\/wp-json\/wp\/v2\/posts"}],"about":[{"href":"https:\/\/www.europesays.com\/es\/wp-json\/wp\/v2\/types\/post"}],"author":[{"embeddable":true,"href":"https:\/\/www.europesays.com\/es\/wp-json\/wp\/v2\/users\/2"}],"replies":[{"embeddable":true,"href":"https:\/\/www.europesays.com\/es\/wp-json\/wp\/v2\/comments?post=231368"}],"version-history":[{"count":0,"href":"https:\/\/www.europesays.com\/es\/wp-json\/wp\/v2\/posts\/231368\/revisions"}],"wp:featuredmedia":[{"embeddable":true,"href":"https:\/\/www.europesays.com\/es\/wp-json\/wp\/v2\/media\/231369"}],"wp:attachment":[{"href":"https:\/\/www.europesays.com\/es\/wp-json\/wp\/v2\/media?parent=231368"}],"wp:term":[{"taxonomy":"category","embeddable":true,"href":"https:\/\/www.europesays.com\/es\/wp-json\/wp\/v2\/categories?post=231368"},{"taxonomy":"post_tag","embeddable":true,"href":"https:\/\/www.europesays.com\/es\/wp-json\/wp\/v2\/tags?post=231368"}],"curies":[{"name":"wp","href":"https:\/\/api.w.org\/{rel}","templated":true}]}}