{"id":231370,"date":"2025-11-12T01:37:08","date_gmt":"2025-11-12T01:37:08","guid":{"rendered":"https:\/\/www.europesays.com\/es\/231370\/"},"modified":"2025-11-12T01:37:08","modified_gmt":"2025-11-12T01:37:08","slug":"el-betis-ya-reconoce-que-la-obra-del-nuevo-villamarin-puede-alargarse-hasta-una-tercera-temporada","status":"publish","type":"post","link":"https:\/\/www.europesays.com\/es\/231370\/","title":{"rendered":"El Betis ya reconoce que la obra del Nuevo Villamar\u00edn puede alargarse hasta una tercera temporada"},"content":{"rendered":"<p style=\"\">El<a href=\"https:\/\/www.realbetisbalompie.es\" target=\"_blank\" data-voc-vtm-id=\"in-text-traffic\" title=\" Real Betis\" data-mrf-link=\"www.realbetisbalompie.es\" rel=\"nofollow noopener\"> Real Betis<\/a> ya <strong>reconoce<\/strong> que la <strong>obra del nuevo Benito Villamar\u00edn se alargar\u00e1 a m\u00e1s de dos temporadas<\/strong>, por lo tanto asume que <strong>una tercera campa\u00f1a<\/strong> estar\u00e1 fuera de Heli\u00f3polis en el estadio de la Cartuja. <strong>Ozgur Unay<\/strong>, consejero  &#8230; del club encargado de infraestructuras, y <strong>Federico Mart\u00ednez Feria<\/strong>, director general, han comparecido en <strong>Betis TV<\/strong> para informar de c\u00f3mo marcha la obra de la Preferencia y posterior remodelaci\u00f3n completa de la zona exterior y la explanada, despu\u00e9s de que hace dos domingos, seg\u00fan avanz\u00f3 El Espa\u00f1ol, la entidad abriera un proceso de negociaci\u00f3n directa con varias constructoras toda vez que no se aceptaron las propuestas planteadas en el concurso para la adjudicaci\u00f3n de las mismas.<\/p>\n<p class=\"voc-p\" style=\"\">El club b\u00e9tico asume que todo se alargar\u00e1 m\u00e1s tiempo de las dos temporadas inicialmente previstas: \u00abInicialmente nuestro plan estrat\u00e9gico y nuestro plan de acci\u00f3n <strong>ten\u00eda previsto ejecutar el proyecto en dos temporadas<\/strong>. La idea finalmente permanece, pero es verdad que dada la situaci\u00f3n y los plazos que tenemos, <strong>es probable que est\u00e9 por encima de dos temporadas<\/strong>. Esto ya estaba previsto, <strong>ya se hab\u00eda incluido en el contrato con la Cartuja esta posibilidad<\/strong>, pues hab\u00eda desde el inicio<strong> algunos aspectos e incertidumbres que no depend\u00edan expresamente del Betis<\/strong> y ah\u00ed tuvimos, por motivos de prudencia, que considerar esta posibilidad que parece que vamos a tener que confirmar una vez que recibamos la propuesta final de la constructora, pues una de sus entregables ser\u00e1 un cronograma acorde con nuestras necesidades y nuestras pretensiones\u00ab, reconoc\u00eda Mart\u00ednez Feria.<\/p>\n<p class=\"voc-p\" style=\"\"> Ozgur Unay explicaba, sobre el proceso, que \u00abha acabado la parte vistosa de la demolici\u00f3n, que es el derribo de una grada de 45 metros de altura, pero esto no ha acabado, queda la retirada de miles de toneladas de escombros, y ahora empieza el trabajo importante, pues ahora hay que reciclar y aprovechar todo por cuestiones medioambientales\u00bb, mientras que Mart\u00ednez Feria apostillaba que <strong>\u00abhasta finales de a\u00f1o seguimos con la fase de demolici\u00f3n de la grada de Preferencia y en el primer trimestre de 2026 empezaremos la de excavaci\u00f3n<\/strong>. La obra no para y sigue su ritmo\u00ab. <\/p>\n<p class=\"voc-p\" style=\"\">El consejero encargado de infraestructuras continuaba relatando que \u00aba partir de este momento abrimos un proceso colaborativo, que es bastante com\u00fan en este tipo de obras, al tiempo que estamos terminando la demolici\u00f3n, por lo que la obra en ning\u00fan momento ha parado ni va a parar, pues al final es enlazar una cosa con la otra: las previsiones en cuanto a cronograma y planificaci\u00f3n es que este proceso tenga como resultado un adjudicatario en el primer trimestre de 2026, y acto seguido a la terminaci\u00f3n de la demolici\u00f3n empecemos con la pantalla de contenci\u00f3n y a su vez tambi\u00e9n sigamos con la mejora del proyecto. <strong>Vamos dentro de los plazos previstos con la demolici\u00f3n y el siguiente paso es comenzar con la pantalla perimetral de contenci\u00f3n para el aparcamiento<\/strong> y los s\u00f3tanos de la grada. Ahora vamos a abrir un <strong>proceso nuevo para licita<\/strong>r tanto esa pantalla de contenci\u00f3n como el resto del proyecto, que va a ser un <strong>proyecto colaborativo<\/strong>, que nuestra intenci\u00f3n es que lo lleve a cabo la misma empresa\u00ab, finaliz\u00f3 Ozgur Unay.<\/p>\n","protected":false},"excerpt":{"rendered":"El Real Betis ya reconoce que la obra del nuevo Benito Villamar\u00edn se alargar\u00e1 a m\u00e1s de dos&hellip;\n","protected":false},"author":2,"featured_media":231371,"comment_status":"","ping_status":"","sticky":false,"template":"","format":"standard","meta":{"footnotes":""},"categories":[268],"tags":[60515,291,168,25,24,280,282,524,4125,789,5118,281,23,167,1152,2393,60514],"class_list":{"0":"post-231370","1":"post","2":"type-post","3":"status-publish","4":"format-standard","5":"has-post-thumbnail","7":"category-futbol","8":"tag-alargarse","9":"tag-betis","10":"tag-deportes","11":"tag-es","12":"tag-espana","13":"tag-football","14":"tag-futbol","15":"tag-nuevo","16":"tag-obra","17":"tag-puede","18":"tag-reconoce","19":"tag-soccer","20":"tag-spain","21":"tag-sports","22":"tag-temporada","23":"tag-tercera","24":"tag-villamarin"},"share_on_mastodon":{"url":"https:\/\/pubeurope.com\/@es\/115534170944676131","error":""},"_links":{"self":[{"href":"https:\/\/www.europesays.com\/es\/wp-json\/wp\/v2\/posts\/231370","targetHints":{"allow":["GET"]}}],"collection":[{"href":"https:\/\/www.europesays.com\/es\/wp-json\/wp\/v2\/posts"}],"about":[{"href":"https:\/\/www.europesays.com\/es\/wp-json\/wp\/v2\/types\/post"}],"author":[{"embeddable":true,"href":"https:\/\/www.europesays.com\/es\/wp-json\/wp\/v2\/users\/2"}],"replies":[{"embeddable":true,"href":"https:\/\/www.europesays.com\/es\/wp-json\/wp\/v2\/comments?post=231370"}],"version-history":[{"count":0,"href":"https:\/\/www.europesays.com\/es\/wp-json\/wp\/v2\/posts\/231370\/revisions"}],"wp:featuredmedia":[{"embeddable":true,"href":"https:\/\/www.europesays.com\/es\/wp-json\/wp\/v2\/media\/231371"}],"wp:attachment":[{"href":"https:\/\/www.europesays.com\/es\/wp-json\/wp\/v2\/media?parent=231370"}],"wp:term":[{"taxonomy":"category","embeddable":true,"href":"https:\/\/www.europesays.com\/es\/wp-json\/wp\/v2\/categories?post=231370"},{"taxonomy":"post_tag","embeddable":true,"href":"https:\/\/www.europesays.com\/es\/wp-json\/wp\/v2\/tags?post=231370"}],"curies":[{"name":"wp","href":"https:\/\/api.w.org\/{rel}","templated":true}]}}