{"id":231388,"date":"2025-11-12T01:50:09","date_gmt":"2025-11-12T01:50:09","guid":{"rendered":"https:\/\/www.europesays.com\/es\/231388\/"},"modified":"2025-11-12T01:50:09","modified_gmt":"2025-11-12T01:50:09","slug":"page-rompe-el-muro-de-sanchez-y-logra-que-psoe-y-pp-voten-juntos-en-el-congreso","status":"publish","type":"post","link":"https:\/\/www.europesays.com\/es\/231388\/","title":{"rendered":"Page rompe el muro de S\u00e1nchez y logra que PSOE y PP voten juntos en el Congreso"},"content":{"rendered":"\n<p> En una realidad pol\u00edtica en la que el Gobierno ha levantado <a href=\"https:\/\/www.elconfidencial.com\/espana\/2023-11-15\/sanchez-plantea-su-gobierno-alternativa-derecha-odio_3774405\/\" target=\"_self\" rel=\"nofollow noopener\">un muro frente a la derecha y la ultraderecha<\/a>, lo cual en la pr\u00e1ctica<strong> impide sellar cualquier acuerdo<\/strong> con la oposici\u00f3n, el presidente de Castilla-La Mancha, el socialista cr\u00edtico con S\u00e1nchez<strong> Emiliano Garc\u00eda-Page<\/strong>, y el presidente del PP regional, Paco N\u00fa\u00f1ez, han conseguido que este martes el Congreso tome en consideraci\u00f3n el nuevo estatuto de autonom\u00eda de su regi\u00f3n. <\/p>\n<p> Ante el pleno del Congreso de los Diputados, que este martes debat\u00eda la toma en consideraci\u00f3n del juego estatuto, Page ha defendido la importancia de aprobar una norma que <strong>\u00abhace a Espa\u00f1a mejor\u00bb<\/strong>, entre otras cosas porque es fruto de <a href=\"https:\/\/www.elconfidencial.com\/espana\/2023-08-30\/feijoo-reclama-ante-sanchez-gobernar_3726127\/\" target=\"_self\" rel=\"nofollow noopener\">un acuerdo de consenso entre PP y PSOE<\/a>. Con un discurso netamente autonomista, Garc\u00eda-Page ha resaltado <strong>el \u00abconsenso ampl\u00edsimo\u00bb alcanzado<\/strong>, ni m\u00e1s ni menos que del 100% \u201cde los que creemos en la autonom\u00eda y el Estado auton\u00f3mico\u00bb. <\/p>\n<p> \u201cYo tengo mayor\u00eda absoluta, podr\u00edamos haberlo aprobado con la mayor\u00eda absoluta del PSOE en Castilla-La Mancha y venir aqu\u00ed a debatir, saliera o no saliera. Pero hemos querido <strong>que haya consenso pol\u00edtico<\/strong> y no solo con eso, sino consenso social, porque podr\u00edamos haber arbitrado un procedimiento m\u00e1s r\u00e1pido, no haber hablado con nadie y simplemente con la legitimidad que dan las elecciones auton\u00f3micas, <strong>pero hemos querido hablar con mucha gente y escuchar<\/strong>\u201d, ha explicado. <\/p>\n<p>              <img decoding=\"async\" class=\"inTextNews__img\" alt=\"Foto: sanchez-financiacion-autonomica-junts-calendario-negociacion\" src=\"https:\/\/www.europesays.com\/es\/wp-content\/uploads\/2025\/11\/f.elconfidencial.com\/original\/e21\/495\/ad3\/e21495ad33953658906d4b05f05a7377.jpg\"  \/>     <\/p>\n<p>TE PUEDE INTERESAR<\/p>\n<p>      <a class=\"inTextNews__title\" href=\"https:\/\/www.elconfidencial.com\/espana\/cataluna\/2025-11-07\/sanchez-financiacion-autonomica-junts-calendario-negociacion_4242046\/\" onclick=\"window.ECCO.emit(&#039;amplitude&#039;, { dataEventName: &#039;click_related_article_module&#039;, data: { related_article_url: &#039;https:\/\/www.elconfidencial.com\/espana\/cataluna\/2025-11-07\/sanchez-financiacion-autonomica-junts-calendario-negociacion_4242046\/&#039;, related_article_author: &#039;Marcos Lamelas&#039;, related_article_section: &#039;cataluna&#039; } })\" rel=\"nofollow noopener\" target=\"_blank\"> S\u00e1nchez retar\u00e1 a Junts a rechazar la nueva financiaci\u00f3n: 4.500 M anuales para Catalu\u00f1a <\/a>   <\/p>\n<p>    Marcos Lamelas. Barcelona   <\/p>\n<p> Aunque <a href=\"https:\/\/www.elconfidencial.com\/espana\/2025-06-18\/page-salida-digna-sanchez-mucho-saberse-psoe_4153808\/\" target=\"_self\" rel=\"nofollow noopener\">sin referirse expl\u00edcitamente a Pedro S\u00e1nchez<\/a>, las palabras de Page adquieren sentido en una legislatura en la que el Gobierno de Espa\u00f1a ha concedido importantes cesiones a los independentistas catalanes. Es m\u00e1s, con la actual incertidumbre pol\u00edtica ante<strong> la ruptura de Junts con el Gobierno<\/strong>, Page ironiz\u00f3 que esta \u00abpuede que sea la \u00fanica ley que se apruebe en los pr\u00f3ximos meses\u00bb. La toma en consideraci\u00f3n ha salido adelante con 238 a favor, 34 en contra y 13 abstenciones sobre 335 votos. <\/p>\n<p>               Paco N\u00fa\u00f1ez y Emiliano Garc\u00eda-Page. (EP)             <\/p>\n<p> Por su parte, N\u00fa\u00f1ez ha asegurado que en este nuevo texto, <a href=\"https:\/\/www.elconfidencial.com\/espana\/2018-10-07\/francisco-nunez-reemplaza-a-cospedal-al-frente-del-pp-de-castilla-la-mancha_1626745\/\" target=\"_self\" rel=\"nofollow noopener\">Castilla-La Mancha \u00abno pide privilegios, pide igualdad<\/a>; no reclama agravios, reclama oportunidades; no exige imposibles, pide justicia\u00bb. En este sentido, ha indicado que su comunidad aut\u00f3noma \u00abno se construye contra nadie, <strong>se hace con todos<\/strong>\u00abhttps:\/\/www.elconfidencial.com\/espana\/2025-11-11\/page-rompe-el-muro-de-sanchez-y-logra-que-psoe-y-pp-voten-juntos-en-el-congreso_4245703\/.\u00bbEse es el esp\u00edritu que inspira este Estatuto y ser\u00e1 <strong>la fuerza que impulse nuestro futuro<\/strong>\u00ab, ha indicado, informa EP. <\/p>\n<p>            \u00abUna nueva estafa\u00bb           <\/p>\n<p> Sin embargo, el consenso entre el PP y el PSOE no ha encontrado acomodo en los partidos situados a sus extremos. El portavoz Vox en el Congreso, <strong>Manuel Mariscal<\/strong>, ha justificado su voto en contra por considerarlo \u00ab<strong>una nueva estafa del bipartidismo<\/strong>\u00bb que \u00abnunca nadie ha pedido\u00bb en esa regi\u00f3n y ha escenificado, rompiendo uno de los folios de su intervenci\u00f3n, lo que har\u00e1 el presidente de su partido, <a href=\"https:\/\/www.elconfidencial.com\/espana\/2025-11-09\/feijoo-abascal-valencia-ideologia-derecha-futuro_4243624\/\" target=\"_self\" rel=\"nofollow noopener\">Santiago Abascal<\/a>, cuando gobierne. <\/p>\n<p> Mariscal, durante su intervenci\u00f3n en el Congreso en la toma en consideraci\u00f3n del Estatuto castellanomanchego, ha acusado que \u00abcada vez <strong>son m\u00e1s las mentiras y las traiciones<\/strong> del PP y del PSOE\u00bb, que, como \u00abpol\u00edticos del bipartidismo utilizan las instituciones para servirse a ellos mismos y no para servir al conjunto del pueblo espa\u00f1ol\u00bb. <\/p>\n<p> Tampoco ha gustado a Podemos. Su coordinador auton\u00f3mico en Castilla-La Mancha, <strong>Jos\u00e9 Luis Garc\u00eda Gasc\u00f3n<\/strong>, ha considerado que el nuevo Estatuto \u00ablo \u00fanico que hace es facilitar la entrada de<a href=\"https:\/\/blogs.elconfidencial.com\/espana\/una-cierta-mirada\/2025-10-03\/extrema-derecha-europa-elecciones-1hms_4220963\/\" target=\"_self\" rel=\"nofollow noopener\"> la derecha y la extrema derecha<\/a> a las instituciones\u00bb. <\/p>\n<p> Finalmente, el Estatuto ha sido tomado en consideraci\u00f3n con el foto afirmativo del PP y del PSOE, la abtenci\u00f3n de ERC, Podemos, BNG y Comprom\u00eds, la abstenci\u00f3n y el tovo en contra de Vox y UPN. UPN y Junts, decidieron no participar. en la votaci\u00f3n.  <\/p>\n<p> En una realidad pol\u00edtica en la que el Gobierno ha levantado <a href=\"https:\/\/www.elconfidencial.com\/espana\/2023-11-15\/sanchez-plantea-su-gobierno-alternativa-derecha-odio_3774405\/\" target=\"_self\" rel=\"nofollow noopener\">un muro frente a la derecha y la ultraderecha<\/a>, lo cual en la pr\u00e1ctica<strong> impide sellar cualquier acuerdo<\/strong> con la oposici\u00f3n, el presidente de Castilla-La Mancha, el socialista cr\u00edtico con S\u00e1nchez<strong> Emiliano Garc\u00eda-Page<\/strong>, y el presidente del PP regional, Paco N\u00fa\u00f1ez, han conseguido que este martes el Congreso tome en consideraci\u00f3n el nuevo estatuto de autonom\u00eda de su regi\u00f3n. <\/p>\n","protected":false},"excerpt":{"rendered":"En una realidad pol\u00edtica en la que el Gobierno ha levantado un muro frente a la derecha y&hellip;\n","protected":false},"author":2,"featured_media":231389,"comment_status":"","ping_status":"","sticky":false,"template":"","format":"standard","meta":{"footnotes":""},"categories":[8],"tags":[17,18,25,24,13,14,11,19,20,9,10,15,16,23,12,21,22],"class_list":{"0":"post-231388","1":"post","2":"type-post","3":"status-publish","4":"format-standard","5":"has-post-thumbnail","7":"category-espana","8":"tag-breaking-news","9":"tag-breakingnews","10":"tag-es","11":"tag-espana","12":"tag-featured-news","13":"tag-featurednews","14":"tag-headlines","15":"tag-latest-news","16":"tag-latestnews","17":"tag-news","18":"tag-noticias","19":"tag-noticias-destacadas","20":"tag-noticiasdestacadas","21":"tag-spain","22":"tag-titulares","23":"tag-ultimas-noticias","24":"tag-ultimasnoticias"},"share_on_mastodon":{"url":"https:\/\/pubeurope.com\/@es\/115534222223515294","error":""},"_links":{"self":[{"href":"https:\/\/www.europesays.com\/es\/wp-json\/wp\/v2\/posts\/231388","targetHints":{"allow":["GET"]}}],"collection":[{"href":"https:\/\/www.europesays.com\/es\/wp-json\/wp\/v2\/posts"}],"about":[{"href":"https:\/\/www.europesays.com\/es\/wp-json\/wp\/v2\/types\/post"}],"author":[{"embeddable":true,"href":"https:\/\/www.europesays.com\/es\/wp-json\/wp\/v2\/users\/2"}],"replies":[{"embeddable":true,"href":"https:\/\/www.europesays.com\/es\/wp-json\/wp\/v2\/comments?post=231388"}],"version-history":[{"count":0,"href":"https:\/\/www.europesays.com\/es\/wp-json\/wp\/v2\/posts\/231388\/revisions"}],"wp:featuredmedia":[{"embeddable":true,"href":"https:\/\/www.europesays.com\/es\/wp-json\/wp\/v2\/media\/231389"}],"wp:attachment":[{"href":"https:\/\/www.europesays.com\/es\/wp-json\/wp\/v2\/media?parent=231388"}],"wp:term":[{"taxonomy":"category","embeddable":true,"href":"https:\/\/www.europesays.com\/es\/wp-json\/wp\/v2\/categories?post=231388"},{"taxonomy":"post_tag","embeddable":true,"href":"https:\/\/www.europesays.com\/es\/wp-json\/wp\/v2\/tags?post=231388"}],"curies":[{"name":"wp","href":"https:\/\/api.w.org\/{rel}","templated":true}]}}