{"id":231394,"date":"2025-11-12T01:59:08","date_gmt":"2025-11-12T01:59:08","guid":{"rendered":"https:\/\/www.europesays.com\/es\/231394\/"},"modified":"2025-11-12T01:59:08","modified_gmt":"2025-11-12T01:59:08","slug":"el-real-madrid-firma-bajo-protesta-pero-no-explica-en-el-acta-los-motivos","status":"publish","type":"post","link":"https:\/\/www.europesays.com\/es\/231394\/","title":{"rendered":"El Real Madrid firma bajo protesta pero no explica en el acta los motivos"},"content":{"rendered":"<p data-gtm-element-container=\"modulo-texto-link\" class=\"paragraph\">El <strong>Real Madrid firm\u00f3 bajo protesta el acta<\/strong> del encuentro que disput\u00f3 este martes en la pista del <strong>Valencia Basket <\/strong>en la Euroliga aunque<strong> no complet\u00f3 en el documento los motivos por los cuales lo hizo<\/strong>, seg\u00fan pudo saber <strong>EFE <\/strong>por fuentes conocedoras de la situaci\u00f3n.<\/p>\n<p>    Lee tambi\u00e9n<\/p>\n<p data-gtm-element-container=\"modulo-texto-link\" class=\"paragraph\">Seg\u00fan indic\u00f3 su t\u00e9cnico,<strong> Sergio Scariolo<\/strong>, en la rueda de prensa posterior al encuentro, en los \u00faltimos segundos de la primera parte <strong>solicit\u00f3 un tiempo muerto<\/strong> que le habr\u00eda permitido <strong>preparar una \u00faltima jugada de 4,9 segundos<\/strong> pero aunque <strong>la mesa lo concedi\u00f3 los \u00e1rbitros no lo hicieron.<\/strong><\/p>\n<p data-gtm-element-container=\"modulo-texto-link\" class=\"paragraph\">Tras ver rechazadas sus protestas en ese momento,<strong> el entrenador italiano las retom\u00f3 antes de iniciarse el tercer cuarto<\/strong>. \u00abYo dec\u00eda que se hab\u00eda cometido un error y los oficiales de mesa lo ratificaban pero (los \u00e1rbitros) no han considerado que deb\u00edan rectificar el error\u00bb, desliz\u00f3.<\/p>\n<p data-gtm-element-container=\"modulo-texto-link\" class=\"paragraph\">En ese momento, seg\u00fan pudo saber EFE,<strong> Scariolo se situ\u00f3 tras la mesa de anotadores<\/strong> y <strong>firm\u00f3 el acta baja protesta <\/strong>antes de que se retomara el encuentro pero<strong> no expuso las razones por escrito<\/strong>. El tr\u00edo arbitral <strong>le dio la opci\u00f3n de hacerlo al finalizar el choque<\/strong> pero el t\u00e9cnico tambi\u00e9n rehus\u00f3 completar el tr\u00e1mite.<\/p>\n","protected":false},"excerpt":{"rendered":"El Real Madrid firm\u00f3 bajo protesta el acta del encuentro que disput\u00f3 este martes en la pista del&hellip;\n","protected":false},"author":2,"featured_media":231395,"comment_status":"","ping_status":"","sticky":false,"template":"","format":"standard","meta":{"footnotes":""},"categories":[269],"tags":[299,298,168,25,24,23,167],"class_list":{"0":"post-231394","1":"post","2":"type-post","3":"status-publish","4":"format-standard","5":"has-post-thumbnail","7":"category-baloncesto","8":"tag-baloncesto","9":"tag-basketball","10":"tag-deportes","11":"tag-es","12":"tag-espana","13":"tag-spain","14":"tag-sports"},"share_on_mastodon":{"url":"https:\/\/pubeurope.com\/@es\/115534257498869589","error":""},"_links":{"self":[{"href":"https:\/\/www.europesays.com\/es\/wp-json\/wp\/v2\/posts\/231394","targetHints":{"allow":["GET"]}}],"collection":[{"href":"https:\/\/www.europesays.com\/es\/wp-json\/wp\/v2\/posts"}],"about":[{"href":"https:\/\/www.europesays.com\/es\/wp-json\/wp\/v2\/types\/post"}],"author":[{"embeddable":true,"href":"https:\/\/www.europesays.com\/es\/wp-json\/wp\/v2\/users\/2"}],"replies":[{"embeddable":true,"href":"https:\/\/www.europesays.com\/es\/wp-json\/wp\/v2\/comments?post=231394"}],"version-history":[{"count":0,"href":"https:\/\/www.europesays.com\/es\/wp-json\/wp\/v2\/posts\/231394\/revisions"}],"wp:featuredmedia":[{"embeddable":true,"href":"https:\/\/www.europesays.com\/es\/wp-json\/wp\/v2\/media\/231395"}],"wp:attachment":[{"href":"https:\/\/www.europesays.com\/es\/wp-json\/wp\/v2\/media?parent=231394"}],"wp:term":[{"taxonomy":"category","embeddable":true,"href":"https:\/\/www.europesays.com\/es\/wp-json\/wp\/v2\/categories?post=231394"},{"taxonomy":"post_tag","embeddable":true,"href":"https:\/\/www.europesays.com\/es\/wp-json\/wp\/v2\/tags?post=231394"}],"curies":[{"name":"wp","href":"https:\/\/api.w.org\/{rel}","templated":true}]}}