{"id":231403,"date":"2025-11-12T02:07:12","date_gmt":"2025-11-12T02:07:12","guid":{"rendered":"https:\/\/www.europesays.com\/es\/231403\/"},"modified":"2025-11-12T02:07:12","modified_gmt":"2025-11-12T02:07:12","slug":"el-carino-al-espanyol-puede-ser-compatible-con-irme-al-barca","status":"publish","type":"post","link":"https:\/\/www.europesays.com\/es\/231403\/","title":{"rendered":"El cari\u00f1o al Espanyol puede ser compatible con irme al Bar\u00e7a"},"content":{"rendered":"<p data-mrf-recirculation=\"Links P\u00e1rrafos\" class=\"ue-c-article__paragraph paragraph ue-c-article--first-letter-highlighted\"><strong>Joan Garc\u00eda<\/strong> est\u00e1 cerca de volver a los terrenos de juego tras superar los problemas f\u00edsicos que le han tenido apartado del equipo cul\u00e9. En una entrevista con RAC1, el portero catal\u00e1n ha hablado sobre la que fue <strong>su pol\u00e9mica salida del Espanyol<\/strong> hace unos meses, cambiando el blanquiazul por el azulgrana, y ha opinado tambi\u00e9n sobre lo que supondr\u00e1 <strong>su vuelta a principios de enero al RCDE Stadium.<\/strong><\/p>\n<p data-mrf-recirculation=\"Links P\u00e1rrafos\" class=\"ue-c-article__paragraph paragraph\">El portero formado en la cantera del Espanyol <strong>explicaba los motivos del beso al escudo perico poco antes de dejar el club<\/strong>: \u201cTodo lo que he hecho, como el beso al escudo, lo he hecho porque lo sent\u00eda. He pasado muchos a\u00f1os en el Espanyol, he sufrido mucho, tambi\u00e9n he disfrutado mucho, sobre todo el \u00faltimo a\u00f1o, que fue complicado, hasta el \u00faltimo d\u00eda no pudimos salvarnos y son cosas que te salen\u201d.<\/p>\n<blockquote class=\"ue-c-article__blockquote\">\n<p>Todo lo que he hecho, como el beso al escudo, lo he hecho porque lo sent\u00eda<\/p>\n<p>Joan Garc\u00eda<\/p><\/blockquote>\n<p data-mrf-recirculation=\"Links P\u00e1rrafos\" class=\"ue-c-article__paragraph paragraph\">Adem\u00e1s, <strong>Joan Garc\u00eda explicaba que pese a decantarse por el Barcelona en verano<\/strong>, \u201cuna cosa no quita la otra, el cari\u00f1o que le tengo al Espanyol puede ser compatible con dar un paso adelante y buscar lo mejor para mi carrera\u201d. El 3 de enero, el portero volver\u00e1 a pisar el RCDE Stadium para medirse al Espanyol en una nueva edici\u00f3n del derbi de Barcelona. Esta vez, Joan Garc\u00eda defender\u00e1 otros colores.<\/p>\n<p data-mrf-recirculation=\"Links P\u00e1rrafos\" class=\"ue-c-article__paragraph paragraph\">Sobre lo que supondr\u00e1 el regreso al que fuera su estadio, <strong>el guardameta cul\u00e9 explicaba<\/strong>: \u201cBien, con ganas; \u00bfsi har\u00e9 el partido perfecto? Ojal\u00e1, eso intentaremos. La verdad es que tengo ganas de volver. Creo que ser\u00e1 diferente volver con otra camiseta, consciente tambi\u00e9n de qu\u00e9 puede pasar, pero ir\u00e9 como a cualquier partido. Intentar\u00e9 hacer el mejor partido posible e intentaremos ganar\u201d.<\/p>\n","protected":false},"excerpt":{"rendered":"Joan Garc\u00eda est\u00e1 cerca de volver a los terrenos de juego tras superar los problemas f\u00edsicos que le&hellip;\n","protected":false},"author":2,"featured_media":231404,"comment_status":"","ping_status":"","sticky":false,"template":"","format":"standard","meta":{"footnotes":""},"categories":[93],"tags":[168,25,24,23,167],"class_list":{"0":"post-231403","1":"post","2":"type-post","3":"status-publish","4":"format-standard","5":"has-post-thumbnail","7":"category-deportes","8":"tag-deportes","9":"tag-es","10":"tag-espana","11":"tag-spain","12":"tag-sports"},"share_on_mastodon":{"url":"https:\/\/pubeurope.com\/@es\/115534288837626341","error":""},"_links":{"self":[{"href":"https:\/\/www.europesays.com\/es\/wp-json\/wp\/v2\/posts\/231403","targetHints":{"allow":["GET"]}}],"collection":[{"href":"https:\/\/www.europesays.com\/es\/wp-json\/wp\/v2\/posts"}],"about":[{"href":"https:\/\/www.europesays.com\/es\/wp-json\/wp\/v2\/types\/post"}],"author":[{"embeddable":true,"href":"https:\/\/www.europesays.com\/es\/wp-json\/wp\/v2\/users\/2"}],"replies":[{"embeddable":true,"href":"https:\/\/www.europesays.com\/es\/wp-json\/wp\/v2\/comments?post=231403"}],"version-history":[{"count":0,"href":"https:\/\/www.europesays.com\/es\/wp-json\/wp\/v2\/posts\/231403\/revisions"}],"wp:featuredmedia":[{"embeddable":true,"href":"https:\/\/www.europesays.com\/es\/wp-json\/wp\/v2\/media\/231404"}],"wp:attachment":[{"href":"https:\/\/www.europesays.com\/es\/wp-json\/wp\/v2\/media?parent=231403"}],"wp:term":[{"taxonomy":"category","embeddable":true,"href":"https:\/\/www.europesays.com\/es\/wp-json\/wp\/v2\/categories?post=231403"},{"taxonomy":"post_tag","embeddable":true,"href":"https:\/\/www.europesays.com\/es\/wp-json\/wp\/v2\/tags?post=231403"}],"curies":[{"name":"wp","href":"https:\/\/api.w.org\/{rel}","templated":true}]}}