{"id":231411,"date":"2025-11-12T02:13:10","date_gmt":"2025-11-12T02:13:10","guid":{"rendered":"https:\/\/www.europesays.com\/es\/231411\/"},"modified":"2025-11-12T02:13:10","modified_gmt":"2025-11-12T02:13:10","slug":"gobierno-y-sindicatos-negocian-sobre-empleo-publico","status":"publish","type":"post","link":"https:\/\/www.europesays.com\/es\/231411\/","title":{"rendered":"Gobierno y sindicatos negocian sobre empleo p\u00fablico"},"content":{"rendered":"<p>El Gobierno y los sindicatos mayoritarios han coincidido este martes en la necesidad de <strong>agilizar las oposiciones y sustituir la tasa de reposici\u00f3n<\/strong> por otro mecanismo para planificar las plantillas en la Administraci\u00f3n p\u00fablica. La reuni\u00f3n centrada en el empleo p\u00fablico \u2014dentro de la negociaci\u00f3n abierta sobre el nuevo marco plurianual de relaciones laborales, incluidos salarios\u2014 ha terminado sin acuerdos concretos, pero una valoraci\u00f3n \u00abpositiva\u00bb desde ambas partes.<\/p>\n<p>Los representantes de Comisiones Obreras (CC.OO.), Uni\u00f3n General de Trabajadores (UGT) y la Central Sindical Independiente y de Funcionarios (CSIF) abordar\u00e1n con la secretaria de Estado de Funci\u00f3n P\u00fablica, Consuelo S\u00e1nchez Naranjo, <strong>las subidas salariales a los funcionarios<\/strong> el mi\u00e9rcoles de la pr\u00f3xima semana, el 19 de noviembre.<\/p>\n<p>\u00abVamos en buena direcci\u00f3n. Ha sido productiva, pero <strong>a\u00fan queda mucho por concretar<\/strong> para satisfacer las reivindicaciones de los empleados p\u00fablicos, especialmente en el \u00e1mbito salarial\u00bb, han indicado desde CSIF sobre el encuentro, el primero del calendario acordado la semana pasada, cuando se descongelaron las negociaciones bipartitas despu\u00e9s de que las organizaciones sindicales iniciaran su campa\u00f1a de protestas y pusieran sobre la mesa una posible huelga nacional en diciembre.<\/p>\n<p>Este martes, Funci\u00f3n P\u00fablica se ha comprometido tambi\u00e9n a garantizar condiciones de trabajo dignas, seguras y saludables, lo que \u2014han subrayado\u2014 redundar\u00e1 en unos servicios p\u00fablicos de mayor calidad. Otros temas sobre la mesa han sido el impulso a la promoci\u00f3n interna y el desarrollo profesional, la atenci\u00f3n a la ciudadan\u00eda y la igualdad en el empleo p\u00fablico.<\/p>\n<p>CSIF pide suprimir la tasa de reposici\u00f3n<\/p>\n<p>CSIF ha juzgado de \u00abinsuficiente\u00bb la propuesta de Funci\u00f3n P\u00fablica para sustituir la tasa de reposici\u00f3n de manera progresiva por un mecanismo alternativo de planificaci\u00f3n de efectivos, basado en criterios objetivos y provisiones de temporal.<\/p>\n<p>\u00abSi queremos acabar definitivamente con el<strong> abuso de la temporalidad,<\/strong> se debe suprimir directamente la tasa de reposici\u00f3n y hacer un estudio de las necesidades de las plantillas. Esto no significa barra libre en la contrataci\u00f3n, sino reforzar aquellos \u00e1mbitos en los que sea necesario\u00bb, ha valorado este sindicato, que asegura que Funci\u00f3n P\u00fablica va a valorar una redacci\u00f3n a su petici\u00f3n.<\/p>\n<p>CSIF ha pedido tambi\u00e9n que los<strong> procesos selectivos <\/strong>no se alarguen m\u00e1s all\u00e1 de un a\u00f1o, que se reserve un cupo del 50% en las ofertas de empleo para la<strong> promoci\u00f3n interna<\/strong>, incentivar la cobertura de puestos para l<strong>a atenci\u00f3n a la ciudadan\u00eda<\/strong>, mejorar protocolos en caso de agresi\u00f3n o discriminaci\u00f3n e impulsar un observatorio de empleo p\u00fablico.<\/p>\n<p>Seg\u00fan ha informado este sindicato, est\u00e1 sobre la mesa tambi\u00e9n actualizar los complementos de residencia e insularidad para cubrir puestos de dif\u00edcil cobertura por el coste de vida y crear delegados o delegadas de Igualdad en la Administraci\u00f3n, como existen los de riesgos laborales.<\/p>\n","protected":false},"excerpt":{"rendered":"El Gobierno y los sindicatos mayoritarios han coincidido este martes en la necesidad de agilizar las oposiciones y&hellip;\n","protected":false},"author":2,"featured_media":231412,"comment_status":"","ping_status":"","sticky":false,"template":"","format":"standard","meta":{"footnotes":""},"categories":[8],"tags":[17,18,25,24,13,14,11,19,20,9,10,15,16,23,12,21,22],"class_list":{"0":"post-231411","1":"post","2":"type-post","3":"status-publish","4":"format-standard","5":"has-post-thumbnail","7":"category-espana","8":"tag-breaking-news","9":"tag-breakingnews","10":"tag-es","11":"tag-espana","12":"tag-featured-news","13":"tag-featurednews","14":"tag-headlines","15":"tag-latest-news","16":"tag-latestnews","17":"tag-news","18":"tag-noticias","19":"tag-noticias-destacadas","20":"tag-noticiasdestacadas","21":"tag-spain","22":"tag-titulares","23":"tag-ultimas-noticias","24":"tag-ultimasnoticias"},"share_on_mastodon":{"url":"https:\/\/pubeurope.com\/@es\/115534312618351051","error":""},"_links":{"self":[{"href":"https:\/\/www.europesays.com\/es\/wp-json\/wp\/v2\/posts\/231411","targetHints":{"allow":["GET"]}}],"collection":[{"href":"https:\/\/www.europesays.com\/es\/wp-json\/wp\/v2\/posts"}],"about":[{"href":"https:\/\/www.europesays.com\/es\/wp-json\/wp\/v2\/types\/post"}],"author":[{"embeddable":true,"href":"https:\/\/www.europesays.com\/es\/wp-json\/wp\/v2\/users\/2"}],"replies":[{"embeddable":true,"href":"https:\/\/www.europesays.com\/es\/wp-json\/wp\/v2\/comments?post=231411"}],"version-history":[{"count":0,"href":"https:\/\/www.europesays.com\/es\/wp-json\/wp\/v2\/posts\/231411\/revisions"}],"wp:featuredmedia":[{"embeddable":true,"href":"https:\/\/www.europesays.com\/es\/wp-json\/wp\/v2\/media\/231412"}],"wp:attachment":[{"href":"https:\/\/www.europesays.com\/es\/wp-json\/wp\/v2\/media?parent=231411"}],"wp:term":[{"taxonomy":"category","embeddable":true,"href":"https:\/\/www.europesays.com\/es\/wp-json\/wp\/v2\/categories?post=231411"},{"taxonomy":"post_tag","embeddable":true,"href":"https:\/\/www.europesays.com\/es\/wp-json\/wp\/v2\/tags?post=231411"}],"curies":[{"name":"wp","href":"https:\/\/api.w.org\/{rel}","templated":true}]}}