{"id":231413,"date":"2025-11-12T02:14:12","date_gmt":"2025-11-12T02:14:12","guid":{"rendered":"https:\/\/www.europesays.com\/es\/231413\/"},"modified":"2025-11-12T02:14:12","modified_gmt":"2025-11-12T02:14:12","slug":"weir-lo-hace-a-lo-madrid","status":"publish","type":"post","link":"https:\/\/www.europesays.com\/es\/231413\/","title":{"rendered":"\u00a1Weir lo hace a lo Madrid!"},"content":{"rendered":"<p class=\"\">Como si estuviera protagonizando V de Vendetta,<b> Chavas sali\u00f3 al Di St\u00e9fano con un aura de hero\u00edna-villana<\/b>, seg\u00fan la afici\u00f3n que la mirase, dispuesta a dejar su porter\u00eda a cero y llevarse los tres puntos frente a su ex, <b>un Real Madrid que esper\u00f3 y desesper\u00f3 durante 98 minutos, pero que evit\u00f3 su tercera derrota ante el Paris FC gracias al gol in extremis de Weir, <\/b>que igual\u00f3 el tanto de penalti de Azzaro.<\/p>\n<p class=\"\">Lo est\u00e1 haciendo tan bien Eva Navarro de lateral que ni el regreso al verde de Shei ante el Alhama la sac\u00f3 del once de lujo de Quesada. Con la baja de Toletti, <b>Weir, Angeldahl y D\u00e4britz formaron un poblado medio campo con Feller<\/b> por la izquierda. Mientras, <b>Redondo y Linda<\/b>, a veces intercambiando su posici\u00f3n con la escocesa, hicieron pareja en ataque. Les fue bien en los primeros instantes, cuando la delantera manchega cay\u00f3 a banda, jug\u00f3 el cuero atr\u00e1s y la colombiana chut\u00f3 mordido. El Madrid parec\u00eda seguro de la victoria, pero el Paris reaccion\u00f3 con una bonita combinaci\u00f3n de <b>Mateo y De Moguedec, que control\u00f3 y empal\u00f3 el bal\u00f3n con toda la potencia del mundo, que no direcci\u00f3n<\/b>: directamente fuera. <\/p>\n<p class=\"\">La ocasi\u00f3n clara de las visitantes no descoloc\u00f3 a las madridistas, que empezaron a generar ocasiones una tras otra. Primero fue un centro de Eva Navarro que Redondo cabece\u00f3 fuera (11\u2032); despu\u00e9s de D\u00e4britz, con un zurdazo al exterior de la red tras una dejada de cara de la manchega (15\u2032); y l<b>a tecerca, de Linda, que caracole\u00f3 en la frontal del \u00e1rea para meterse entre cinco rivales y chutar al larguero <\/b>(21\u2032). El gol se cant\u00f3, pero no se celebr\u00f3. El Di St\u00e9fano tendr\u00eda que seguir esperando por su perla&#8230;<\/p>\n<p class=\"\">Las de Quesada, no obstante, estaban practicando buen f\u00fatbol ante las Korosec, Greboval, Hocine y compa\u00f1\u00eda, que se defend\u00edan con orden e intensidad. Perdieron algo de ello cuando Picard fue sustituida, en el 24\u2032, tras un golpe con Feller que no le permiti\u00f3 finalmente continuar. <b>La joven Sheika Scott <\/b>(19 a\u00f1os)<b> la sustituy\u00f3 para cumplir su sue\u00f1o de jugar, no solo en Europa, sino en toda una fase liga de la Champions<\/b>. Y lo hizo de maravilla. <\/p>\n<p class=\"\">La entrada de la futbolista costarricense acab\u00f3 dando unos minutos de ligero dominio al Paris FC, que hilvan\u00f3 una jugada preciosa comandada por la siempre elegante Mateo. Esta combin\u00f3 con<b> Azzaro, que tir\u00f3 un taconazo para que Scott recibiera en el \u00e1rea e intentara una ruleta que Angeldahl rompi\u00f3 cometiendo penalti<\/b>. Azzaro lo transform\u00f3 y rompi\u00f3 la racha sin encajar (343 minutos) de Misa, que no adivin\u00f3 hacia d\u00f3nde iba el lanzamiento. <\/p>\n<p><b>Tensi\u00f3n, reacci\u00f3n<\/b><\/p>\n<p class=\"\">El gol del equipo franc\u00e9s, que sali\u00f3 victorioso en los dos enfrentamientos anteriores ante las blancas, s\u00ed hizo que los nervios aparecieran por el verde. De hecho,<b> Linda y Weir se llevaron sendas amarillas <\/b>antes del descanso. Quesada debi\u00f3 calmar a las suyas, que no parec\u00edan tener el d\u00eda de cara a porter\u00eda, y meti\u00f3 en el campo a Yasmim por una desaparecida Holmgaard tras el paso por vestuarios. A los tres minutos,<b> Feller cruz\u00f3 demasiado su disparo despu\u00e9s de un pase de Linda<\/b>.<\/p>\n<p><img decoding=\"async\" src=\"https:\/\/www.europesays.com\/es\/wp-content\/uploads\/2025\/11\/KD6I5U3OVVPAPGPLXJPG4CLFLM.jpg\" alt=\"\u00a1Weir lo hace a lo Madrid!\" height=\"3583\" width=\"5374\"   loading=\"lazy\"\/>11\/11\/25 PARTIDO FUTBOL FEMENINO JORNADA 3&#13;<br \/>\nWOMENS CHAMPIONS LEAGUE FASE LIGA FASE GRUPOS &#13;<br \/>\nREAL MADRID &#8211; PARIS FC &#13;<br \/>\nLINDA CAICEDO AITOR MARTIN<\/p>\n<p class=\"\">La porter\u00eda defendida por la exmadridista Chavas se hac\u00eda m\u00e1s peque\u00f1a con el paso de los minutos y as\u00ed lo volvi\u00f3 a demostrar el cabezazo desviado de Redondo a centro de Yasmim en el 58\u2032. <b>A Quesada le tocaba seguir tocando teclas: Iris Ashley y Athenea, al verde<\/b>. Piernas frescas y fe en el gol. La c\u00e1ntabra se entendi\u00f3 con Linda por la izquierda para devolver un bal\u00f3n que la colombiana convirti\u00f3 en otra ocasi\u00f3n clara fallada. Chavas as\u00ed lo quiso y Weir no fue la m\u00e1s rapida al rechace. <\/p>\n<p>Noticias relacionadas<a href=\"https:\/\/as.com\/futbol\/femenino\/nueva-cita-parisina-para-feller-f202511-n\/\" class=\"s_m_w _rt-16x9\" title=\"La delantera, determinante ante el PSG, se enfrenta al otro equipo de su ciudad: \u201cGanamos en Par\u00eds, delante de mi familia y esto me pone muy contenta\u201d.\" data-tb-link=\"\" rel=\"nofollow noopener\" target=\"_blank\"><img decoding=\"async\" src=\"https:\/\/www.europesays.com\/es\/wp-content\/uploads\/2025\/11\/4AYY3IVP5RJAZB2FVOFC6WADWE.jpg\" alt=\"Nueva cita parisina para Feller\" class=\"\" height=\"9\" width=\"16\"   loading=\"lazy\" data-tb-thumbnail=\"\"\/><\/a><a href=\"https:\/\/as.com\/futbol\/femenino\/anatomia-del-golazo-de-linda-12-segundos-cuatro-rivales-y-el-recuerdo-de-weah-f202511-n\/\" class=\"s_m_w _rt-16x9\" title=\"El tanto de la colombiana en la victoria del Real Madrid sobre el Alhama est\u00e1 dando la vuelta al mundo. Seg\u00fan Skillcorner, recorri\u00f3 66,34 metros con una punta de velocidad de 29,9 Km\/h.\" data-tb-link=\"\" rel=\"nofollow noopener\" target=\"_blank\"><img decoding=\"async\" src=\"https:\/\/www.europesays.com\/es\/wp-content\/uploads\/2025\/11\/1762913650_288_GKNIDLWCTZMOFLVTZGLNO3OI3Y.jpg\" alt=\"Anatom\u00eda del golazo de Linda: 12 segundos, cuatro rivales, 29,9 Km\/h y el recuerdo de Weah\" class=\"\" height=\"9\" width=\"16\"   loading=\"lazy\" data-tb-thumbnail=\"\"\/><\/a><\/p>\n<p class=\"\">La portera francesa, como si de una venganza se tratara, se hizo grande ante el remate de <b>Weir despu\u00e9s de una jugada jugada de Keukelaar<\/b>, que entr\u00f3 como \u00faltima bala, en el 80\u2032. Acto seguido <b>le nego el tant\u00f3 a Iris<\/b>. Yasmim, en boca de gol, tambi\u00e9n tuvo el empate&#8230; Despu\u00e9s de seis minutos de tiempo a\u00f1adido que acabaron siendo nueve, un posible penalti sobre Athenea y la desesperaci\u00f3n de jugadoras y afici\u00f3n blanca con el arbitraje, <b>apareci\u00f3 Weir para evitar la vendetta de Chavas y una nueva derrota ante el Paris FC<\/b>. Lo hizo a lo Madrid, en el \u00faltimo suspiro y para mantener invictas a las merengues.<\/p>\n<p class=\"\"><b>\u00a1Tus opiniones importan!<\/b> Comenta en los art\u00edculos y suscr\u00edbete gratis a nuestra <a href=\"https:\/\/asfan.as.com\/newsletters\/\" target=\"_blank\" rel=\"nofollow noopener\" title=\"https:\/\/asfan.as.com\/newsletters\/\">newsletter<\/a> y a las alertas informativas en la <a href=\"https:\/\/as.com\/aplicacion-de-as-n\/\" target=\"_blank\" rel=\"nofollow noopener\" title=\"https:\/\/as.com\/aplicacion-de-as-n\/\">App<\/a> o el canal de <a href=\"https:\/\/www.whatsapp.com\/channel\/0029VaAasdA7j6g745nz9M10\" target=\"_blank\" rel=\"nofollow noopener\" title=\"https:\/\/www.whatsapp.com\/channel\/0029VaAasdA7j6g745nz9M10\">WhatsApp<\/a>. \u00bfBuscas licenciar contenido? Haz clic <a href=\"https:\/\/profesional.elpais.com\/landing-sindicacion?utm_medium=interno&amp;utm_source=crosslinking&amp;utm_campaign=sindicacion_as_pie_articulos\" target=\"_blank\" rel=\"nofollow noopener\" title=\"https:\/\/profesional.elpais.com\/landing-sindicacion?utm_medium=interno&amp;utm_source=crosslinking&amp;utm_campaign=sindicacion_as_pie_articulos\">aqu\u00ed<\/a><\/p>\n<p>                            Real Madrid Femenino<\/p>\n<p>                                                                                                                                                                                                                                                                                            <img decoding=\"async\" title=\"Real Madrid Femenino\" loading=\"lazy\" src=\"https:\/\/www.europesays.com\/es\/wp-content\/uploads\/2025\/11\/5265.png\"  width=\"80\" height=\"80\" data-error-image=\"https:\/\/static.prisa.com\/aside\/resizer\/resize\/img\/sports\/football\/teams\/default.png?width=160&amp;height=160\"\/><\/p>\n<ul class=\"team-lup\">\n<li class=\"in-pla\">\n                                            1<\/p>\n<p>                                                Misa<\/p>\n<\/li>\n<li class=\"in-pla\">\n                                            14<\/p>\n<p>                                                Mar\u00eda M\u00e9ndez<\/p>\n<\/li>\n<li class=\"in-pla\">\n                                            23<\/p>\n<p>                                                Ma\u00eblle Lakrar<\/p>\n<p>                (63&#8242;)<\/p>\n<\/li>\n<li class=\"in-pla\">\n                                            19<\/p>\n<p>                                                Eva Navarro<\/p>\n<\/li>\n<li class=\"in-pla\">\n                                            21<\/p>\n<p>                                                Sara Holmgaard<\/p>\n<p>                (45&#8242;)<\/p>\n<\/li>\n<li class=\"in-pla\">\n                                            20<\/p>\n<p>                                                Naomie Feller<\/p>\n<p>                (58&#8242;)<\/p>\n<\/li>\n<li class=\"in-pla\">\n                                            10<\/p>\n<p>                                                Caroline Weir<\/p>\n<\/li>\n<li class=\"in-pla\">\n                                            8<\/p>\n<p>                                                Sara D\u00e4britz<\/p>\n<\/li>\n<li class=\"in-pla\">\n                                            16<\/p>\n<p>                                                Filippa Angeldahl<\/p>\n<p>                (73&#8242;)<\/p>\n<\/li>\n<li class=\"in-pla\">\n                                            11<\/p>\n<p>                                                Alba Redondo<\/p>\n<p>                (57&#8242;)<\/p>\n<\/li>\n<li class=\"in-pla\">\n                                            18<\/p>\n<p>                                                Linda Caicedo<\/p>\n<\/li>\n<li class=\"ev-fw-sep\">Banquillo<\/li>\n<li class=\"in-pla\">\n                                    15<\/p>\n<p>                                        Sheila Garc\u00eda<\/p>\n<\/li>\n<li class=\"in-pla\">\n                                    5<\/p>\n<p>                                        Paula Comendador<\/p>\n<\/li>\n<li class=\"in-pla\">\n                                    22<\/p>\n<p>                                        Bella Andersson<\/p>\n<\/li>\n<li class=\"in-pla\">\n                                    17<\/p>\n<p>                                        Hanna Bennison<\/p>\n<\/li>\n<li class=\"in-pla\">\n                                    43<\/p>\n<p>                                        Iris Ashley<\/p>\n<p>                (57&#8242;)<\/p>\n<\/li>\n<li class=\"in-pla\">\n                                    7<\/p>\n<p>                                        Athenea del Castillo<\/p>\n<p>                (58&#8242;)<\/p>\n<\/li>\n<li class=\"in-pla\">\n                                    24<\/p>\n<p>                                        Lotte Keukelaar<\/p>\n<p>                (73&#8242;)<\/p>\n<\/li>\n<li class=\"in-pla\">\n                                    29<\/p>\n<p>                                        Silvi Crist\u00f3bal<\/p>\n<\/li>\n<li class=\"in-pla\">\n                                    4<\/p>\n<p>                                        Roc\u00edo G\u00e1lvez<\/p>\n<p>                (63&#8242;)<\/p>\n<\/li>\n<li class=\"in-pla\">\n                                    12<\/p>\n<p>                                        Yasmim<\/p>\n<p>                (45&#8242;)<\/p>\n<\/li>\n<li class=\"in-pla\">\n                                    28<\/p>\n<p>                                        Irune Dorado<\/p>\n<\/li>\n<li class=\"in-pla\">\n                                    26<\/p>\n<p>                                        Laia L\u00f3pez<\/p>\n<\/li>\n<\/ul>\n<p>                            Paris FC Femenino<\/p>\n<p>                                                                                                                                                                                                                                                                                            <img decoding=\"async\" title=\"Paris FC Femenino\" loading=\"lazy\" src=\"https:\/\/www.europesays.com\/es\/wp-content\/uploads\/2025\/11\/6098.png\"  width=\"80\" height=\"80\" data-error-image=\"https:\/\/static.prisa.com\/aside\/resizer\/resize\/img\/sports\/football\/teams\/default.png?width=160&amp;height=160\"\/><\/p>\n<ul class=\"team-lup\">\n<li class=\"in-pla\">\n                                            16<\/p>\n<p>                                                Myl\u00e8ne Chavas<\/p>\n<\/li>\n<li class=\"in-pla\">\n                                            18<\/p>\n<p>                                                Melween N&#8217;Dongala<\/p>\n<\/li>\n<li class=\"in-pla\">\n                                            19<\/p>\n<p>                                                Th\u00e9a Greboval<\/p>\n<\/li>\n<li class=\"in-pla\">\n                                            3<\/p>\n<p>                                                Lou Bogaert<\/p>\n<\/li>\n<li class=\"in-pla\">\n                                            2<\/p>\n<p>                                                C\u00e9lina Ould Hocine<\/p>\n<\/li>\n<li class=\"in-pla\">\n                                            4<\/p>\n<p>                                                Kaja Korosec<\/p>\n<\/li>\n<li class=\"in-pla\">\n                                            7<\/p>\n<p>                                                Ma\u00eblle Garbino<\/p>\n<\/li>\n<li class=\"in-pla\">\n                                            21<\/p>\n<p>                                                Oc\u00e9ane Picard<\/p>\n<p>                (24&#8242;)<\/p>\n<\/li>\n<li class=\"in-pla\">\n                                            10<\/p>\n<p>                                                Clara Mateo<\/p>\n<\/li>\n<li class=\"in-pla\">\n                                            24<\/p>\n<p>                                                Ana\u00eble Le Mogu\u00e9dec<\/p>\n<p>                (72&#8242;)<\/p>\n<\/li>\n<li class=\"in-pla\">\n                                            9<\/p>\n<p>                                                Lorena Azzaro<\/p>\n<p>                (90&#8242;)<\/p>\n<\/li>\n<li class=\"ev-fw-sep\">Banquillo<\/li>\n<li class=\"in-pla\">\n                                    26<\/p>\n<p>                                        Fiona Liaigre<\/p>\n<\/li>\n<li class=\"in-pla\">\n                                    31<\/p>\n<p>                                        Kenza Roche-Dufour<\/p>\n<\/li>\n<li class=\"in-pla\">\n                                    27<\/p>\n<p>                                        Maeline Mendy<\/p>\n<p>                (90&#8242;)<\/p>\n<\/li>\n<li class=\"in-pla\">\n                                    29<\/p>\n<p>                                        Deja Davis<\/p>\n<\/li>\n<li class=\"in-pla\">\n                                    15<\/p>\n<p>                                        Hawa Sangar\u00e9<\/p>\n<p>                (73&#8242;)<\/p>\n<\/li>\n<li class=\"in-pla\">\n                                    30<\/p>\n<p>                                        Rafaela Mendon\u00e7a<\/p>\n<\/li>\n<li class=\"in-pla\">\n                                    11<\/p>\n<p>                                        Sheika Scott<\/p>\n<p>                (73&#8242;)<\/p>\n<\/li>\n<li class=\"in-pla\">\n                                    22<\/p>\n<p>                                        Nora H\u00e5heim<\/p>\n<\/li>\n<li class=\"in-pla\">\n                                    20<\/p>\n<p>                                        Klaudia Jedlinska<\/p>\n<p>                (72&#8242;)<\/p>\n<\/li>\n<li class=\"in-pla\">\n                                    23<\/p>\n<p>                                        Teninsoun Sissoko<\/p>\n<\/li>\n<li class=\"in-pla\">\n                                    1<\/p>\n<p>                                        In\u00e8s Marques<\/p>\n<\/li>\n<\/ul>\n<p class=\"stat-tl ev-fw-tl\"><strong>Cambios<\/strong><\/p>\n<p class=\"ev-text-aux\">\n                            <strong>Sheika Scott<\/strong> (24&#8242;, Oc\u00e9ane Picard),                             <strong>Yasmim<\/strong> (45&#8242;, Sara Holmgaard),                             <strong>Iris Ashley<\/strong> (57&#8242;, Alba Redondo),                             <strong>Athenea del Castillo<\/strong> (58&#8242;, Naomie Feller),                             <strong>Roc\u00edo G\u00e1lvez<\/strong> (63&#8242;, Ma\u00eblle Lakrar),                             <strong>Klaudia Jedlinska<\/strong> (72&#8242;, Ana\u00eble Le Mogu\u00e9dec),                             <strong>Lotte Keukelaar<\/strong> (73&#8242;, Filippa Angeldahl),                             <strong>Hawa Sangar\u00e9<\/strong> (73&#8242;, Sheika Scott),                             <strong>Maeline Mendy<\/strong> (90&#8242;, Lorena Azzaro)                        <\/p>\n<p class=\"stat-tl ev-fw-tl\"><strong>Goles<\/strong><\/p>\n<p class=\"ev-text-aux\">\n                                                                                                        0-1, 40&#8242;: <strong>Lorena Azzaro<\/strong>,                                                                                 1-1, 97&#8242;: <strong>Caroline Weir<\/strong>                        <\/p>\n<p class=\"stat-tl ev-fw-tl\"><strong>Tarjetas<\/strong><\/p>\n<p class=\"ev-text-aux\">\n                Arbitro: Frida Mia Klarlund<br \/>Arbitro VAR: Sandi Putros, Jens Maae<br \/><strong>Linda Caicedo<\/strong> (47&#8242;,Amarilla),                                     <strong>Caroline Weir<\/strong> (48&#8242;,Amarilla),                                     <strong>Misa<\/strong> (70&#8242;,Amarilla),                                     <strong>Lou Bogaert<\/strong> (86&#8242;,Amarilla),                                     <strong>Clara Mateo<\/strong> (96&#8242;,Amarilla)                            <\/p>\n","protected":false},"excerpt":{"rendered":"Como si estuviera protagonizando V de Vendetta, Chavas sali\u00f3 al Di St\u00e9fano con un aura de hero\u00edna-villana, seg\u00fan&hellip;\n","protected":false},"author":2,"featured_media":231414,"comment_status":"","ping_status":"","sticky":false,"template":"","format":"standard","meta":{"footnotes":""},"categories":[5],"tags":[17,18,25,24,13,14,11,19,20,9,10,15,16,23,12,21,22],"class_list":{"0":"post-231413","1":"post","2":"type-post","3":"status-publish","4":"format-standard","5":"has-post-thumbnail","7":"category-titulares","8":"tag-breaking-news","9":"tag-breakingnews","10":"tag-es","11":"tag-espana","12":"tag-featured-news","13":"tag-featurednews","14":"tag-headlines","15":"tag-latest-news","16":"tag-latestnews","17":"tag-news","18":"tag-noticias","19":"tag-noticias-destacadas","20":"tag-noticiasdestacadas","21":"tag-spain","22":"tag-titulares","23":"tag-ultimas-noticias","24":"tag-ultimasnoticias"},"share_on_mastodon":{"url":"https:\/\/pubeurope.com\/@es\/115534316945935736","error":""},"_links":{"self":[{"href":"https:\/\/www.europesays.com\/es\/wp-json\/wp\/v2\/posts\/231413","targetHints":{"allow":["GET"]}}],"collection":[{"href":"https:\/\/www.europesays.com\/es\/wp-json\/wp\/v2\/posts"}],"about":[{"href":"https:\/\/www.europesays.com\/es\/wp-json\/wp\/v2\/types\/post"}],"author":[{"embeddable":true,"href":"https:\/\/www.europesays.com\/es\/wp-json\/wp\/v2\/users\/2"}],"replies":[{"embeddable":true,"href":"https:\/\/www.europesays.com\/es\/wp-json\/wp\/v2\/comments?post=231413"}],"version-history":[{"count":0,"href":"https:\/\/www.europesays.com\/es\/wp-json\/wp\/v2\/posts\/231413\/revisions"}],"wp:featuredmedia":[{"embeddable":true,"href":"https:\/\/www.europesays.com\/es\/wp-json\/wp\/v2\/media\/231414"}],"wp:attachment":[{"href":"https:\/\/www.europesays.com\/es\/wp-json\/wp\/v2\/media?parent=231413"}],"wp:term":[{"taxonomy":"category","embeddable":true,"href":"https:\/\/www.europesays.com\/es\/wp-json\/wp\/v2\/categories?post=231413"},{"taxonomy":"post_tag","embeddable":true,"href":"https:\/\/www.europesays.com\/es\/wp-json\/wp\/v2\/tags?post=231413"}],"curies":[{"name":"wp","href":"https:\/\/api.w.org\/{rel}","templated":true}]}}