{"id":231415,"date":"2025-11-12T02:19:11","date_gmt":"2025-11-12T02:19:11","guid":{"rendered":"https:\/\/www.europesays.com\/es\/231415\/"},"modified":"2025-11-12T02:19:11","modified_gmt":"2025-11-12T02:19:11","slug":"las-opciones-de-clasificacion-de-alcaraz-en-las-atp-finals","status":"publish","type":"post","link":"https:\/\/www.europesays.com\/es\/231415\/","title":{"rendered":"Las opciones de clasificaci\u00f3n de Alcaraz en las ATP Finals"},"content":{"rendered":"<p class=\"\"><a href=\"https:\/\/as.com\/tenis\/final_atp\/musetti-tambien-remonta-y-arma-un-lio-en-el-grupo-de-alcaraz-f202511-n\/\" target=\"_self\" rel=\"nofollow noopener\" title=\"https:\/\/as.com\/tenis\/final_atp\/musetti-tambien-remonta-y-arma-un-lio-en-el-grupo-de-alcaraz-f202511-n\/\">La victoria de <b>Lorenzo Musetti<\/b> contra <b>Alex de Mi\u00f1aur<\/b><\/a><b> <\/b>en la segunda jornada del <b>Grupo Jimmy Connors <\/b>de las <b>ATP Finals<\/b>, dej\u00f3 abiertas las opciones de clasificaci\u00f3n de sus cuatro componentes para las semifinales. <b>Carlos<\/b><b> Alcaraz<\/b>, el \u00fanico que ha sumado hasta ahora dos victorias, es el que m\u00e1s opciones tiene de pasar, aunque hay un caso, solo uno de los cinco posibles que le competen, en el que quedar\u00eda eliminado.<\/p>\n<p class=\"\">Est\u00e1s son las opciones del espa\u00f1ol, que es el \u00fanico que depende de s\u00ed mismo y se enfrenta el jueves a <b>Musetti<\/b>:<\/p>\n<p>Alcaraz avanza como primero de grupo<\/p>\n<ul>\n<li>Si gana por cualquier resultado a Musetti.<\/li>\n<li>Si pierde en tres sets y Fritz gana en tres mangas, pero acaba con peor porcentaje de juegos ganados que \u00e9l.<\/li>\n<\/ul>\n<p>Alcaraz avanza como primero de grupo<\/p>\n<ul>\n<li>Si pierde y De Mi\u00f1aur vence a Fritz.<\/li>\n<li>Si pierde en tres sets y Fritz gana en dos a De Mi\u00f1aur o en tres y tiene mejor porcentaje de juegos ganados.<\/li>\n<\/ul>\n<p>Alcaraz queda eliminado<\/p>\n<ul>\n<li>Si pierde en dos sets y Fritz gana tambi\u00e9n en dos a De Mi\u00f1aur.<\/li>\n<\/ul>\n<p>Noticias relacionadas<a href=\"https:\/\/as.com\/tenis\/final_atp\/musetti-tambien-remonta-y-arma-un-lio-en-el-grupo-de-alcaraz-f202511-n\/\" class=\"s_m_w _rt-16x9\" title=\"El italiano pierde el primer set ante De Mi\u00f1aur, que ganaba 5-3 en el tercero, y se jugar\u00e1 el pase a semifinales con el espa\u00f1ol. El australiano sigue vivo.\" data-tb-link=\"\" rel=\"nofollow noopener\" target=\"_blank\"><img decoding=\"async\" src=\"https:\/\/www.europesays.com\/es\/wp-content\/uploads\/2025\/11\/1762913950_273_N4CSMK5PUJJFHDZMBU6KQR5TKE.jpg\" alt=\"Musetti tambi\u00e9n remonta y arma un l\u00edo en el grupo de Alcaraz\" class=\"\" height=\"9\" width=\"16\"   loading=\"lazy\" data-tb-thumbnail=\"\"\/><\/a><a href=\"https:\/\/as.com\/tenis\/final_atp\/alcaraz-remonta-y-acaricia-el-pase-a-los-cruces-de-las-atp-finals-f202511-n\/\" class=\"s_m_w _rt-16x9\" title=\"De menos a m\u00e1s, el espa\u00f1ol vence a Fritz en tres sets, pero tendr\u00e1 que esperar a la \u00faltima jornada para certificar su clasificaci\u00f3n.\" data-tb-link=\"\" rel=\"nofollow noopener\" target=\"_blank\"><img decoding=\"async\" src=\"https:\/\/www.europesays.com\/es\/wp-content\/uploads\/2025\/11\/GR4TXZOJVZKALNNJH6MHBQ3QDM.jpg\" alt=\"Alcaraz remonta y acaricia los cruces de las ATP Finals\" class=\"\" height=\"9\" width=\"16\"   loading=\"lazy\" data-tb-thumbnail=\"\"\/><\/a><\/p>\n<p class=\"\"><b>\u00a1Tus opiniones importan!<\/b> Comenta en los art\u00edculos y suscr\u00edbete gratis a nuestra <a href=\"https:\/\/asfan.as.com\/newsletters\/\" target=\"_blank\" rel=\"nofollow noopener\" title=\"https:\/\/asfan.as.com\/newsletters\/\">newsletter<\/a> y a las alertas informativas en la <a href=\"https:\/\/as.com\/aplicacion-de-as-n\/\" target=\"_blank\" rel=\"nofollow noopener\" title=\"https:\/\/as.com\/aplicacion-de-as-n\/\">App<\/a> o el canal de <a href=\"https:\/\/www.whatsapp.com\/channel\/0029VaAasdA7j6g745nz9M10\" target=\"_blank\" rel=\"nofollow noopener\" title=\"https:\/\/www.whatsapp.com\/channel\/0029VaAasdA7j6g745nz9M10\">WhatsApp<\/a><\/p>\n<p class=\"\">\u00bfBuscas licenciar contenido? Haz clic <a href=\"https:\/\/profesional.elpais.com\/soluciones-sindicacion?utm_medium=interno&amp;utm_source=crosslinking&amp;utm_campaign=sindicacion_as_pie_articulos\" target=\"_blank\" rel=\"nofollow noopener\" title=\"https:\/\/profesional.elpais.com\/soluciones-sindicacion?utm_medium=interno&amp;utm_source=crosslinking&amp;utm_campaign=sindicacion_as_pie_articulos\">aqu\u00ed<\/a><\/p>\n","protected":false},"excerpt":{"rendered":"La victoria de Lorenzo Musetti contra Alex de Mi\u00f1aur en la segunda jornada del Grupo Jimmy Connors de&hellip;\n","protected":false},"author":2,"featured_media":231416,"comment_status":"","ping_status":"","sticky":false,"template":"","format":"standard","meta":{"footnotes":""},"categories":[274],"tags":[168,25,24,23,167,327,326],"class_list":{"0":"post-231415","1":"post","2":"type-post","3":"status-publish","4":"format-standard","5":"has-post-thumbnail","7":"category-tenis","8":"tag-deportes","9":"tag-es","10":"tag-espana","11":"tag-spain","12":"tag-sports","13":"tag-tenis","14":"tag-tennis"},"share_on_mastodon":{"url":"https:\/\/pubeurope.com\/@es\/115534336448358515","error":""},"_links":{"self":[{"href":"https:\/\/www.europesays.com\/es\/wp-json\/wp\/v2\/posts\/231415","targetHints":{"allow":["GET"]}}],"collection":[{"href":"https:\/\/www.europesays.com\/es\/wp-json\/wp\/v2\/posts"}],"about":[{"href":"https:\/\/www.europesays.com\/es\/wp-json\/wp\/v2\/types\/post"}],"author":[{"embeddable":true,"href":"https:\/\/www.europesays.com\/es\/wp-json\/wp\/v2\/users\/2"}],"replies":[{"embeddable":true,"href":"https:\/\/www.europesays.com\/es\/wp-json\/wp\/v2\/comments?post=231415"}],"version-history":[{"count":0,"href":"https:\/\/www.europesays.com\/es\/wp-json\/wp\/v2\/posts\/231415\/revisions"}],"wp:featuredmedia":[{"embeddable":true,"href":"https:\/\/www.europesays.com\/es\/wp-json\/wp\/v2\/media\/231416"}],"wp:attachment":[{"href":"https:\/\/www.europesays.com\/es\/wp-json\/wp\/v2\/media?parent=231415"}],"wp:term":[{"taxonomy":"category","embeddable":true,"href":"https:\/\/www.europesays.com\/es\/wp-json\/wp\/v2\/categories?post=231415"},{"taxonomy":"post_tag","embeddable":true,"href":"https:\/\/www.europesays.com\/es\/wp-json\/wp\/v2\/tags?post=231415"}],"curies":[{"name":"wp","href":"https:\/\/api.w.org\/{rel}","templated":true}]}}