{"id":231417,"date":"2025-11-12T02:20:18","date_gmt":"2025-11-12T02:20:18","guid":{"rendered":"https:\/\/www.europesays.com\/es\/231417\/"},"modified":"2025-11-12T02:20:18","modified_gmt":"2025-11-12T02:20:18","slug":"la-gante-wevelgem-pasa-a-denominarse-en-los-campos-de-flandes-en-2026-esciclismo-com","status":"publish","type":"post","link":"https:\/\/www.europesays.com\/es\/231417\/","title":{"rendered":"La Gante-Wevelgem pasa a denominarse &quot;En los campos de Flandes&quot; en 2026 &#8211; EsCiclismo.com"},"content":{"rendered":"<ol>\n<li><a href=\"https:\/\/news.google.com\/rss\/articles\/CBMiakFVX3lxTE1iZUdybXV0VVU0cVllYjFELXdwZTUxOTBuenQ2WHNLSURfVnlleDJVRWJpcWhFbnVHdzJjZ3FNU0ZibWhfMU05YkhtVzl4aG1MWkZTUkVZdjYxcF9vYm96VjF2NS1oZ0JobVE?oc=5\" target=\"_blank\" rel=\"nofollow noopener\">La Gante-Wevelgem pasa a denominarse \u00abEn los campos de Flandes\u00bb en 2026<\/a>&nbsp;&nbsp;EsCiclismo.com<\/li>\n<li><a href=\"https:\/\/news.google.com\/rss\/articles\/CBMiowFBVV95cUxQaV9uNzRTZmYzYlZMZ2NVdFNxaTlsQWtud3lyeVVNempUTF85YS1lbHJNMkp2dFJSamFROG0td0RwWTl0N1FWSDlaT1JoXzVuZ2l4Q1BiUnN5OEtxcGZ1XzVVOGEwamZUV0pwWXpqMDBibHFUSmNpc3lGQlpUR1hPSlhJOVB3cnMyQjBLOENyb2x2QmhmSGVqQkZscmctVDVlUkhB0gG3AUFVX3lxTE1Kbi1tODY1a280djFibmVocXlEaWVPN3F6NUc5LUJCOUoyM0djT2xmNGRuYXdzLU9mZHRCS0dUcVQ0VWFMaDFQbmJZMzJpXzQ2WlJvd3dFVTdQdTZjM2ZkSU5Wd0UxdWl6eWZHSmRPMjBKbmpVRVhidFhkQ1hPOW85bmJtc3FNZWI5X3lETnVhOEh1WDc2TGNFUnRXMFpydk1EYUFmNG9XWThiQWdaU01vTEhVV0NQaw?oc=5\" target=\"_blank\" rel=\"nofollow noopener\">La Gante-Wevelgem se llamar\u00e1 \u201cEn los campos de Flandes\u201d<\/a>&nbsp;&nbsp;Diario AS<\/li>\n<li><a href=\"https:\/\/news.google.com\/rss\/articles\/CBMizAFBVV95cUxPSHB1c2Q1cXNrZ2gtaGozWjdNLVAybHV6XzZwVU1wR2E2c0EzTVctaklBbXJPazlGUXJmRHNmN0tUM3hGalpPRGdGeFU2aDFjM08xTlBMVGRWX3Q4N2tmc0VKV2tiZ1l5X3hkQ1lnUjV2dXRlc29peWRwNXlCdldMczU0emNhelJzZVdIZFlESTdQVlZvM2NCWjJvdmdaLWY5Y3dkeGFfaW5halJIeWdiN3h0X0ZnZ3dZQWNiemoyTWVvSWJUcmJlRVVGUTA?oc=5\" target=\"_blank\" rel=\"nofollow noopener\">Adi\u00f3s a Gante: la carrera ciclista de 91 a\u00f1os que cambiar\u00e1 de nombre a partir de 2026<\/a>&nbsp;&nbsp;Eurosport<\/li>\n<li><a href=\"https:\/\/news.google.com\/rss\/articles\/CBMicEFVX3lxTE55Y1d5MlMxeGs4SXhKa3VRYmJmdkVQNG9aTVM0cG5TOW1BTF84UkE5MWZhV3RsRDBCb1BQWXFLVjhtd1hMQUpsMlFWN1F0Y1NDa21CMjF2TE0tR2NvOS0xTlBhd3U1bFdvQUZVZ1NxYnU?oc=5\" target=\"_blank\" rel=\"nofollow noopener\">En Gante-Wevelgem: el nombre cambia, la historia permanece<\/a>&nbsp;&nbsp;joanseguidor.com<\/li>\n<li><a href=\"https:\/\/news.google.com\/rss\/articles\/CBMioAFBVV95cUxPSFgyVm44M2NjdjlqVmt4T3k2cFVWTVJRX3BGWVk5bGdtU0dTTExIU2YyQWFsSDBHS2U1X1BtWHhYWnltSUdWSHdlcnBMS05BTkc1ZDdacG1hVE1hdkhyQmtxSmNHZHRMTS0xTzYzOElDV20yWkhKMlpGUDdJLVVCWlJWbGZUS2hIVTJMaGNzZzByLUJid1VETU0yZ2dnY3Y3?oc=5\" target=\"_blank\" rel=\"nofollow noopener\">Por primera vez en 91 a\u00f1os, cambian el nombre de la Gent-Wevelgem<\/a>&nbsp;&nbsp;Ciclismo Internacional<\/li>\n<\/ol>\n","protected":false},"excerpt":{"rendered":"La Gante-Wevelgem pasa a denominarse \u00abEn los campos de Flandes\u00bb en 2026&nbsp;&nbsp;EsCiclismo.com La Gante-Wevelgem se llamar\u00e1 \u201cEn los&hellip;\n","protected":false},"author":2,"featured_media":231418,"comment_status":"","ping_status":"","sticky":false,"template":"","format":"standard","meta":{"footnotes":""},"categories":[273],"tags":[1201,988,39834,6243,11953,6783,4273,30556,5615,4860,313,1757,2683,26126,312,10726,60521,168,3169,25,24,46461,39559,448,1783,6598,7773,56994,8182,14043,60522,10004,2600,3850,677,5153,23,167,9861,60520],"class_list":{"0":"post-231417","1":"post","2":"type-post","3":"status-publish","4":"format-standard","5":"has-post-thumbnail","7":"category-ciclismo","8":"tag-alcalde","9":"tag-anos","10":"tag-antiguas","11":"tag-anuncio","12":"tag-belga","13":"tag-calendario","14":"tag-cam","15":"tag-cambiara","16":"tag-campos","17":"tag-carrera","18":"tag-ciclismo","19":"tag-ciclista","20":"tag-clasica","21":"tag-comenzara","22":"tag-cycling","23":"tag-decada","24":"tag-denominarse","25":"tag-deportes","26":"tag-donde","27":"tag-es","28":"tag-espana","29":"tag-flandes","30":"tag-gante","31":"tag-historia","32":"tag-la","33":"tag-localidad","34":"tag-menos","35":"tag-middelkerke","36":"tag-nacio","37":"tag-nombre","38":"tag-organizador","39":"tag-partir","40":"tag-pasara","41":"tag-proxima","42":"tag-pruebas","43":"tag-segun","44":"tag-spain","45":"tag-sports","46":"tag-trata","47":"tag-wevelgem"},"share_on_mastodon":{"url":"https:\/\/pubeurope.com\/@es\/115534339940381421","error":""},"_links":{"self":[{"href":"https:\/\/www.europesays.com\/es\/wp-json\/wp\/v2\/posts\/231417","targetHints":{"allow":["GET"]}}],"collection":[{"href":"https:\/\/www.europesays.com\/es\/wp-json\/wp\/v2\/posts"}],"about":[{"href":"https:\/\/www.europesays.com\/es\/wp-json\/wp\/v2\/types\/post"}],"author":[{"embeddable":true,"href":"https:\/\/www.europesays.com\/es\/wp-json\/wp\/v2\/users\/2"}],"replies":[{"embeddable":true,"href":"https:\/\/www.europesays.com\/es\/wp-json\/wp\/v2\/comments?post=231417"}],"version-history":[{"count":0,"href":"https:\/\/www.europesays.com\/es\/wp-json\/wp\/v2\/posts\/231417\/revisions"}],"wp:featuredmedia":[{"embeddable":true,"href":"https:\/\/www.europesays.com\/es\/wp-json\/wp\/v2\/media\/231418"}],"wp:attachment":[{"href":"https:\/\/www.europesays.com\/es\/wp-json\/wp\/v2\/media?parent=231417"}],"wp:term":[{"taxonomy":"category","embeddable":true,"href":"https:\/\/www.europesays.com\/es\/wp-json\/wp\/v2\/categories?post=231417"},{"taxonomy":"post_tag","embeddable":true,"href":"https:\/\/www.europesays.com\/es\/wp-json\/wp\/v2\/tags?post=231417"}],"curies":[{"name":"wp","href":"https:\/\/api.w.org\/{rel}","templated":true}]}}