{"id":231419,"date":"2025-11-12T02:22:11","date_gmt":"2025-11-12T02:22:11","guid":{"rendered":"https:\/\/www.europesays.com\/es\/231419\/"},"modified":"2025-11-12T02:22:11","modified_gmt":"2025-11-12T02:22:11","slug":"las-palabras-de-sergio-scariolo-tras-la-derrota-del-real-madrid-frente-al-valencia-basket","status":"publish","type":"post","link":"https:\/\/www.europesays.com\/es\/231419\/","title":{"rendered":"Las palabras de Sergio Scariolo tras la derrota del Real Madrid frente al Valencia Basket"},"content":{"rendered":"<p><strong>Sergio Scariolo<\/strong> compareci\u00f3 en rueda de prensa despu\u00e9s de la derrota del Real Madrid en la visita al Roig Arena por <strong>89 a 76<\/strong>.<\/p>\n<p>Estas fueron las palabras de Sergio Scariolo:<\/p>\n<p>\u00abEmpezar felicitando al Valencia Basket que ha jugado en general con m\u00e1s energ\u00eda y ha tenido much\u00edsimo acierto en el tiro de 3 puntos. Han corrido bien el campo y creo que en el c\u00f3mputo general han merecido la victoria.<\/p>\n<p>Nosotros hemos jugado bien saliendo de vestuarios, tanto el 1\u00ba como el 3\u00ba cuarto y en los cuartos pares hemos perdido un poco de lucidez. Obviamente la falta de Tavares y los pocos minutos que ha podido jugar nos han quitado mucha protecci\u00f3n de pintura y hemos tratado de frenar eso con los jugadores tan r\u00e1pidos que tienen. Hemos probado la zona que nos ha ido bien en la primera parte pero peor en la segunda y en el final. Felicitar al Valencia Basket, aprender de los errores y pensar que en 48 horas tenemos otro partido.<\/p>\n<p>Hemos pedido tiempo muerto tras la canasta para tener una posesi\u00f3n y quedaban 4.9. La mesa lo ha concedido, ha parado el reloj, se ha levantado m\u00e1s bien porque el reloj lo para el \u00e1rbitro. Pero el \u00e1rbitro no lo ha visto, no ha parado el reloj y han seguido. Poder tener 5 segundos para organizar la \u00faltima jugada, hab\u00eda una duda al ver al oficial de mesa levantarse. Al final no hemos podido organizar ese ataque.<\/p>\n<p>Yo solo dec\u00eda que se hab\u00eda cometido un error porque los oficiales de mesa lo han dicho y nosotros hemos se\u00f1alado que se hab\u00eda pedido un tiempo muerto. Pero el error no han considerado oportuno corregirlo.\u00a0<\/p>\n<p>Mario Hezonja ha jugado la primera parte bien pero no est\u00e1 bien, el domingo pasado no jug\u00f3 por un problema de espalda no por rotaci\u00f3n como he visto que alguno ha interpretado. Esperemos que se recupere para el jueves\u00bb.<\/p>\n<p style=\"text-align: right;\">Foto: Rocio Jord\u00e1<\/p>\n<p><img decoding=\"async\" src=\"https:\/\/www.europesays.com\/es\/wp-content\/uploads\/2025\/11\/1762914129_365_mtracking.gif\" alt=\"Etiquetas de Mautic\" style=\"display:none;\"\/><\/p>\n<p><a href=\"https:\/\/www.gigantes.com\/tienda\/hemeroteca\/especial-40-aniversario-gigantes-del-basket-no-1-562-noviembre-2025\/\" rel=\"nofollow noopener\" target=\"_blank\"><img loading=\"lazy\" decoding=\"async\" class=\"aligncenter wp-image-767872 size-large\" src=\"https:\/\/www.europesays.com\/es\/wp-content\/uploads\/2025\/10\/INSTAGRAM-2-2-1024x1024.jpg.webp.webp\" alt=\"\" width=\"680\" height=\"680\"  \/><\/a><\/p>\n<p>\t\t\t\t\t<img loading=\"lazy\" decoding=\"async\" src=\"https:\/\/www.europesays.com\/es\/wp-content\/uploads\/2025\/10\/mano.png\" width=\"60\" height=\"60\" alt=\"Deliza hacia abajo\"\/>Sigue deslizando hacia abajo para ver m\u00e1s contenidos<\/p>\n","protected":false},"excerpt":{"rendered":"Sergio Scariolo compareci\u00f3 en rueda de prensa despu\u00e9s de la derrota del Real Madrid en la visita al&hellip;\n","protected":false},"author":2,"featured_media":231420,"comment_status":"","ping_status":"","sticky":false,"template":"","format":"standard","meta":{"footnotes":""},"categories":[269],"tags":[299,298,168,25,24,3048,3049,23,167],"class_list":{"0":"post-231419","1":"post","2":"type-post","3":"status-publish","4":"format-standard","5":"has-post-thumbnail","7":"category-baloncesto","8":"tag-baloncesto","9":"tag-basketball","10":"tag-deportes","11":"tag-es","12":"tag-espana","13":"tag-real-madrid","14":"tag-sergio-scariolo","15":"tag-spain","16":"tag-sports"},"share_on_mastodon":{"url":"https:\/\/pubeurope.com\/@es\/115534348439971855","error":""},"_links":{"self":[{"href":"https:\/\/www.europesays.com\/es\/wp-json\/wp\/v2\/posts\/231419","targetHints":{"allow":["GET"]}}],"collection":[{"href":"https:\/\/www.europesays.com\/es\/wp-json\/wp\/v2\/posts"}],"about":[{"href":"https:\/\/www.europesays.com\/es\/wp-json\/wp\/v2\/types\/post"}],"author":[{"embeddable":true,"href":"https:\/\/www.europesays.com\/es\/wp-json\/wp\/v2\/users\/2"}],"replies":[{"embeddable":true,"href":"https:\/\/www.europesays.com\/es\/wp-json\/wp\/v2\/comments?post=231419"}],"version-history":[{"count":0,"href":"https:\/\/www.europesays.com\/es\/wp-json\/wp\/v2\/posts\/231419\/revisions"}],"wp:featuredmedia":[{"embeddable":true,"href":"https:\/\/www.europesays.com\/es\/wp-json\/wp\/v2\/media\/231420"}],"wp:attachment":[{"href":"https:\/\/www.europesays.com\/es\/wp-json\/wp\/v2\/media?parent=231419"}],"wp:term":[{"taxonomy":"category","embeddable":true,"href":"https:\/\/www.europesays.com\/es\/wp-json\/wp\/v2\/categories?post=231419"},{"taxonomy":"post_tag","embeddable":true,"href":"https:\/\/www.europesays.com\/es\/wp-json\/wp\/v2\/tags?post=231419"}],"curies":[{"name":"wp","href":"https:\/\/api.w.org\/{rel}","templated":true}]}}