{"id":231421,"date":"2025-11-12T02:23:10","date_gmt":"2025-11-12T02:23:10","guid":{"rendered":"https:\/\/www.europesays.com\/es\/231421\/"},"modified":"2025-11-12T02:23:10","modified_gmt":"2025-11-12T02:23:10","slug":"un-exazulgrana-amenaza-la-era-del-barca-post-penarroya","status":"publish","type":"post","link":"https:\/\/www.europesays.com\/es\/231421\/","title":{"rendered":"Un exazulgrana &#8216;amenaza&#8217; la era del Bar\u00e7a post Pe\u00f1arroya"},"content":{"rendered":"<p data-gtm-element-container=\"modulo-texto-link\" class=\"paragraph\">El <strong>Bar\u00e7a<\/strong> viaja a Alemania para enfrentarse este mismo mi\u00e9rcoles (20:30 horas) al <strong>Bayern <\/strong>en el primer partido posterior a la salida de Joan <strong>Pe\u00f1arroya<\/strong>. El egarense ha puesto fin a su etapa como primer entrenador del equipo azulgrana, que ser\u00e1 dirigido en el SAP Garden por el t\u00e9cnico asistente \u00d3scar <strong>Orellana<\/strong>.<\/p>\n<p data-gtm-element-container=\"modulo-texto-link\" class=\"paragraph\">A falta de oficializarse el acuerdo con el pr\u00f3ximo entrenador -que todo indica que podr\u00eda volver a ser <strong>Xavi Pascual<\/strong>-, el Bar\u00e7a se enfrenta al conjunto germano en otra doble jornada de <strong>Euroliga<\/strong>. El <strong>Bayern<\/strong>, d\u00e9cimo, cuenta con el mismo balance de resultados que el equipo catal\u00e1n, con cinco victorias y cuatro derrotas. Tras ello, los azulgrana regresar\u00e1n al <strong>Palau <\/strong>para recibir al <strong>Virtus Bolonia<\/strong> en un encuentro en el que el t\u00e9cnico de Gav\u00e0 ya podr\u00eda sentarse en el banquillo si las negociaciones terminan llegando a buen puerto.<\/p>\n<p>        Lee tambi\u00e9n<\/p>\n<p>    Eloy Rodellar<\/p>\n<p>             <img loading=\"lazy\" decoding=\"async\" data-full-src=\"https:\/\/www.mundodeportivo.com\/uploads\/2025\/11\/11\/6912dd45b7d76.jpeg\" alt=\"Vertical\" width=\"334\" height=\"164\" src=\"https:\/\/www.europesays.com\/es\/wp-content\/uploads\/2025\/11\/6912dd45b7d76.r_d.1211-642.jpeg\" class=\"lazy\"\/><\/p>\n<p data-gtm-element-container=\"modulo-texto-link\" class=\"paragraph\">El <strong>Bayern <\/strong>quiere aprovechar el bajo estado de forma del <strong>Bar\u00e7a<\/strong>, que llegar\u00e1 tras caer en el Cl\u00e1sico ante el <strong>Real Madrid<\/strong> y sumar una nueva derrota de forma estrepitosa ante el <strong>B\u00e0squet Girona<\/strong> en Liga Endesa. El conjunto germano cuenta con varios l\u00edderes anotadores en su equipo, entre los que destacan <strong>Andreas Obst <\/strong>e <strong>Isiaha Mike<\/strong>, con 14 y 13,3 puntos por partido, respectivamente.\u00a0<\/p>\n<p>                <img loading=\"lazy\" decoding=\"async\" data-full-src=\"https:\/\/www.mundodeportivo.com\/uploads\/2025\/11\/11\/69132b7565ee9.jpeg\" alt=\"Oscar Da Silva, campe\u00f3n del Eurobasket 2025\" width=\"449\" height=\"253\" src=\"https:\/\/www.europesays.com\/es\/wp-content\/uploads\/2025\/11\/69132b7565ee9.r_d.951-748-3742.jpeg\" class=\"lazy\"\/><\/p>\n<p class=\"caption-title \">Oscar Da Silva, campe\u00f3n del Eurobasket 2025<\/p>\n<p>                    FIBA<\/p>\n<p data-gtm-element-container=\"modulo-texto-link\" class=\"paragraph\">En el Bayern tambi\u00e9n se encuentra un exazulgrana que est\u00e1 registrando notables n\u00fameros este curso. <strong>Oscar Da Silva<\/strong>, recientemente campe\u00f3n del Eurobasket con la selecci\u00f3n alemana, est\u00e1 siendo uno de los mejores jugadores del equipo promediando <strong>10 cr\u00e9ditos de valoraci\u00f3n<\/strong>, el cuarto mejor de su equipo.<\/p>\n<p data-gtm-element-container=\"modulo-texto-link\" class=\"paragraph\">Oscar <strong>Da Silva<\/strong> estuvo dos temporadas en el Bar\u00e7a. El ala-p\u00edvot alem\u00e1n sali\u00f3 del club azulgrana antes de lo previsto despu\u00e9s de que el Bar\u00e7a ejerciera la cl\u00e1usula de corte existente en su contrato. En el Palau, <strong>Da Silva gan\u00f3 una Liga Endesa <\/strong>(2023)<strong> y dos Lligas Catalanas <\/strong>(2022 y 2023), disputando un total de 136 partidos con la el\u00e1stica azulgrana.<\/p>\n<p>        Lee tambi\u00e9n<\/p>\n<p>    Oriol Falc\u00f3n<\/p>\n<p>             <img loading=\"lazy\" decoding=\"async\" data-full-src=\"https:\/\/www.mundodeportivo.com\/uploads\/2025\/11\/11\/6912fa04aeb32.jpeg\" alt=\"PJ Dozier se lesiona y estar\u00e1 un tiempo fuera de la rotaci\u00f3n de Anadolu Efes.\" width=\"334\" height=\"164\" src=\"https:\/\/www.europesays.com\/es\/wp-content\/uploads\/2025\/11\/6912fa04aeb32.r_d.417-132.jpeg\" class=\"lazy\"\/><\/p>\n<p data-gtm-element-container=\"modulo-texto-link\" class=\"paragraph\">Tras el cambio de rumbo en los banquillos, el <strong>Bar\u00e7a <\/strong>espera sumar su sexta victoria de la temporada en Euroliga. Uno de sus exjugadores, <strong>Oscar Da Silva<\/strong>, junto al talento y la anotaci\u00f3n de <strong>Obst<\/strong>, <strong>Isiaha <\/strong>o <strong>Rathan-Mayes<\/strong>, entre otros, querr\u00e1 evitar que la nueva etapa del equipo azulgrana arranque con un necesitado triunfo.<\/p>\n","protected":false},"excerpt":{"rendered":"El Bar\u00e7a viaja a Alemania para enfrentarse este mismo mi\u00e9rcoles (20:30 horas) al Bayern en el primer partido&hellip;\n","protected":false},"author":2,"featured_media":231422,"comment_status":"","ping_status":"","sticky":false,"template":"","format":"standard","meta":{"footnotes":""},"categories":[268],"tags":[168,25,24,280,282,281,23,167],"class_list":{"0":"post-231421","1":"post","2":"type-post","3":"status-publish","4":"format-standard","5":"has-post-thumbnail","7":"category-futbol","8":"tag-deportes","9":"tag-es","10":"tag-espana","11":"tag-football","12":"tag-futbol","13":"tag-soccer","14":"tag-spain","15":"tag-sports"},"share_on_mastodon":{"url":"https:\/\/pubeurope.com\/@es\/115534352233367700","error":""},"_links":{"self":[{"href":"https:\/\/www.europesays.com\/es\/wp-json\/wp\/v2\/posts\/231421","targetHints":{"allow":["GET"]}}],"collection":[{"href":"https:\/\/www.europesays.com\/es\/wp-json\/wp\/v2\/posts"}],"about":[{"href":"https:\/\/www.europesays.com\/es\/wp-json\/wp\/v2\/types\/post"}],"author":[{"embeddable":true,"href":"https:\/\/www.europesays.com\/es\/wp-json\/wp\/v2\/users\/2"}],"replies":[{"embeddable":true,"href":"https:\/\/www.europesays.com\/es\/wp-json\/wp\/v2\/comments?post=231421"}],"version-history":[{"count":0,"href":"https:\/\/www.europesays.com\/es\/wp-json\/wp\/v2\/posts\/231421\/revisions"}],"wp:featuredmedia":[{"embeddable":true,"href":"https:\/\/www.europesays.com\/es\/wp-json\/wp\/v2\/media\/231422"}],"wp:attachment":[{"href":"https:\/\/www.europesays.com\/es\/wp-json\/wp\/v2\/media?parent=231421"}],"wp:term":[{"taxonomy":"category","embeddable":true,"href":"https:\/\/www.europesays.com\/es\/wp-json\/wp\/v2\/categories?post=231421"},{"taxonomy":"post_tag","embeddable":true,"href":"https:\/\/www.europesays.com\/es\/wp-json\/wp\/v2\/tags?post=231421"}],"curies":[{"name":"wp","href":"https:\/\/api.w.org\/{rel}","templated":true}]}}