{"id":231423,"date":"2025-11-12T02:24:10","date_gmt":"2025-11-12T02:24:10","guid":{"rendered":"https:\/\/www.europesays.com\/es\/231423\/"},"modified":"2025-11-12T02:24:10","modified_gmt":"2025-11-12T02:24:10","slug":"lucas-valora-demandar-a-andy-tras-su-visita-a-el-hormiguero-segun-y-ahora-sonsoles-quiere-150-000-euros","status":"publish","type":"post","link":"https:\/\/www.europesays.com\/es\/231423\/","title":{"rendered":"Lucas valora demandar a Andy tras su visita a &#8216;El Hormiguero&#8217;, seg\u00fan &#8216;Y ahora Sonsoles&#8217;: \u00abQuiere 150.000 euros\u00bb"},"content":{"rendered":"<p class=\"article-text\">\n        <a href=\"https:\/\/www.eldiario.es\/vertele\/noticias\/andy-hablo-lucas-hormiguero-pelea-dinero-no-cobro-son-amores-presento-cancion_1_12757435.html\" target=\"_blank\" data-mrf-recirculation=\"links-noticia\" class=\"link\" rel=\"nofollow noopener\"><strong>Andy<\/strong><\/a><a href=\"https:\/\/www.eldiario.es\/vertele\/noticias\/andy-hablo-lucas-hormiguero-pelea-dinero-no-cobro-son-amores-presento-cancion_1_12757435.html\" target=\"_blank\" data-mrf-recirculation=\"links-noticia\" class=\"link\" rel=\"nofollow noopener\"> reapareci\u00f3 en <\/a><a href=\"https:\/\/www.eldiario.es\/vertele\/noticias\/andy-hablo-lucas-hormiguero-pelea-dinero-no-cobro-son-amores-presento-cancion_1_12757435.html\" target=\"_blank\" data-mrf-recirculation=\"links-noticia\" class=\"link\" rel=\"nofollow noopener\"><strong>El Hormiguero<\/strong><\/a> para dar impulsar su carrera en solitario. Durante la entrevista, <strong>Pablo Motos<\/strong> quiso conocer los motivos que le hab\u00edan llevado a romper el d\u00fao que le lanz\u00f3 a la fama en la d\u00e9cada de los 2000. Con su visita convertida en tema de conversaci\u00f3n, el programa<strong> <\/strong><strong>Y ahora Sonsoles<\/strong> ha contactado con el entorno de <strong>Lucas<\/strong>. Seg\u00fan sus fuentes, el cantante estar\u00eda dispuesto a <strong>demandarle y reclamar 150.000 euros<\/strong>.\n    <\/p>\n<p>    <a href=\"https:\/\/www.eldiario.es\/vertele\/noticias\/andy-hablo-lucas-hormiguero-pelea-dinero-no-cobro-son-amores-presento-cancion_1_12757435.html\" data-mrf-recirculation=\"saber-mas\" data-dl-event=\"saber-mas\" rel=\"nofollow noopener\" target=\"_blank\"><\/p>\n<p class=\"know-more__title\">Andy habl\u00f3 de Lucas en &#8216;El Hormiguero&#8217; por su pelea y el dinero que no cobr\u00f3 de &#8216;Son de amores&#8217;, y present\u00f3 su canci\u00f3n<\/p>\n<p>            <img decoding=\"async\" class=\"lazy\" loading=\"lazy\" data-src=\"https:\/\/static.eldiario.es\/clip\/e055aa50-5507-4276-8d46-ae7c85b0e53d_16-9-aspect-ratio_default_0.jpg\" src=\"data:image\/svg+xml,%3Csvg xmlns=\" http:=\"\" viewbox=\"0 0 880 495\" alt=\"Andy habl\u00f3 de Lucas en 'El Hormiguero' por su pelea y el dinero que no cobr\u00f3 de 'Son de amores', y present\u00f3 su canci\u00f3n\"\/><\/p>\n<p>                        <\/a><\/p>\n<p class=\"article-text\">\n        El periodista <strong>Carlos Garc\u00eda L\u00f3pez<\/strong> ha sido el encargado de explicar este martes, 11 de noviembre, que Lucas estuvo muy pendiente de la entrevista de su excompa\u00f1ero: \u201c<strong>El entorno me dice que todo, o casi todo, son mentiras<\/strong>. Que c\u00f3mo puede demostrar Andy todo lo que est\u00e1 diciendo\u201d. Asimismo, estas personas han destacado que el int\u00e9rprete \u201cest\u00e1 muy triste y se siente injustamente tratado\u201d tras lo ocurrido durante la emisi\u00f3n de El Hormiguero.\n    <\/p>\n<p class=\"article-text\">\n        A continuaci\u00f3n, <strong>Sonsoles \u00d3nega <\/strong>ha intervenido para plantear una cuesti\u00f3n: \u201c<strong>\u00bfVa a tomar medidas?<\/strong>\u201d. El periodista ha asentido, se\u00f1alando la destacable cantidad de dinero que se estar\u00eda valorando: \u201cLe quiere pedir, no es una cifra nimia, <strong>150.000 euros por da\u00f1os y perjuicios<\/strong>\u201d. Tras el shock de la presentadora y su enorme sorpresa, Garc\u00eda ha insistido en la clave: \u201cNo es solo lo que ha dicho p\u00fablicamente, sino lo que ha ido deslizando\u201d.\n    <\/p>\n<p class=\"article-text\">\n        Un d\u00eda antes, Andy se convirti\u00f3 en protagonista del prime time de<strong> Antena 3<\/strong>. Durante su intervenci\u00f3n en El Hormiguero, el cantante asegur\u00f3 sentirse libre y se pronunci\u00f3 sobre lo ocurrido durante los \u00faltimos meses con Lucas. Despu\u00e9s de confesar que la relaci\u00f3n era estrictamente profesional, el invitado desvel\u00f3 haber tenido fuertes enfrentamientos con su excompa\u00f1ero: \u201cS\u00ed que<strong>\u00a0tuvimos una pelea de verdad<\/strong>. F\u00edsicamente, no nos tocamos; pero fue\u00a0<strong>muy desagradable<\/strong>\u201d.\n    <\/p>\n<p>    <a href=\"https:\/\/www.eldiario.es\/vertele\/noticias\/rosalia-llego-revuelta-reunion-vecinos-famosos-dedicar-broncano-perla-desvelar-significado_1_12756991.html\" data-mrf-recirculation=\"saber-mas-abajo\" data-dl-event=\"saber-mas-abajo\" rel=\"nofollow noopener\" target=\"_blank\"><\/p>\n<p class=\"know-more__title\">Rosal\u00eda lleg\u00f3 a &#8216;La Revuelta&#8217; tras una reuni\u00f3n de vecinos famosos, dedic\u00f3 a Broncano &#8216;La Perla&#8217; y desvel\u00f3 su mensaje<\/p>\n<p>            <img decoding=\"async\" class=\"lazy\" loading=\"lazy\" data-src=\"https:\/\/static.eldiario.es\/clip\/b586fb09-e31a-4962-a8ca-85014974c272_16-9-aspect-ratio_default_0.jpg\" src=\"data:image\/svg+xml,%3Csvg xmlns=\" http:=\"\" viewbox=\"0 0 880 495\" alt=\"Rosal\u00eda lleg\u00f3 a 'La Revuelta' tras una reuni\u00f3n de vecinos famosos para dedicar a Broncano 'La Perla' y desvelar su significado\"\/><\/p>\n<p>                        <\/a><\/p>\n<p>    Andy abord\u00f3 la cuesti\u00f3n econ\u00f3mica en &#8216;El Hormiguero&#8217;<\/p>\n<p class=\"article-text\">\n        Tambi\u00e9n sali\u00f3 a relucir la cuesti\u00f3n econ\u00f3mica. \u201c<strong>De un cach\u00e9 de 30.000 euros, \u00bfcu\u00e1nto te quedaba?<\/strong>\u201d, plante\u00f3 Pablo Motos, a lo que Andy respondi\u00f3 que entre \u201c2.000 o 3.000 euros\u201d. El invitado insisti\u00f3 en que \u201c<strong>Lucas se encargaba de facturar<\/strong>\u201d y \u00e9l no \u201cno ve\u00eda n\u00fameros\u201d porque confiaba en su palabra. Adem\u00e1s, el cantante habl\u00f3 de las escuchas de sus canciones en\u00a0Spotify\u00a0y\u00a0Youtube: \u201cLo habl\u00e9 con \u00e9l en su momento, y me dec\u00eda que era muy poco dinero\u201d.\n    <\/p>\n<blockquote class=\"twitter-tweet\" data-lang=\"es\"><p><a href=\"https:\/\/twitter.com\/X\/status\/1987997344777068874?ref_src=twsrc%5Etfw\" rel=\"nofollow noopener\" target=\"_blank\"><\/p><\/blockquote>\n<p>            <script async src=\"https:\/\/platform.twitter.com\/widgets.js\" charset=\"utf-8\"><\/script><\/p>\n","protected":false},"excerpt":{"rendered":"Andy reapareci\u00f3 en El Hormiguero para dar impulsar su carrera en solitario. Durante la entrevista, Pablo Motos quiso&hellip;\n","protected":false},"author":2,"featured_media":231424,"comment_status":"","ping_status":"","sticky":false,"template":"","format":"standard","meta":{"footnotes":""},"categories":[174],"tags":[26959,16221,255,60523,146,147,25,24,1557,256,17775,7357,1646,23,11640],"class_list":{"0":"post-231423","1":"post","2":"type-post","3":"status-publish","4":"format-standard","5":"has-post-thumbnail","7":"category-famosos","8":"tag-26959","9":"tag-andy","10":"tag-celebrities","11":"tag-demandar","12":"tag-entertainment","13":"tag-entretenimiento","14":"tag-es","15":"tag-espana","16":"tag-euros","17":"tag-famosos","18":"tag-hormiguero","19":"tag-lucas","20":"tag-sonsoles","21":"tag-spain","22":"tag-valora"},"share_on_mastodon":{"url":"https:\/\/pubeurope.com\/@es\/115534355705693940","error":""},"_links":{"self":[{"href":"https:\/\/www.europesays.com\/es\/wp-json\/wp\/v2\/posts\/231423","targetHints":{"allow":["GET"]}}],"collection":[{"href":"https:\/\/www.europesays.com\/es\/wp-json\/wp\/v2\/posts"}],"about":[{"href":"https:\/\/www.europesays.com\/es\/wp-json\/wp\/v2\/types\/post"}],"author":[{"embeddable":true,"href":"https:\/\/www.europesays.com\/es\/wp-json\/wp\/v2\/users\/2"}],"replies":[{"embeddable":true,"href":"https:\/\/www.europesays.com\/es\/wp-json\/wp\/v2\/comments?post=231423"}],"version-history":[{"count":0,"href":"https:\/\/www.europesays.com\/es\/wp-json\/wp\/v2\/posts\/231423\/revisions"}],"wp:featuredmedia":[{"embeddable":true,"href":"https:\/\/www.europesays.com\/es\/wp-json\/wp\/v2\/media\/231424"}],"wp:attachment":[{"href":"https:\/\/www.europesays.com\/es\/wp-json\/wp\/v2\/media?parent=231423"}],"wp:term":[{"taxonomy":"category","embeddable":true,"href":"https:\/\/www.europesays.com\/es\/wp-json\/wp\/v2\/categories?post=231423"},{"taxonomy":"post_tag","embeddable":true,"href":"https:\/\/www.europesays.com\/es\/wp-json\/wp\/v2\/tags?post=231423"}],"curies":[{"name":"wp","href":"https:\/\/api.w.org\/{rel}","templated":true}]}}