{"id":231425,"date":"2025-11-12T02:27:12","date_gmt":"2025-11-12T02:27:12","guid":{"rendered":"https:\/\/www.europesays.com\/es\/231425\/"},"modified":"2025-11-12T02:27:12","modified_gmt":"2025-11-12T02:27:12","slug":"broncano-presume-de-su-victoria-historica-ante-motos-con-la-visita-de-rosalia-sin-darle-mucha-importancia","status":"publish","type":"post","link":"https:\/\/www.europesays.com\/es\/231425\/","title":{"rendered":"Broncano presume de su victoria hist\u00f3rica ante Motos con la visita de Rosal\u00eda: \u00abSin darle mucha importancia\u00bb"},"content":{"rendered":"<p><a class=\"v-mdl-ath__fig-a\" href=\"https:\/\/www.elcorreo.com\/autor\/gabriel-cuesta-2310.html\" title=\"Gabriel Cuesta\" rel=\"nofollow noopener\" target=\"_blank\"><br \/>\n<img decoding=\"async\" class=\"v-mdl-ath__img\" src=\"https:\/\/www.europesays.com\/es\/wp-content\/uploads\/2025\/09\/autor-2310-foto-2.jpeg\" alt=\"Gabriel Cuesta\"\/><br \/>\n<\/a><\/p>\n<p class=\"v-mdl-ath__p v-mdl-ath__p--6\">\nMartes, 11 de noviembre 2025, 22:13<\/p>\n<p>| Actualizado 22:24h.<\/p>\n<p class=\"v-p\">Su sonrisa le delata a David Broncano. Tard\u00f3 unos minutos en dejarlo caer, pero no pod\u00eda dejar la ocasi\u00f3n. \u00abHace tiempo que no digo nada porque no voy a estar todos d\u00edas con esto&#8230; sin darle mucha importancia\u00bb, arrancaba ri\u00e9ndose. Estaba claro que iba a hablar de su hist\u00f3rica victoria ante Pablo Motos gracias a la visita de Rosal\u00eda. <\/p>\n<p class=\"v-p\">\u00abAgradecer a Rosal\u00eda porque se bati\u00f3 el r\u00e9cord hist\u00f3rico de audiencia del programa\u00bb, resalt\u00f3 el presentador de &#8216;La Revuelta&#8217; bailando entre aplausos del p\u00fablico. Tambi\u00e9n sali\u00f3 un robot gigante a bailar y tuvo palabras para Almod\u00f3var y compa\u00f1\u00eda por acudir a la peculiar junta de vecinos. \u00abYo despu\u00e9s me puse &#8216;El Hormiguero&#8217;\u00bb, solt\u00f3 Grison. \u00abSe han peleado Andy y Lucas, eh\u00bb, coment\u00f3 el humorista, que solo vio \u00abun par de v\u00eddeos\u00bb. <\/p>\n<p class=\"v-p\">Rosal\u00eda logr\u00f3 el r\u00e9cord del programa, que fue seguido por m\u00e1s de 2,7 millones de espectadores de media. En algunos momentos se llegaron a registrar hasta 5,3 millones. TVE arras\u00f3 en la franja del &#8216;access prime time&#8217; con un 20,4% de &#8216;share&#8217;. Fueron cinco puntos m\u00e1s que su principal rival, &#8216;El Hormiguero&#8217;. El programa de Pablo Motos, que se ha acostumbrado a ganar en 2025 a su rival, tuvo que conformarse con la segunda plaza con dos millones de espectadores que se engancharon a la rajada de Andy sobre Lucas.<\/p>\n<p class=\"v-p\">Con los datos que deja la entrevista a Rosal\u00eda, el programa de La 1 recupera el liderazgo que perdi\u00f3 en noviembre del a\u00f1o pasado. De hecho, Broncano no superaba la barrera de los 2,5 millones de espectadores diarios desde sus primeros programas en septiembre de 2024. Tambi\u00e9n fue la primera vez que super\u00f3 la barrera del 20% de cuota de pantalla. <\/p>\n<p>Reporta un error<\/p>\n","protected":false},"excerpt":{"rendered":"Martes, 11 de noviembre 2025, 22:13 | Actualizado 22:24h. Su sonrisa le delata a David Broncano. Tard\u00f3 unos&hellip;\n","protected":false},"author":2,"featured_media":231426,"comment_status":"","ping_status":"","sticky":false,"template":"","format":"standard","meta":{"footnotes":""},"categories":[171],"tags":[1575,13289,146,147,25,24,5229,13882,19588,4147,23,214,1261,938],"class_list":{"0":"post-231425","1":"post","2":"type-post","3":"status-publish","4":"format-standard","5":"has-post-thumbnail","7":"category-tv","8":"tag-ante","9":"tag-broncano","10":"tag-entertainment","11":"tag-entretenimiento","12":"tag-es","13":"tag-espana","14":"tag-historica","15":"tag-motos","16":"tag-presume","17":"tag-rosalia","18":"tag-spain","19":"tag-tv","20":"tag-victoria","21":"tag-visita"},"share_on_mastodon":{"url":"https:\/\/pubeurope.com\/@es\/115534367767352216","error":""},"_links":{"self":[{"href":"https:\/\/www.europesays.com\/es\/wp-json\/wp\/v2\/posts\/231425","targetHints":{"allow":["GET"]}}],"collection":[{"href":"https:\/\/www.europesays.com\/es\/wp-json\/wp\/v2\/posts"}],"about":[{"href":"https:\/\/www.europesays.com\/es\/wp-json\/wp\/v2\/types\/post"}],"author":[{"embeddable":true,"href":"https:\/\/www.europesays.com\/es\/wp-json\/wp\/v2\/users\/2"}],"replies":[{"embeddable":true,"href":"https:\/\/www.europesays.com\/es\/wp-json\/wp\/v2\/comments?post=231425"}],"version-history":[{"count":0,"href":"https:\/\/www.europesays.com\/es\/wp-json\/wp\/v2\/posts\/231425\/revisions"}],"wp:featuredmedia":[{"embeddable":true,"href":"https:\/\/www.europesays.com\/es\/wp-json\/wp\/v2\/media\/231426"}],"wp:attachment":[{"href":"https:\/\/www.europesays.com\/es\/wp-json\/wp\/v2\/media?parent=231425"}],"wp:term":[{"taxonomy":"category","embeddable":true,"href":"https:\/\/www.europesays.com\/es\/wp-json\/wp\/v2\/categories?post=231425"},{"taxonomy":"post_tag","embeddable":true,"href":"https:\/\/www.europesays.com\/es\/wp-json\/wp\/v2\/tags?post=231425"}],"curies":[{"name":"wp","href":"https:\/\/api.w.org\/{rel}","templated":true}]}}