{"id":231427,"date":"2025-11-12T02:30:11","date_gmt":"2025-11-12T02:30:11","guid":{"rendered":"https:\/\/www.europesays.com\/es\/231427\/"},"modified":"2025-11-12T02:30:11","modified_gmt":"2025-11-12T02:30:11","slug":"de-minaur-tras-caer-con-musetti-no-se-cuantas-veces-mas-podre-soportar-una-derrota-como-esta-atp-tour","status":"publish","type":"post","link":"https:\/\/www.europesays.com\/es\/231427\/","title":{"rendered":"De Mi\u00f1aur tras caer con Musetti: \u00abNo s\u00e9 cu\u00e1ntas veces m\u00e1s podr\u00e9 soportar una derrota como esta\u00bb | ATP Tour"},"content":{"rendered":"<p>        Cr\u00f3nica del partido<br \/>\n    De Mi\u00f1aur tras caer con Musetti: \u00abNo s\u00e9 cu\u00e1ntas veces m\u00e1s podr\u00e9 soportar una derrota como esta\u00bb<\/p>\n<p>El australiano sac\u00f3 el martes para partido<\/p>\n<p>November 11, 2025<\/p>\n<p>            <img decoding=\"async\" src=\"https:\/\/www.europesays.com\/es\/wp-content\/uploads\/2025\/11\/demon-turin-2025-tuesday.jpg\" alt=\"\u00c1lex de Mi\u00f1aur en acci\u00f3n el martes en Tur\u00edn.\"\/><\/p>\n<p>Corinne Dubreuil\/ATP Tour<\/p>\n<p>        \u00c1lex de Mi\u00f1aur en acci\u00f3n el martes en Tur\u00edn.<br \/>\n        By Redacci\u00f3n ATP <\/p>\n<p>\u00c1lex de Mi\u00f1aur no se contuvo tras su dolorosa derrota en tres sets ante <a href=\"https:\/\/www.atptour.com\/es\/players\/lorenzo-musetti\/m0ej\/overview\" rel=\"nofollow noopener\" target=\"_blank\">Lorenzo Musetti<\/a> el martes por la noche en las <a href=\"https:\/\/www.atptour.com\/es\/tournaments\/nitto-atp-finals\/605\/overview\" rel=\"nofollow noopener\" target=\"_blank\">Nitto ATP Finals<\/a>. El australiano sac\u00f3 para ganar el partido estando 5-4 en el tercer set, pero finalmente cay\u00f3 por 5-7, 6-3, 5-7 y ahora tiene un r\u00e9cord de 0-2 en el grupo <a href=\"https:\/\/www.atptour.com\/es\/players\/jimmy-connors\/c044\/overview\" rel=\"nofollow noopener\" target=\"_blank\">Jimmy Connors<\/a>.<br \/>\u00a0<br \/>\u201cSi de verdad quiero tomarme en serio el siguiente paso en mi carrera, no puedo perder estos partidos. Simplemente no puedo\u201d, declar\u00f3 De Minaur en la rueda de prensa posterior al partido. \u201cSiento que he perdido muchos este a\u00f1o. Eso est\u00e1 llegando a un punto en el que me est\u00e1 matando mentalmente\u201d.<\/p>\n<p>Tambi\u00e9n Podr\u00eda Interesarle: <a href=\"https:\/\/www.atptour.com\/es\/news\/martes-nitto-atp-finals-2025-musetti-de-minaur\" rel=\"nofollow noopener\" target=\"_blank\">Musetti revive en Tur\u00edn con su mejor victoria del a\u00f1o en pistas r\u00e1pidas<\/a> <\/p>\n<p>El jugador de 26 a\u00f1os, que ahora acumula un balance de 0-5 en sus dos participaciones en el prestigioso torneo de fin de a\u00f1o, perdi\u00f3 en el tercer set contra <a href=\"https:\/\/www.atptour.com\/es\/players\/alexander-bublik\/bk92\/overview\" rel=\"nofollow noopener\" target=\"_blank\">Alexander Bublik<\/a> en los cuartos de final de Par\u00eds el mes pasado y tambi\u00e9n cay\u00f3 en el set decisivo ante el n\u00famero 2 del PIF ATP Rankings, <a href=\"https:\/\/www.atptour.com\/es\/players\/jannik-sinner\/s0ag\/overview\" rel=\"nofollow noopener\" target=\"_blank\">Jannik Sinner<\/a>, en Pek\u00edn. Si bien De Mi\u00f1aur ha ganado un r\u00e9cord personal de 55 partidos a nivel ATP en 2025, seg\u00fan el \u00cdndice de Victorias\/Derrotas ATP de Infosys, ha perdido en el set decisivo en ocho ocasiones, incluyendo la derrota contra Musetti en las semifinales de Montecarlo.<br \/>\u00a0<br \/>\u201cNecesito ganar estos partidos. Si no lo soluciono, me va a consumir\u201d, declar\u00f3 De Mi\u00f1aur. \u201cTengo que resolverlo cuanto antes. No s\u00e9 cu\u00e1ntas veces m\u00e1s podr\u00e9 soportar una derrota como esta\u201d.<br \/>\u00a0<br \/>De Mi\u00f1aur, campe\u00f3n en Washington a principios de a\u00f1o, se enfrentar\u00e1 a <a href=\"https:\/\/www.atptour.com\/es\/players\/taylor-fritz\/fb98\/overview\" rel=\"nofollow noopener\" target=\"_blank\">Taylor Fritz<\/a> el jueves en su tercer y \u00faltimo partido de la fase de grupos. El s\u00e9ptimo cabeza de serie a\u00fan tiene posibilidades de clasificarse para las semifinales.<\/p>\n","protected":false},"excerpt":{"rendered":"Cr\u00f3nica del partido De Mi\u00f1aur tras caer con Musetti: \u00abNo s\u00e9 cu\u00e1ntas veces m\u00e1s podr\u00e9 soportar una derrota&hellip;\n","protected":false},"author":2,"featured_media":231428,"comment_status":"","ping_status":"","sticky":false,"template":"","format":"standard","meta":{"footnotes":""},"categories":[93],"tags":[168,25,24,23,167],"class_list":{"0":"post-231427","1":"post","2":"type-post","3":"status-publish","4":"format-standard","5":"has-post-thumbnail","7":"category-deportes","8":"tag-deportes","9":"tag-es","10":"tag-espana","11":"tag-spain","12":"tag-sports"},"share_on_mastodon":{"url":"https:\/\/pubeurope.com\/@es\/115534379541197707","error":""},"_links":{"self":[{"href":"https:\/\/www.europesays.com\/es\/wp-json\/wp\/v2\/posts\/231427","targetHints":{"allow":["GET"]}}],"collection":[{"href":"https:\/\/www.europesays.com\/es\/wp-json\/wp\/v2\/posts"}],"about":[{"href":"https:\/\/www.europesays.com\/es\/wp-json\/wp\/v2\/types\/post"}],"author":[{"embeddable":true,"href":"https:\/\/www.europesays.com\/es\/wp-json\/wp\/v2\/users\/2"}],"replies":[{"embeddable":true,"href":"https:\/\/www.europesays.com\/es\/wp-json\/wp\/v2\/comments?post=231427"}],"version-history":[{"count":0,"href":"https:\/\/www.europesays.com\/es\/wp-json\/wp\/v2\/posts\/231427\/revisions"}],"wp:featuredmedia":[{"embeddable":true,"href":"https:\/\/www.europesays.com\/es\/wp-json\/wp\/v2\/media\/231428"}],"wp:attachment":[{"href":"https:\/\/www.europesays.com\/es\/wp-json\/wp\/v2\/media?parent=231427"}],"wp:term":[{"taxonomy":"category","embeddable":true,"href":"https:\/\/www.europesays.com\/es\/wp-json\/wp\/v2\/categories?post=231427"},{"taxonomy":"post_tag","embeddable":true,"href":"https:\/\/www.europesays.com\/es\/wp-json\/wp\/v2\/tags?post=231427"}],"curies":[{"name":"wp","href":"https:\/\/api.w.org\/{rel}","templated":true}]}}