{"id":231435,"date":"2025-11-12T02:36:16","date_gmt":"2025-11-12T02:36:16","guid":{"rendered":"https:\/\/www.europesays.com\/es\/231435\/"},"modified":"2025-11-12T02:36:16","modified_gmt":"2025-11-12T02:36:16","slug":"sera-mas-caro-porque-hay-menos-gallinas-y-se-sigue-consumiendo","status":"publish","type":"post","link":"https:\/\/www.europesays.com\/es\/231435\/","title":{"rendered":"\u00abSer\u00e1 m\u00e1s caro porque hay menos gallinas y se sigue consumiendo\u00bb"},"content":{"rendered":"<p style=\"\">El aumento de los casos de <strong>gripe aviar <\/strong>en Europa y el \u00abempeoramiento de la situaci\u00f3n\u00bb en Espa\u00f1a ha llevado al Ministerio de Agricultura, Pesca y Alimentaci\u00f3n a ordenar <a href=\"https:\/\/www.abc.es\/sociedad\/espana-prohibe-criar-aves-corral-libertad-aumento-20251106104307-nt.html\" title=\"www.abc.es\" data-voc-vtm-id=\"in-text-traffic\" data-mrf-link=\"www.abc.es\" rel=\"nofollow noopener\" target=\"_blank\">el confinamiento de aves en casi 1.200 municipios<\/a> del pa\u00eds y a sacrificar <strong>a dos <\/strong> &#8230; <strong>millones<\/strong> de gallinas ponedoras para prevenir la propagaci\u00f3n del virus. <\/p>\n<p class=\"voc-p\" style=\"\">Seg\u00fan las cifras de ADIS, el sistema inform\u00e1tico europeo sobre enfermedades animales, entre el 1 de julio y el 5 de noviembre se registraron 139 brotes en explotaciones av\u00edcolas de Europa, <strong>14 de ellos en Espa\u00f1a. En este sentido,<\/strong> un mapa publicado por Agricultura ubica las zonas de \u00abriesgo\u00bb o \u00abalto riesgo\u00bb en el suroeste y el centro del pa\u00eds, as\u00ed como en el norte.<\/p>\n<p class=\"voc-p\" style=\"\">Dentro de las medidas establecidas por el Ministerio de Agricultura, Pesca y Alimentaci\u00f3n en las zonas de especial riesgo y vigilancia se incluyen<strong> la prohibici\u00f3n de utilizar p\u00e1jaros <\/strong>de los \u00f3rdenes anseriformes y charadriformes como se\u00f1uelo o la de criar patos y gansos con otras aves de corral. Adem\u00e1s, tampoco se permite <strong>criar aves de corral al aire libre<\/strong>. <\/p>\n<p class=\"voc-p\" style=\"\">De esta forma, el Gobierno y las comunidades aut\u00f3nomas est\u00e1n actuando de forma coordinada para<strong> evitar la expansi\u00f3n de los focos.<\/strong> En este sentido, el Ejecutivo central ha lanzado un mensaje de <strong>\u00abtranquilidad\u00bb y \u00abserenidad\u00bb<\/strong> este martes y ha recordado que est\u00e1 trabajando con el sector para contener y evitar la expansi\u00f3n de estos focos.<\/p>\n<p>\nCarlos Herrera advierte sobre las consecuencias de la gripe aviar\n<\/p>\n<p class=\"voc-p\" style=\"\">Con este asunto comenz\u00f3<strong> Carlos Herrera<\/strong> su mon\u00f3logo de este lunes en <a href=\"https:\/\/www.cope.es\/programas\/herrera-en-cope\/monologo-de-las-8-de-herrera\/monologos\/queremos-tribunales-pedro-sanchez-decir-culpable-inocente-20251110_3248636.html\" title=\"www.cope.es\" data-voc-vtm-id=\"in-text-traffic\" data-mrf-link=\"www.cope.es\" rel=\"nofollow noopener\" target=\"_blank\">&#8216;Herrera en COPE&#8217;<\/a>. \u00abEs un d\u00eda peculiar porque vuelve a Espa\u00f1a el <strong>confinamiento<\/strong>, pero en este caso de gallinas ponedoras por la gripe aviar\u00bb, adelant\u00f3 el periodista.<\/p>\n<p class=\"voc-p\" style=\"\">Tal y como se\u00f1al\u00f3 Herrera, \u00ablas aves migratorias llegan a lugares, particularmente <strong>h\u00famedales o pantanos<\/strong>, contagian a las gallinas&#8230;\u00bb y, por este motivo, \u00aben 1.200 municipios a lo largo de toda Espa\u00f1a, las gallinas al aire libre van a pasar a ser gallinas &#8216;indoor&#8217;, como el atletismo\u00bb, brome\u00f3. <\/p>\n<p class=\"voc-p\" style=\"\">No obstante, Herrera advirti\u00f3 de las consecuencias que puede tener para el bolsillo de los consumidores la propagaci\u00f3n de la gripe aviar. \u00ab<strong>El huevo ser\u00e1 m\u00e1s caro porque hay menos gallinas<\/strong> y el huevo se sigue consumiendo. Y de qu\u00e9 manera\u00bb, asegur\u00f3.<\/p>\n<p class=\"voc-p\" style=\"\">El periodista insisti\u00f3 en que \u00abun problema sanitario con dos millones y medio de gallinas sacrificadas y ahora confinadas\u00bb, como es el aumento de casos de gripe aviar, <strong>\u00abrepercute en la producci\u00f3n\u00bb<\/strong>. <\/p>\n<p class=\"voc-p\" style=\"\">En este sentido, Herrera advirti\u00f3 sobre c\u00f3mo la gripe aviar puede agudizar la crisis del huevo. \u00abSe suma a la din\u00e1mica que ya est\u00e1bamos sufriendo: escasez de huevos en Estados Unidos, altos costes de producci\u00f3n \u2014porque el pienso est\u00e1 m\u00e1s caro, la energ\u00eda tambi\u00e9n\u2014\u00bb, explic\u00f3 el periodista, que advirti\u00f3, de forma rotunda: \u00abEn lo que va de a\u00f1o, <strong>los huevos se han encarecido un 50%<\/strong>\u00bb. <\/p>\n<p class=\"voc-p\" style=\"\">El periodista explic\u00f3 tambi\u00e9n si el aumento de contagios puede afectar a la poblaci\u00f3n de forma directa. \u00ab\u00bfY a m\u00ed qu\u00e9 me ocurre? A usted, nada\u00bb, dijo. Y es que Herrera quiso tranquilizar a los oyentes: \u00abNo se preocupe porque<strong> la gripe aviar no se transmite al ser humano<\/strong>. Y, si se transmite, habr\u00eda que comerse una butarda cruda. Ser\u00eda una gripe, pero poco m\u00e1s\u00bb. <\/p>\n","protected":false},"excerpt":{"rendered":"El aumento de los casos de gripe aviar en Europa y el \u00abempeoramiento de la situaci\u00f3n\u00bb en Espa\u00f1a&hellip;\n","protected":false},"author":2,"featured_media":231436,"comment_status":"","ping_status":"","sticky":false,"template":"","format":"standard","meta":{"footnotes":""},"categories":[8],"tags":[29997,17,18,415,35041,25,24,13,14,7965,7749,11,2140,19,20,9,10,15,16,57,23,12,21,22,5151],"class_list":{"0":"post-231435","1":"post","2":"type-post","3":"status-publish","4":"format-standard","5":"has-post-thumbnail","7":"category-espana","8":"tag-aviar","9":"tag-breaking-news","10":"tag-breakingnews","11":"tag-carlos","12":"tag-confinado","13":"tag-es","14":"tag-espana","15":"tag-featured-news","16":"tag-featurednews","17":"tag-gallinas","18":"tag-gripe","19":"tag-headlines","20":"tag-herrera","21":"tag-latest-news","22":"tag-latestnews","23":"tag-news","24":"tag-noticias","25":"tag-noticias-destacadas","26":"tag-noticiasdestacadas","27":"tag-sobre","28":"tag-spain","29":"tag-titulares","30":"tag-ultimas-noticias","31":"tag-ultimasnoticias","32":"tag-xxx"},"share_on_mastodon":{"url":"https:\/\/pubeurope.com\/@es\/115534403216741476","error":""},"_links":{"self":[{"href":"https:\/\/www.europesays.com\/es\/wp-json\/wp\/v2\/posts\/231435","targetHints":{"allow":["GET"]}}],"collection":[{"href":"https:\/\/www.europesays.com\/es\/wp-json\/wp\/v2\/posts"}],"about":[{"href":"https:\/\/www.europesays.com\/es\/wp-json\/wp\/v2\/types\/post"}],"author":[{"embeddable":true,"href":"https:\/\/www.europesays.com\/es\/wp-json\/wp\/v2\/users\/2"}],"replies":[{"embeddable":true,"href":"https:\/\/www.europesays.com\/es\/wp-json\/wp\/v2\/comments?post=231435"}],"version-history":[{"count":0,"href":"https:\/\/www.europesays.com\/es\/wp-json\/wp\/v2\/posts\/231435\/revisions"}],"wp:featuredmedia":[{"embeddable":true,"href":"https:\/\/www.europesays.com\/es\/wp-json\/wp\/v2\/media\/231436"}],"wp:attachment":[{"href":"https:\/\/www.europesays.com\/es\/wp-json\/wp\/v2\/media?parent=231435"}],"wp:term":[{"taxonomy":"category","embeddable":true,"href":"https:\/\/www.europesays.com\/es\/wp-json\/wp\/v2\/categories?post=231435"},{"taxonomy":"post_tag","embeddable":true,"href":"https:\/\/www.europesays.com\/es\/wp-json\/wp\/v2\/tags?post=231435"}],"curies":[{"name":"wp","href":"https:\/\/api.w.org\/{rel}","templated":true}]}}