{"id":23144,"date":"2025-08-03T16:22:06","date_gmt":"2025-08-03T16:22:06","guid":{"rendered":"https:\/\/www.europesays.com\/es\/23144\/"},"modified":"2025-08-03T16:22:06","modified_gmt":"2025-08-03T16:22:06","slug":"3-muertos-y-2-desaparecidos-tras-derrumbe-en-la-mina-el-teniente-de-codelco-en-chile","status":"publish","type":"post","link":"https:\/\/www.europesays.com\/es\/23144\/","title":{"rendered":"3 muertos y 2 desaparecidos tras derrumbe en la mina El Teniente de Codelco en Chile"},"content":{"rendered":"<p>\n         Publicado<br \/>\n            03\/08\/2025 &#8211; 17:44 CEST\n            <\/p>\n<p>          <img decoding=\"async\" class=\"c-ad__placeholder__logo\" src=\"https:\/\/static.euronews.com\/website\/images\/logos\/logo-euronews-stacked-outlined-72x72-grey-9.svg\" width=\"72\" height=\"72\" alt=\"\" loading=\"lazy\"\/><br \/>\n          PUBLICIDAD<\/p>\n<p>La Compa\u00f1\u00eda Nacional del Cobre de Chile (Codelco) confirm\u00f3 este domingo el hallazgo de dos cad\u00e1veres m\u00e1s de los <strong>cinco mineros desaparecidos desde el jueves<\/strong>, elevando a tres el n\u00famero de fallecidos tras el accidente <a href=\"https:\/\/es.euronews.com\/tag\/mineria\" rel=\"nofollow noopener\" target=\"_blank\">en la mina de El Teniente<\/a>, la explotaci\u00f3n de cobre m\u00e1s grande del mundo. <\/p>\n<p>El <strong>derrumbe se produjo a 500 metros de profundidad<\/strong> en el sector Andesita debido a un <strong>sismo de magnitud 4,2 en la escala Richter<\/strong>, dejando tambi\u00e9n nueve personas heridas de distinta gravedad, aunque todas fuera de peligro.<\/p>\n<p>\u00abLamentamos profundamente el hallazgo de otros dos compa\u00f1eros sin vida, cuya identidad ser\u00e1 determinada por las autoridades competentes\u00bb, indic\u00f3 la empresa estatal, que mantiene activos los trabajos de rescate con la esperanza de encontrar a los dos mineros que permanecen desaparecidos. <\/p>\n<p>Los rescatistas, algunos veteranos del famoso <a href=\"https:\/\/es.euronews.com\/2013\/10\/11\/daniel-herrera-miembro-de-los-33-de-san-jose-la-mina-se-trago-una-parte-de-\" rel=\"nofollow noopener\" target=\"_blank\"><strong>rescate de 2010 de los 33 mineros de la mina San Jos\u00e9<\/strong><\/a>, conocen la ubicaci\u00f3n exacta de las v\u00edctimas gracias a dispositivos de geolocalizaci\u00f3n, aunque no han logrado establecer contacto.<\/p>\n<p>Investigaci\u00f3n oficial y el peor accidente en d\u00e9cadas<\/p>\n<p>La Fiscal\u00eda regional de O&#8217;Higgins abri\u00f3 una <strong>investigaci\u00f3n para determinar las causas del sismo que provoc\u00f3 el derrumbe<\/strong>, evaluando si fue de origen natural o consecuencia de las perforaciones de Codelco. <\/p>\n<p>El presidente Gabriel Boric se reuni\u00f3 el s\u00e1bado con las familias afectadas y asegur\u00f3 que <strong>se est\u00e1n empleando \u00abtodos los esfuerzos, con toda la tecnolog\u00eda disponible<\/strong>, no en Chile, en el mundo\u00bb para el rescate, a\u00f1adiendo que \u00abtiene que haber justicia y claridad\u00bb sobre las responsabilidades.<\/p>\n<p>Este siniestro representa <strong>el accidente m\u00e1s grave en El Teniente en m\u00e1s de tres d\u00e9cadas<\/strong>. La tragedia m\u00e1s devastadora en esta mina, ubicada a 120 kil\u00f3metros al sur de <a href=\"https:\/\/es.euronews.com\/tag\/chile\" rel=\"nofollow noopener\" target=\"_blank\">Santiago<\/a> en la regi\u00f3n de O&#8217;Higgins, ocurri\u00f3 en 1990 con la muerte de seis mineros. <\/p>\n<p>Codelco contin\u00faa las <strong>labores de rescate quitando con equipos teledirigidos las rocas<\/strong> que obstruyen la galer\u00eda donde presuntamente se encuentran los dos trabajadores desaparecidos.<\/p>\n","protected":false},"excerpt":{"rendered":"Publicado 03\/08\/2025 &#8211; 17:44 CEST PUBLICIDAD La Compa\u00f1\u00eda Nacional del Cobre de Chile (Codelco) confirm\u00f3 este domingo el&hellip;\n","protected":false},"author":2,"featured_media":23145,"comment_status":"","ping_status":"","sticky":false,"template":"","format":"standard","meta":{"footnotes":""},"categories":[42],"tags":[4205,17,18,2047,13,14,11,61,62,63,64,19,20,12179,9,10,15,16,12,21,22,65,66,67],"class_list":{"0":"post-23144","1":"post","2":"type-post","3":"status-publish","4":"format-standard","5":"has-post-thumbnail","7":"category-internacional","8":"tag-accidente","9":"tag-breaking-news","10":"tag-breakingnews","11":"tag-chile","12":"tag-featured-news","13":"tag-featurednews","14":"tag-headlines","15":"tag-internacional","16":"tag-international","17":"tag-international-news","18":"tag-internationalnews","19":"tag-latest-news","20":"tag-latestnews","21":"tag-mineria","22":"tag-news","23":"tag-noticias","24":"tag-noticias-destacadas","25":"tag-noticiasdestacadas","26":"tag-titulares","27":"tag-ultimas-noticias","28":"tag-ultimasnoticias","29":"tag-world","30":"tag-world-news","31":"tag-worldnews"},"share_on_mastodon":{"url":"","error":""},"_links":{"self":[{"href":"https:\/\/www.europesays.com\/es\/wp-json\/wp\/v2\/posts\/23144","targetHints":{"allow":["GET"]}}],"collection":[{"href":"https:\/\/www.europesays.com\/es\/wp-json\/wp\/v2\/posts"}],"about":[{"href":"https:\/\/www.europesays.com\/es\/wp-json\/wp\/v2\/types\/post"}],"author":[{"embeddable":true,"href":"https:\/\/www.europesays.com\/es\/wp-json\/wp\/v2\/users\/2"}],"replies":[{"embeddable":true,"href":"https:\/\/www.europesays.com\/es\/wp-json\/wp\/v2\/comments?post=23144"}],"version-history":[{"count":0,"href":"https:\/\/www.europesays.com\/es\/wp-json\/wp\/v2\/posts\/23144\/revisions"}],"wp:featuredmedia":[{"embeddable":true,"href":"https:\/\/www.europesays.com\/es\/wp-json\/wp\/v2\/media\/23145"}],"wp:attachment":[{"href":"https:\/\/www.europesays.com\/es\/wp-json\/wp\/v2\/media?parent=23144"}],"wp:term":[{"taxonomy":"category","embeddable":true,"href":"https:\/\/www.europesays.com\/es\/wp-json\/wp\/v2\/categories?post=23144"},{"taxonomy":"post_tag","embeddable":true,"href":"https:\/\/www.europesays.com\/es\/wp-json\/wp\/v2\/tags?post=23144"}],"curies":[{"name":"wp","href":"https:\/\/api.w.org\/{rel}","templated":true}]}}