{"id":231443,"date":"2025-11-12T02:46:13","date_gmt":"2025-11-12T02:46:13","guid":{"rendered":"https:\/\/www.europesays.com\/es\/231443\/"},"modified":"2025-11-12T02:46:13","modified_gmt":"2025-11-12T02:46:13","slug":"la-reaccion-del-reus-fc-reddis-al-tocarles-la-real-sociedad-en-copa","status":"publish","type":"post","link":"https:\/\/www.europesays.com\/es\/231443\/","title":{"rendered":"La reacci\u00f3n del Reus FC Reddis al tocarles la Real Sociedad en Copa"},"content":{"rendered":"<p>                        El modesto club catal\u00e1n se alegr\u00f3 de cruzar su camino con el del club txuri urdin<\/p>\n<p><img src=\"https:\/\/www.mundodeportivo.com\/files\/image_449_220\/uploads\/2025\/11\/11\/69134f3c9216a.png\" data-full-src=\"https:\/\/www.europesays.com\/es\/wp-content\/uploads\/2025\/11\/69134f3c9216a.png\" alt=\"Reacci\u00f3n Reus Sorteo COpa\" width=\"449\" height=\"220\" class=\"nolazy\" decoding=\"async\" fetchpriority=\"high\"\/><\/p>\n<p class=\"caption-title \">Reacci\u00f3n Reus Sorteo COpa<\/p>\n<p>Reus FC Reddis<\/p>\n<p>\n                        Actualizado a  11\/11\/2025 22:15 CET\n                    <\/p>\n<p data-gtm-element-container=\"modulo-texto-link\" class=\"paragraph\">La Real Sociedad jugar\u00e1 ante el Reus FC Reddis en la segunda ronda de Copa del Rey, y el resultado del sorteo ha sentado bien en tierras catalanas. Era el equipo que quer\u00eda el moderno club del municipio de Reus, como demostraron en la reacci\u00f3n al sorteo.<\/p>\n<blockquote class=\"twitter-tweet\" data-lang=\"es\"><p>\n<a href=\"https:\/\/twitter.com\/ReusFCR\/status\/1988238313141010597?s=20\" rel=\"nofollow noopener\" target=\"_blank\">\n<\/p><\/blockquote>\n<p>    Lee tambi\u00e9n<\/p>\n<p data-gtm-element-container=\"modulo-texto-link\" class=\"paragraph\">La plantilla y miembros del club se juntaron para seguir el sorteo en directo y cuando sali\u00f3 el nombre del club aplaudieron, dando paso a segundos de incertidumbre y nervios antes de estallar de alegr\u00eda al escuchar el nombre y ver la papeleta de la Real Sociedad.\u00a0<\/p>\n<p>\n        Mostrar comentarios\n    <\/p>\n<p>{\u00aballowComment\u00bb:\u00bballowed\u00bb,\u00bbarticleId\u00bb:\u00bbarticle-1002567548&#8243;,\u00bburl\u00bb:\u00bbhttps:\\\/\\\/www.mundodeportivo.com\\\/futbol\\\/real-sociedad\\\/20251111\\\/1002567548\\\/reaccion-reus-fc-reddis-tocarles-real-sociedad-copa.html\u00bb,\u00bblivefyre-url\u00bb:\u00bbarticle-1002567548&#8243;}<\/p>\n<p>Cargando siguiente contenido&#8230;\n                <\/p>\n<p>    <script async src=\"https:\/\/platform.twitter.com\/widgets.js\" charset=\"utf-8\"><\/script><\/p>\n","protected":false},"excerpt":{"rendered":"El modesto club catal\u00e1n se alegr\u00f3 de cruzar su camino con el del club txuri urdin Reacci\u00f3n Reus&hellip;\n","protected":false},"author":2,"featured_media":231444,"comment_status":"","ping_status":"","sticky":false,"template":"","format":"standard","meta":{"footnotes":""},"categories":[268],"tags":[168,25,24,280,282,281,23,167],"class_list":{"0":"post-231443","1":"post","2":"type-post","3":"status-publish","4":"format-standard","5":"has-post-thumbnail","7":"category-futbol","8":"tag-deportes","9":"tag-es","10":"tag-espana","11":"tag-football","12":"tag-futbol","13":"tag-soccer","14":"tag-spain","15":"tag-sports"},"share_on_mastodon":{"url":"https:\/\/pubeurope.com\/@es\/115534442538113272","error":""},"_links":{"self":[{"href":"https:\/\/www.europesays.com\/es\/wp-json\/wp\/v2\/posts\/231443","targetHints":{"allow":["GET"]}}],"collection":[{"href":"https:\/\/www.europesays.com\/es\/wp-json\/wp\/v2\/posts"}],"about":[{"href":"https:\/\/www.europesays.com\/es\/wp-json\/wp\/v2\/types\/post"}],"author":[{"embeddable":true,"href":"https:\/\/www.europesays.com\/es\/wp-json\/wp\/v2\/users\/2"}],"replies":[{"embeddable":true,"href":"https:\/\/www.europesays.com\/es\/wp-json\/wp\/v2\/comments?post=231443"}],"version-history":[{"count":0,"href":"https:\/\/www.europesays.com\/es\/wp-json\/wp\/v2\/posts\/231443\/revisions"}],"wp:featuredmedia":[{"embeddable":true,"href":"https:\/\/www.europesays.com\/es\/wp-json\/wp\/v2\/media\/231444"}],"wp:attachment":[{"href":"https:\/\/www.europesays.com\/es\/wp-json\/wp\/v2\/media?parent=231443"}],"wp:term":[{"taxonomy":"category","embeddable":true,"href":"https:\/\/www.europesays.com\/es\/wp-json\/wp\/v2\/categories?post=231443"},{"taxonomy":"post_tag","embeddable":true,"href":"https:\/\/www.europesays.com\/es\/wp-json\/wp\/v2\/tags?post=231443"}],"curies":[{"name":"wp","href":"https:\/\/api.w.org\/{rel}","templated":true}]}}