{"id":231445,"date":"2025-11-12T02:47:13","date_gmt":"2025-11-12T02:47:13","guid":{"rendered":"https:\/\/www.europesays.com\/es\/231445\/"},"modified":"2025-11-12T02:47:13","modified_gmt":"2025-11-12T02:47:13","slug":"se-hizo-famoso-por-sus-chapuzas-y-ahora-el-introductor-del-gotele-en-este-pais-viene-a-albacete-a-poner-sobre-la-mesa-cosas-muy-serias","status":"publish","type":"post","link":"https:\/\/www.europesays.com\/es\/231445\/","title":{"rendered":"Se hizo famoso por sus chapuzas y ahora,\u00a0 el \u201cintroductor del gotel\u00e9 en este pa\u00eds\u201d, viene a Albacete a poner sobre la mesa cosas muy serias"},"content":{"rendered":"<p>Carlos Iglesias salt\u00f3 a la fama a finales de los a\u00f1os 90 y muchas de las frases que caracterizaban a su personaje, Benito Lopera Perrote, se hicieron c\u00e9lebres y eran usadas por los espa\u00f1oles en sus conversaciones del d\u00eda a d\u00eda. Este viernes, 14 de noviembre, Iglesias estar\u00e1 en Albacete para \u00a0contar una historia sobre <a href=\"https:\/\/www.eldigitaldealbacete.com\/2025\/11\/11\/albacete-acoge-de-la-mano-de-la-diputacion-el-preestreno-de-la-bala-la-nueva-pelicula-de-carlos-iglesias\/\" rel=\"nofollow noopener\" target=\"_blank\">heridas del pasado y promesas que trascienden el tiempo<\/a>.<\/p>\n<p>El actor y director Carlos Iglesias (Madrid, 1955) regresa a la gran pantalla con La Bala, su nuevo largometraje como guionista, director y protagonista, que tendr\u00e1 su preestreno en la Filmoteca Municipal de Albacete este viernes, 14 de noviembre, a las 19:30 horas. Tras la proyecci\u00f3n, el p\u00fablico podr\u00e1 participar en un coloquio abierto con el propio Iglesias y con la actriz Elo\u00edsa Vargas. El acto \u2014impulsado por la Diputaci\u00f3n de Albacete\u2014 contar\u00e1 con la presencia del diputado coordinador del \u00c1rea Social de la instituci\u00f3n, Jos\u00e9 Gonz\u00e1lez (representante en el Consejo Asesor de Memoria Democr\u00e1tica de Castilla-La Mancha), y del viceconsejero de Relaciones Institucionales de la JCCM, Javier Vicario.<\/p>\n<p><strong>De Benito a la direcci\u00f3n; y a Albacete: el fen\u00f3meno \u201cManolo y Benito\u201d<\/strong><\/p>\n<p>Iglesias se hizo popular a finales de los 90 con Manos a la Obra (Antena 3), comedia de enredo que retrataba \u2014con humor costumbrista y mucha trastienda de obra\u2014 a dos alba\u00f1iles, Manolo y Benito, cuyas \u201cchapuzas\u201d terminaron conquistando a la audiencia. La serie se emiti\u00f3 en prime time entre el 8 de enero de 1998 y el 22 de julio de 2001, con 130 episodios repartidos en seis temporadas, y estuvo protagonizada por Carlos Iglesias (Benito Lopera) y el ya fallecido \u00c1ngel de Andr\u00e9s L\u00f3pez (Manolo).\u00a0<\/p>\n<p>El \u00e9xito deriv\u00f3 en una secuela, Manolo y Benito Corporeision (2006\u20132007), tambi\u00e9n en Antena 3, que retom\u00f3 a la pareja de reformistas en clave contempor\u00e1nea. Aunque su recorrido fue m\u00e1s breve \u201412 episodios\u2014 dej\u00f3 constancia de la huella cultural del d\u00fao en la televisi\u00f3n espa\u00f1ola.<\/p>\n<p>M\u00e1s all\u00e1 de la televisi\u00f3n, Iglesias consolid\u00f3 una segunda carrera detr\u00e1s de la c\u00e1mara con t\u00edtulos como Un franco, 14 pesetas (2006) \u2014por la que fue nominado al Goya a Mejor Director Novel\u2014 e Ispansi (\u00a1Espa\u00f1oles!) (2011), obras que ya exploraban la memoria y los desplazamientos forzados de los espa\u00f1oles del siglo XX.<\/p>\n<p><strong>Un preestreno para pensar la memoria democr\u00e1tica<\/strong><\/p>\n<p>Ahora y centr\u00e1ndonos en el nuevo trabajo de Iglesias, La Bala, la Diputaci\u00f3n de Albacete propone con este film \u201cuna oportunidad de reflexionar sobre la memoria hist\u00f3rica y democr\u00e1tica desde una perspectiva diferente, emotiva y contempor\u00e1nea\u201d. Tras la proyecci\u00f3n y el coloquio con Iglesias y Elo\u00edsa Vargas, el p\u00fablico podr\u00e1 conocer de primera mano los entresijos de una pel\u00edcula que conjuga emoci\u00f3n, historia y reflexi\u00f3n.<\/p>\n<p><strong>Sinopsis: heridas del pasado, promesas que perduran<\/strong><\/p>\n<p>Inspirada en hechos reales, La Bala sit\u00faa su arranque en un pueblo de Toledo en 1941. Un tren parte hacia Alemania con voluntarios y voluntarias de la Divisi\u00f3n Azul; entre ellos, Mar\u00eda, una joven enfermera que se despide de su familia sin imaginar hasta qu\u00e9 punto aquel viaje condicionar\u00e1 su destino. A\u00f1os despu\u00e9s, su sobrino Juli\u00e1n \u2014sacerdote\u2014 decide cumplir la promesa hecha a su madre: recuperar los restos de su t\u00eda, fallecida en Rusia durante la Segunda Guerra Mundial. La investigaci\u00f3n sobre las causas de aquella muerte, m\u00e1s de ochenta a\u00f1os despu\u00e9s, desafiar\u00e1 sus certezas y pondr\u00e1 a prueba su fe, su familia y su identidad.<\/p>\n<p>Con el pulso de un thriller y la profundidad del drama hist\u00f3rico, el film explora c\u00f3mo memoria, deber y secretos familiares siguen influyendo en el presente. En palabras de su director, la pel\u00edcula pretende \u201ccurar la herida de todos esos espa\u00f1oles enterrados lejos de casa o en las cunetas de su propio pa\u00eds\u201d. La cinta tiene previsto su estreno en salas el 21 de noviembre.<\/p>\n<p><img loading=\"lazy\" decoding=\"async\" width=\"1200\" height=\"1715\" src=\"https:\/\/www.europesays.com\/es\/wp-content\/uploads\/2025\/11\/1762915633_45_LA-BALA-POSTER-OK.jpg\" alt=\"\" class=\"wp-image-1094095\"  \/><\/p>\n<p><strong>Reparto y apoyos institucionales<\/strong><\/p>\n<p>La Bala llega a los cines con el respaldo de la Secretar\u00eda de Estado de Memoria Democr\u00e1tica, la Junta de Comunidades de Castilla-La Mancha y la Diputaci\u00f3n de Albacete. En el reparto figuran Silvia Mars\u00f3, Carlos Hip\u00f3lito, Paula Iglesias, Elo\u00edsa Vargas, Roberto \u00c1lvarez, Manuel Mor\u00f3n, Miguel Rell\u00e1n y Luisa Gavasa, adem\u00e1s del propio Carlos Iglesias como el sacerdote protagonista. La producci\u00f3n corre a cargo de Juan Gona (responsable de t\u00edtulos como Vete de m\u00ed o El caballero Don Quijote).<\/p>\n<p><strong>Datos pr\u00e1cticos<\/strong><\/p>\n<ul class=\"wp-block-list\">\n<li><strong>Qu\u00e9:<\/strong> Preestreno de La Bala y coloquio con Carlos Iglesias y Elo\u00edsa Vargas<\/li>\n<li><strong>Cu\u00e1ndo:<\/strong> Viernes, <strong>14 de noviembre<\/strong>, 19:30 h<\/li>\n<li><strong>D\u00f3nde:<\/strong> Filmoteca Municipal de <strong>Albacete<\/strong><\/li>\n<li><strong>Asisten:<\/strong> Jos\u00e9 Gonz\u00e1lez (Diputaci\u00f3n de Albacete) y Javier Vicario (JCCM)<\/li>\n<\/ul>\n<p><strong>Contexto: el c\u00edrculo que se cierra<\/strong><\/p>\n<p>Del \u201cintroductor del gotel\u00e9 en este pa\u00eds\u201d, como se defin\u00eda con sorna su Benito Lopera, al cineasta que aborda la memoria democr\u00e1tica, el itinerario de Iglesias traza un arco reconocible: el humor popular que le dio fama y el compromiso hist\u00f3rico que hoy marca su obra. Con La Bala, Albacete asiste al paso siguiente de una trayectoria que \u2014como aquellas reformas de Manolo y Benito\u2014 naci\u00f3 entre andamios, pero que ahora busca, con oficio y mirada propia, reparar grietas m\u00e1s hondas.\u00a0<\/p>\n","protected":false},"excerpt":{"rendered":"Carlos Iglesias salt\u00f3 a la fama a finales de los a\u00f1os 90 y muchas de las frases que&hellip;\n","protected":false},"author":2,"featured_media":231446,"comment_status":"","ping_status":"","sticky":false,"template":"","format":"standard","meta":{"footnotes":""},"categories":[174],"tags":[2545,255,146,147,25,24,256,23],"class_list":{"0":"post-231445","1":"post","2":"type-post","3":"status-publish","4":"format-standard","5":"has-post-thumbnail","7":"category-famosos","8":"tag-albacete","9":"tag-celebrities","10":"tag-entertainment","11":"tag-entretenimiento","12":"tag-es","13":"tag-espana","14":"tag-famosos","15":"tag-spain"},"share_on_mastodon":{"url":"https:\/\/pubeurope.com\/@es\/115534446480883027","error":""},"_links":{"self":[{"href":"https:\/\/www.europesays.com\/es\/wp-json\/wp\/v2\/posts\/231445","targetHints":{"allow":["GET"]}}],"collection":[{"href":"https:\/\/www.europesays.com\/es\/wp-json\/wp\/v2\/posts"}],"about":[{"href":"https:\/\/www.europesays.com\/es\/wp-json\/wp\/v2\/types\/post"}],"author":[{"embeddable":true,"href":"https:\/\/www.europesays.com\/es\/wp-json\/wp\/v2\/users\/2"}],"replies":[{"embeddable":true,"href":"https:\/\/www.europesays.com\/es\/wp-json\/wp\/v2\/comments?post=231445"}],"version-history":[{"count":0,"href":"https:\/\/www.europesays.com\/es\/wp-json\/wp\/v2\/posts\/231445\/revisions"}],"wp:featuredmedia":[{"embeddable":true,"href":"https:\/\/www.europesays.com\/es\/wp-json\/wp\/v2\/media\/231446"}],"wp:attachment":[{"href":"https:\/\/www.europesays.com\/es\/wp-json\/wp\/v2\/media?parent=231445"}],"wp:term":[{"taxonomy":"category","embeddable":true,"href":"https:\/\/www.europesays.com\/es\/wp-json\/wp\/v2\/categories?post=231445"},{"taxonomy":"post_tag","embeddable":true,"href":"https:\/\/www.europesays.com\/es\/wp-json\/wp\/v2\/tags?post=231445"}],"curies":[{"name":"wp","href":"https:\/\/api.w.org\/{rel}","templated":true}]}}