{"id":231447,"date":"2025-11-12T02:48:18","date_gmt":"2025-11-12T02:48:18","guid":{"rendered":"https:\/\/www.europesays.com\/es\/231447\/"},"modified":"2025-11-12T02:48:18","modified_gmt":"2025-11-12T02:48:18","slug":"el-artista-rambleno-rafael-luque-munoz-presenta-su-obra-en-la-sede-de-la-rtva-montilla-digital","status":"publish","type":"post","link":"https:\/\/www.europesays.com\/es\/231447\/","title":{"rendered":"El artista ramble\u00f1o Rafael Luque Mu\u00f1oz presenta su obra en la sede de la RTVA ~ Montilla Digital"},"content":{"rendered":"<p>La emblem\u00e1tica sede de la Radio y Televisi\u00f3n de Andaluc\u00eda (RTVA) en la Isla de la Cartuja de Sevilla acoge hasta el pr\u00f3ximo 27 de noviembre Limerencia, la nueva exposici\u00f3n del artista ramble\u00f1o Rafael Luque Mu\u00f1oz, un economista social que, desde hace d\u00e9cadas, transita con naturalidad entre la gesti\u00f3n de entidades sociales y la pr\u00e1ctica pausada de la pintura con una visi\u00f3n humanista. <\/p>\n<p><a href=\"https:\/\/www.europesays.com\/es\/wp-content\/uploads\/2025\/11\/20251109rlm.jpg\" style=\"display: block; padding: 1em 0; text-align: center; \"><img decoding=\"async\" alt=\"\" border=\"0\" data-original-height=\"783\" data-original-width=\"1500\" src=\"https:\/\/www.europesays.com\/es\/wp-content\/uploads\/2025\/11\/20251109rlm.jpg\"\/><\/a><\/p>\n<p>\nEl protagonista de Limerencia, que abri\u00f3 sus puertas el pasado 4 de noviembre, naci\u00f3 en La Rambla en 1973 y es experto en administraci\u00f3n de fundaciones, entidades no lucrativas e instituciones de car\u00e1cter social y sanitario, adem\u00e1s de trabajar en servicios vinculados a la atenci\u00f3n de las personas. <\/p>\n<p>Actualmente dirige la Fundaci\u00f3n Ben\u00e9fico Social Hospital Sant\u00edsimo Cristo de los Remedios de La Rambla y ejerce como ec\u00f3nomo general del Grupo Social Lares, un entramado solidario que agrupa residencias y servicios de atenci\u00f3n a mayores en toda Espa\u00f1a.\n<\/p>\n<p><a href=\"https:\/\/www.alvear.es\/visitas\/\" rel=\"sponsored nofollow noopener\" target=\"_blank\"><img decoding=\"async\" alt=\"BODEGAS ALVEAR - CATAS A MEDIDA\" src=\"https:\/\/www.europesays.com\/es\/wp-content\/uploads\/2025\/11\/20241122alvear\u00b7catasmedida-robapaginas.jpg\" width=\"350\"\/><\/a><\/p>\n<p>\nSu perfil profesional, tan ligado a la gesti\u00f3n \u00e9tica y a la econom\u00eda al servicio del bien com\u00fan, convive con una vertiente humanista que \u00e9l mismo define como \u201cnost\u00e1lgica del Renacimiento\u201d. De hecho, intenta incorporar a su vida intelectual otras artes y disciplinas como la literatura, la pintura, la geograf\u00eda y la m\u00fasica. <\/p>\n<p>Es autor del cuento infantil <b><a href=\"https:\/\/www.larambladigital.com\/2018\/06\/el-autor-rambleno-rafael-luque-munoz.html\" target=\"_blank\" rel=\"nofollow noopener\">Las cosas de Mar\u00eda<\/a><\/b>, publicado en 2013 y distribuido incluso en librer\u00edas de Colombia, donde encontr\u00f3 lectores atra\u00eddos por su tono c\u00e1lido y su mensaje en defensa del conocimiento, la vida y los peque\u00f1os detalles cotidianos.\n<\/p>\n<p>Tambi\u00e9n firm\u00f3 Ve y haz t\u00fa lo mismo. Adagio de econom\u00eda samaritana, una obra que vio la luz gracias a la Editorial Perpetuo Socorro y en la que reflexiona sobre el papel del economista social, apoy\u00e1ndose en la c\u00e9lebre sentencia de Jos\u00e9 Lu\u00eds Sampedro que distingue entre quienes aspiran a enriquecer a los ricos y quienes buscan que haya menos pobres.\n<\/p>\n<p><a href=\"https:\/\/restandhome.es\/\" rel=\"sponsored nofollow noopener\" target=\"_blank\"><img decoding=\"async\" alt=\"REST &amp; HOME - TIENDA DE MUEBLES EN MONTILLA (C\u00d3RDOBA) - ESPECIALISTAS EN DESCANSO\" src=\"https:\/\/www.europesays.com\/es\/wp-content\/uploads\/2025\/10\/20250106restandhome\u00b7moyano-robapaginas.gif\" width=\"350\"\/><\/a><\/p>\n<p>\nComo pintor autodidacta, Luque Mu\u00f1oz reconoce sentirse especialmente influido por el maestro Rafael Zabaleta. Su estilo, descrito como \u00abrealismo expresionista\u00bb, se caracteriza por composiciones en\u00e9rgicas, colores que se expanden sin prisa y figuras que parecen respirar recuerdos. Aunque comenz\u00f3 a pintar a los 25 a\u00f1os, siempre evit\u00f3 exponer sus obras. No fue hasta el verano de 2024 cuando, animado por personas de su entorno, decidi\u00f3 dar un paso al frente y abrir su universo pl\u00e1stico al p\u00fablico.<\/p>\n<p>Desde entonces, su presencia en el \u00e1mbito expositivo ha ganado visibilidad. A finales de 2024, su obra pudo contemplarse en el Palacio de Viana de C\u00f3rdoba, uno de los conjuntos patrimoniales m\u00e1s emblem\u00e1ticos de la capital omeya. All\u00ed present\u00f3 la exposici\u00f3n <b><a href=\"https:\/\/www.montilladigital.com\/2024\/11\/rafael-luque-munoz-exhibe-su-obra-en-el.html\" rel=\"nofollow noopener\" target=\"_blank\">Albricias<\/a><\/b>, considerada su puesta de largo como pintor individual tras a\u00f1os participando de manera discreta en muestras colectivas. Aquella propuesta permiti\u00f3 que numerosos visitantes descubrieran una obra que combina introspecci\u00f3n, compromiso social y una est\u00e9tica profundamente emocional.\n<\/p>\n<p>La llegada de Limerencia a la sede de la RTVA supone, por tanto, un nuevo paso en un itinerario art\u00edstico que ha ido creciendo con serenidad. La exposici\u00f3n permanece abierta todos los d\u00edas de la semana de 9.00 de la ma\u00f1ana a 21.00 de la noche, facilitando as\u00ed el acceso a un p\u00fablico diverso que, en muchos casos, ya conoce al autor por su intensa actividad en redes sociales de car\u00e1cter profesional.\n<\/p>\n<p><a href=\"https:\/\/www.juancolin.com\/\" rel=\"sponsored nofollow noopener\" target=\"_blank\"><img decoding=\"async\" alt=\"ACEITES BELLIDO \u00b7 MUSEO DEL ACEITE JUAN COL\u00cdN - MONTILLA (C\u00d3RDOBA)\" src=\"https:\/\/www.europesays.com\/es\/wp-content\/uploads\/2025\/11\/20250623aceitesbellido\u00b7envios-robapaginas.gif\" width=\"350\"\/><\/a><\/p>\n<p> <br \/>\nDe hecho, en <b><a href=\"https:\/\/www.linkedin.com\/in\/rafael-luque-mu%C3%B1oz-b3ba7764\/\" target=\"_blank\" rel=\"nofollow noopener\">LinkedIn<\/a><\/b> cuenta con m\u00e1s de 30.000 seguidores, que comparten sus reflexiones sobre la necesidad de fortalecer las entidades sociales y sobre la obligaci\u00f3n de situar la econom\u00eda al servicio de las personas. De este modo, el artista ramble\u00f1o se hs convertido en una referencia habitual para directivos, gestores de fundaciones y profesionales del sector.<\/p>\n<p>Limerencia no solo muestra una faceta m\u00e1s del compromiso de Rafael Luque Mu\u00f1oz con la cultura: tambi\u00e9n revela la amplitud de un creador que entiende el arte como una prolongaci\u00f3n natural de su mirada sobre el mundo. Sus pinceladas, cargadas de memoria y de emoci\u00f3n contenida, funcionan como un eco de su trayectoria profesional y vital. Y es que, de igual modo que en sus textos invita a pensar en la dignidad de las personas, en sus lienzos propone detenerse, observar y reconocer la belleza de aquello que a menudo pasa desapercibido.\n<\/p>\n<p>Con esta nueva exposici\u00f3n, la RTVA se convierte en testigo de una etapa especialmente f\u00e9rtil para el artista ramble\u00f1o, que contin\u00faa ensanchando su obra con la misma mezcla de humildad y determinaci\u00f3n que caracteriza su trayectoria. El p\u00fablico podr\u00e1 recorrerla hasta finales de mes, en un espacio donde las luces, el silencio y el tr\u00e1nsito cotidiano de los visitantes terminan completando cada cuadro.<\/p>\n","protected":false},"excerpt":{"rendered":"La emblem\u00e1tica sede de la Radio y Televisi\u00f3n de Andaluc\u00eda (RTVA) en la Isla de la Cartuja de&hellip;\n","protected":false},"author":2,"featured_media":231448,"comment_status":"","ping_status":"","sticky":false,"template":"","format":"standard","meta":{"footnotes":""},"categories":[173],"tags":[229,233,231,230,232,234,146,147,25,24,23],"class_list":{"0":"post-231447","1":"post","2":"type-post","3":"status-publish","4":"format-standard","5":"has-post-thumbnail","7":"category-arte-y-diseno","8":"tag-arte","9":"tag-arte-y-diseno","10":"tag-arts","11":"tag-arts-and-design","12":"tag-design","13":"tag-diseno","14":"tag-entertainment","15":"tag-entretenimiento","16":"tag-es","17":"tag-espana","18":"tag-spain"},"share_on_mastodon":{"url":"https:\/\/pubeurope.com\/@es\/115534450435784899","error":""},"_links":{"self":[{"href":"https:\/\/www.europesays.com\/es\/wp-json\/wp\/v2\/posts\/231447","targetHints":{"allow":["GET"]}}],"collection":[{"href":"https:\/\/www.europesays.com\/es\/wp-json\/wp\/v2\/posts"}],"about":[{"href":"https:\/\/www.europesays.com\/es\/wp-json\/wp\/v2\/types\/post"}],"author":[{"embeddable":true,"href":"https:\/\/www.europesays.com\/es\/wp-json\/wp\/v2\/users\/2"}],"replies":[{"embeddable":true,"href":"https:\/\/www.europesays.com\/es\/wp-json\/wp\/v2\/comments?post=231447"}],"version-history":[{"count":0,"href":"https:\/\/www.europesays.com\/es\/wp-json\/wp\/v2\/posts\/231447\/revisions"}],"wp:featuredmedia":[{"embeddable":true,"href":"https:\/\/www.europesays.com\/es\/wp-json\/wp\/v2\/media\/231448"}],"wp:attachment":[{"href":"https:\/\/www.europesays.com\/es\/wp-json\/wp\/v2\/media?parent=231447"}],"wp:term":[{"taxonomy":"category","embeddable":true,"href":"https:\/\/www.europesays.com\/es\/wp-json\/wp\/v2\/categories?post=231447"},{"taxonomy":"post_tag","embeddable":true,"href":"https:\/\/www.europesays.com\/es\/wp-json\/wp\/v2\/tags?post=231447"}],"curies":[{"name":"wp","href":"https:\/\/api.w.org\/{rel}","templated":true}]}}