{"id":231456,"date":"2025-11-12T02:58:08","date_gmt":"2025-11-12T02:58:08","guid":{"rendered":"https:\/\/www.europesays.com\/es\/231456\/"},"modified":"2025-11-12T02:58:08","modified_gmt":"2025-11-12T02:58:08","slug":"el-gobierno-de-petro-bombardea-la-selva-colombiana-y-deja-19-guerrilleros-muertos-de-las-disidencias-de-las-farc","status":"publish","type":"post","link":"https:\/\/www.europesays.com\/es\/231456\/","title":{"rendered":"El Gobierno de Petro bombardea la selva colombiana y deja 19 guerrilleros muertos de las disidencias de las FARC"},"content":{"rendered":"<p>Al menos 19 presuntos<strong> guerrilleros de las disidencias de las antiguas FARC<\/strong> han muerto en un bombardeo a\u00e9reo en una zona selv\u00e1tica del departamento colombiano del Guaviare, han informado fuentes castrenses. Adem\u00e1s, como resultado de la ofensiva, un capturado ha resultado herido, dos personas han sido procesadas y tres menores han sido recuperados.<\/p>\n<p>El comandante de las Fuerzas Militares, el almirante Francisco Cubides, ha precisado que \u00aben esa zona se encontraban alrededor de 120 individuos delinquiendo, buscando confrontarse con otros grupos armados\u00bb. La ofensiva incluy\u00f3 siete bombardeos a\u00e9reos distintos en la zona.<\/p>\n<p>La operaci\u00f3n contin\u00faa activa en la selva del Guaviare, una de las regiones con mayor presencia del autodenominado<strong> Estado Mayor Central <\/strong>(EMC), principal <strong>disidencia<\/strong> de las FARC que se apart\u00f3 del <a href=\"https:\/\/www.rtve.es\/noticias\/20161124\/presidente-colombia-lider-farc-firman-nuevo-acuerdo-paz\/1446941.shtml\" target=\"_blank\" rel=\"nofollow noopener\">acuerdo de paz de 2016<\/a> y actualmente tiene presencia en otras regiones del pa\u00eds como Caquet\u00e1, Meta y Putumayo.<\/p>\n<p>Operaci\u00f3n Oriel<\/p>\n<p>La ofensiva forma parte de la Operaci\u00f3n Oriel, una acci\u00f3n interinstitucional que se desarrolla desde hace varios meses en el departamento del Guaviare contra varias <strong>organizaciones integradas en el EMC<\/strong>.<\/p>\n<p>Los bombardeos han tenido lugar en un momento cr\u00edtico para el presidente, <strong>Gustavo Petro<\/strong>, que se enfrenta a los contantes ataques de su hom\u00f3logo estadounidense, <strong>Donald Trump,<\/strong> por su presunta reticencia a atacar a grupos armados involucrados en el <a href=\"https:\/\/www.rtve.es\/noticias\/20251024\/estados-unidos-sanciona-presidente-colombia-a-quien-trump-acuso-liderar-narcotrafico\/16786049.shtml\" target=\"_blank\" rel=\"nofollow noopener\">narcotr\u00e1fico<\/a> y despu\u00e9s de que Washington revocara el estatus de Colombia como aliado en <a href=\"https:\/\/www.rtve.es\/noticias\/20250916\/estados-unidos-colombia-lista-paises-combaten-narcotrafico\/16730489.shtml\" target=\"_blank\" rel=\"nofollow noopener\">la lucha contra las drogas<\/a>. <\/p>\n<p>De cara a las elecciones presidenciales de 2026, Gustavo Petro tambi\u00e9n enfrenta cr\u00edticas de la oposici\u00f3n, que lo considera demasiado indulgente con los <strong>grupos criminales<\/strong> y lo culpa del fracaso de su estrategia para llevar a cabo negociaciones de paz con los grupos armados que todav\u00eda siguen activos en Colombia.<\/p>\n<p>El guerrillero m\u00e1s buscado del pa\u00eds<\/p>\n<p>El lunes, Petro orden\u00f3 este bombardeo y la disoluci\u00f3n militar del grupo liderado por el guerrillero m\u00e1s buscado del pa\u00eds, conocido por el alias<strong> Iv\u00e1n Mordisco.<\/strong><\/p>\n<p>El EMC ha ganado poder desde el desarme de las FARC, financi\u00e1ndose mediante el narcotr\u00e1fico, la extorsi\u00f3n y la miner\u00eda ilegal en zonas remotas del pa\u00eds. Sus combatientes se disputan el control de la Amazon\u00eda colombiana con otro grupo disidente de las FARC, Estado Mayor de Bloques y Frentes (EMBF), liderado por alias Calarc\u00e1 C\u00f3rdoba.<\/p>\n<p>El ministro de Defensa, Pedro S\u00e1nchez Su\u00e1rez, destac\u00f3 durante rueda de prensa que este a\u00f1o se han ejecutado a m\u00e1s de 4.000 integrantes de grupos armados organizados, entre ellos del Clan del Golfo, la mayor banda del pa\u00eds; la guerrilla del Ej\u00e9rcito de Liberaci\u00f3n Nacional y las disidencias de las FARC. Asimismo, agreg\u00f3 que Colombia registra un promedio de 13 \u00abneutralizaciones diarias\u00bb, \u00abuna de las ofensivas m\u00e1s altas de los \u00faltimos a\u00f1os\u00bb.<\/p>\n","protected":false},"excerpt":{"rendered":"Al menos 19 presuntos guerrilleros de las disidencias de las antiguas FARC han muerto en un bombardeo a\u00e9reo&hellip;\n","protected":false},"author":2,"featured_media":231457,"comment_status":"","ping_status":"","sticky":false,"template":"","format":"standard","meta":{"footnotes":""},"categories":[42],"tags":[17,18,13,14,11,61,62,63,64,19,20,9,10,15,16,12,21,22,65,66,67],"class_list":{"0":"post-231456","1":"post","2":"type-post","3":"status-publish","4":"format-standard","5":"has-post-thumbnail","7":"category-internacional","8":"tag-breaking-news","9":"tag-breakingnews","10":"tag-featured-news","11":"tag-featurednews","12":"tag-headlines","13":"tag-internacional","14":"tag-international","15":"tag-international-news","16":"tag-internationalnews","17":"tag-latest-news","18":"tag-latestnews","19":"tag-news","20":"tag-noticias","21":"tag-noticias-destacadas","22":"tag-noticiasdestacadas","23":"tag-titulares","24":"tag-ultimas-noticias","25":"tag-ultimasnoticias","26":"tag-world","27":"tag-world-news","28":"tag-worldnews"},"share_on_mastodon":{"url":"https:\/\/pubeurope.com\/@es\/115534490089804995","error":""},"_links":{"self":[{"href":"https:\/\/www.europesays.com\/es\/wp-json\/wp\/v2\/posts\/231456","targetHints":{"allow":["GET"]}}],"collection":[{"href":"https:\/\/www.europesays.com\/es\/wp-json\/wp\/v2\/posts"}],"about":[{"href":"https:\/\/www.europesays.com\/es\/wp-json\/wp\/v2\/types\/post"}],"author":[{"embeddable":true,"href":"https:\/\/www.europesays.com\/es\/wp-json\/wp\/v2\/users\/2"}],"replies":[{"embeddable":true,"href":"https:\/\/www.europesays.com\/es\/wp-json\/wp\/v2\/comments?post=231456"}],"version-history":[{"count":0,"href":"https:\/\/www.europesays.com\/es\/wp-json\/wp\/v2\/posts\/231456\/revisions"}],"wp:featuredmedia":[{"embeddable":true,"href":"https:\/\/www.europesays.com\/es\/wp-json\/wp\/v2\/media\/231457"}],"wp:attachment":[{"href":"https:\/\/www.europesays.com\/es\/wp-json\/wp\/v2\/media?parent=231456"}],"wp:term":[{"taxonomy":"category","embeddable":true,"href":"https:\/\/www.europesays.com\/es\/wp-json\/wp\/v2\/categories?post=231456"},{"taxonomy":"post_tag","embeddable":true,"href":"https:\/\/www.europesays.com\/es\/wp-json\/wp\/v2\/tags?post=231456"}],"curies":[{"name":"wp","href":"https:\/\/api.w.org\/{rel}","templated":true}]}}