{"id":231458,"date":"2025-11-12T02:59:16","date_gmt":"2025-11-12T02:59:16","guid":{"rendered":"https:\/\/www.europesays.com\/es\/231458\/"},"modified":"2025-11-12T02:59:16","modified_gmt":"2025-11-12T02:59:16","slug":"el-sas-publica-nuevos-listados-de-carrera-profesional-de-2023-y-2024-2","status":"publish","type":"post","link":"https:\/\/www.europesays.com\/es\/231458\/","title":{"rendered":"El SAS publica nuevos listados de Carrera Profesional de 2023 y 2024"},"content":{"rendered":"<p>             <img decoding=\"async\" class=\"embed-responsive-item object-cover\" alt=\"Protesta de SATSE por la Carrera Profesional del SAS\" data-fileentryid=\"895119667\" src=\"https:\/\/www.europesays.com\/es\/wp-content\/uploads\/2025\/11\/7f556d0c-f53f-cacf-fb6b-fede617ed968\" loading=\"lazy\"\/><\/p>\n<p class=\"caption\">Protesta de SATSE por la Carrera Profesional del SAS<\/p>\n<p>La Comisi\u00f3n Central de Valoraci\u00f3n de <strong>Carrera Profesional <\/strong>del Servicio Andaluz de Salud (SAS) ha aprobado hoy <strong>listados pendientes de los procesos de certificaci\u00f3n de los \u00faltimos a\u00f1os<\/strong> cuya resoluci\u00f3n se estaba demorando.<\/p>\n<p>En concreto, se ha aprobado, y publicado en la web del SAS, el <strong>primer listado provisional de profesionales certificados en el 2\u00ba proceso permanente de 2023 y 1\u00ba proceso permanente de 2024<\/strong>, en los distintos niveles de Carrera Profesional.<\/p>\n<p>De otro lado, se ha aprobado y enviado para su publicaci\u00f3n en el Bolet\u00edn Oficial de la Junta de Andaluc\u00eda (BOJA) los <strong>primeros listados definitivos de certificados de participantes en la apertura de plazos por la v\u00eda excepcional de 2023\u00a0<\/strong>para la revisi\u00f3n de niveles de Carrera Profesional del SAS.<\/p>\n<p>          Solo certificados<\/p>\n<p>En ambos casos, los listados <strong>s\u00f3lo incluyen a los participantes cuya solicitud a resultado a certificar<\/strong>. Los casos a <strong>\u201cNO certificar\u201d se revisar\u00e1n de nuevo<\/strong>, junto con todas las alegaciones pendientes, <strong>sin que sea necesario realizar ahora tr\u00e1mite alguno.<\/strong><\/p>\n<p>Una vez revisados todos los casos,<strong> se publicar\u00e1n unos segundos listados definitivos con efectos retroactivos<\/strong>, manteniendo la misma fecha de abono que los actuales.<\/p>\n<p>          Consulta los listados<\/p>\n<p>Los primeros listados correspondientes a profesionales certificados en el<strong> 2\u00ba proceso permanente de 2023 y 1\u00ba proceso permanente de 2024<\/strong>, pueden consultarse en la web del SAS y en los siguientes enlaces:<\/p>\n<ul>\n<li><strong>2023 &#8211; 2\u00ba Proceso permanente<\/strong><\/li>\n<\/ul>\n<p>&#8211; <strong>Resoluci\u00f3n <\/strong>de primer listado provisional de profesionales a certificar: <a href=\"https:\/\/www.sspa.juntadeandalucia.es\/servicioandaluzdesalud\/sites\/default\/files\/sincfiles\/wsas-media-sas_normativa_mediafile\/2025\/Resolucion_Provisional_2_2023_.pdf\" target=\"_blank\" rel=\"nofollow noopener\">Resoluci\u00f3n de 11\/11\/2025<\/a><\/p>\n<p>&#8211; <strong>Primer listado provisional<\/strong> de profesionales a certificar: <a href=\"https:\/\/www.sspa.juntadeandalucia.es\/servicioandaluzdesalud\/sites\/default\/files\/sincfiles\/wsas-media-mediafile_sasdocumento\/2025\/Primer_Listado_Provisional_2_2023.pdf\" target=\"_blank\" rel=\"nofollow noopener\">relaci\u00f3n provisional de profesionales certificados<\/a><\/p>\n<p>&#8211; <strong>Resoluci\u00f3n<\/strong> de primer listado provisional de personal con <strong>plaza vinculada a certificar<\/strong>: <a href=\"https:\/\/www.sspa.juntadeandalucia.es\/servicioandaluzdesalud\/sites\/default\/files\/sincfiles\/wsas-media-sas_normativa_mediafile\/2025\/Resolucion_Provisional_vinculados_2_2023.pdf\" target=\"_blank\" rel=\"nofollow noopener\">Resoluci\u00f3n de 11\/11\/2025<\/a><\/p>\n<p>&#8211; <strong>Primer listado provisional de personal con plaza vinculada<\/strong> a certificar: <a href=\"https:\/\/www.sspa.juntadeandalucia.es\/servicioandaluzdesalud\/sites\/default\/files\/sincfiles\/wsas-media-mediafile_sasdocumento\/2025\/Primer_Listado_Provi_Vinculados_2_2023.pdf\" target=\"_blank\" rel=\"nofollow noopener\">relaci\u00f3n provisional de personal con plaza vinculada<\/a>\u00a0<\/p>\n<ul>\n<li><strong>2024 &#8211; 1\u00ba Proceso permanente<\/strong><\/li>\n<\/ul>\n<p>&#8211; <strong>Resoluci\u00f3n <\/strong>de primer listado provisional de profesionales a certificar: <a href=\"https:\/\/www.sspa.juntadeandalucia.es\/servicioandaluzdesalud\/sites\/default\/files\/sincfiles\/wsas-media-sas_normativa_mediafile\/2025\/Resolucion_Provisional_1_2024.pdf\" target=\"_blank\" rel=\"nofollow noopener\">Resoluci\u00f3n de 11\/11\/2025\u00a0<\/a><\/p>\n<p>&#8211; <strong>Primer listado provisional <\/strong>de profesionales a certificar: <a href=\"https:\/\/www.sspa.juntadeandalucia.es\/servicioandaluzdesalud\/sites\/default\/files\/sincfiles\/wsas-media-mediafile_sasdocumento\/2025\/Primer%20listado%20List%20Prov%201_2024.pdf\" target=\"_blank\" rel=\"nofollow noopener\">relaci\u00f3n provisional de profesionales certificados\u00a0<\/a><\/p>\n<p>&#8211; <strong>Resoluci\u00f3n <\/strong>de primer listado provisional de personal con <strong>plaza vinculada<\/strong> a certificar:<a href=\"https:\/\/www.sspa.juntadeandalucia.es\/servicioandaluzdesalud\/sites\/default\/files\/sincfiles\/wsas-media-sas_normativa_mediafile\/2025\/Resolucion_Provisional_vinculados_1_2024.pdf\" target=\"_blank\" rel=\"nofollow noopener\"> Resoluci\u00f3n de 11\/11\/2025<\/a>\u00a0<\/p>\n<p>&#8211; <strong>Primer listado provisional <\/strong>de personal con <strong>plaza vinculada<\/strong> a certificar: <a href=\"https:\/\/www.sspa.juntadeandalucia.es\/servicioandaluzdesalud\/sites\/default\/files\/sincfiles\/wsas-media-mediafile_sasdocumento\/2025\/Primer%20List%20Prov%20Vinculados1_2024_0.pdf\" target=\"_blank\" rel=\"nofollow noopener\">relaci\u00f3n provisional de personal con plaza vinculada<\/a>\u00a0<\/p>\n<p>          Alegaciones<\/p>\n<p>S\u00f3lo los profesionales que figuran en esos primeros listados provisionales podr\u00e1n presentar <strong>alegaciones <\/strong>en el plazo de 10 de d\u00edas h\u00e1biles a partir del d\u00eda <strong>12 de noviembre y hasta el 25 de noviembre de 2025<\/strong>, incluido.\u00a0<\/p>\n<p>Las alegaciones se habr\u00e1n de presentar a trav\u00e9s del <a href=\"https:\/\/www.juntadeandalucia.es\/servicios\/tramites\/presentacion-documentos\/peg.html\" target=\"_blank\" rel=\"nofollow noopener\">registro telem\u00e1tico general de la Junta de Andaluc\u00eda,<\/a> dirigidas a la Direcci\u00f3n General de Personal del SAS.\u00a0<\/p>\n<p><strong>\u00danicamente podr\u00e1n realizar alegaci\u00f3n aquellos profesionales que est\u00e9n incluido en dichos listados<\/strong>, cualquier alegaci\u00f3n que se presente por personas no incluidas en dichos listados ser\u00e1 considerada extempor\u00e1nea.<\/p>\n<p>Los profesionales participantes en dichos procesos que<strong> no figuren en estos primeros listados provisionales<\/strong> ser\u00e1n incluidos en <strong>unos segundos listados provisionales <\/strong>con su correspondiente plazo de alegaciones.\u00a0<\/p>\n<p>          Pr\u00f3ximos listados definitivos<\/p>\n<p>Por su parte, los listados correspondientes a la via excepcional <strong>se publicar\u00e1n en pr\u00f3ximos d\u00edas<\/strong> en la web del SAS una vez que<strong> se haga oficial en BOJA<\/strong> la resoluci\u00f3n que los aprueba.\u00a0<\/p>\n<p>En este caso, <strong>no habr\u00e1 ya periodo de alegaciones<\/strong>, los profesionales contar\u00e1n con un<strong> plazo de 30 d\u00edas para presentar un recurso<\/strong>, si fuese necesario.<\/p>\n<p>En caso de dudas o de necesitar m\u00e1s informaci\u00f3n, acude a tu delegado\/a sindical, secci\u00f3n sindical o sede provincial de SATSE.<br \/>\u00a0<\/p>\n","protected":false},"excerpt":{"rendered":"Protesta de SATSE por la Carrera Profesional del SAS La Comisi\u00f3n Central de Valoraci\u00f3n de Carrera Profesional del&hellip;\n","protected":false},"author":2,"featured_media":231459,"comment_status":"","ping_status":"","sticky":false,"template":"","format":"standard","meta":{"footnotes":""},"categories":[8],"tags":[17,18,60524,60525,25,24,13,14,11,19,20,9,10,15,16,17109,2274,23,12,21,22],"class_list":{"0":"post-231458","1":"post","2":"type-post","3":"status-publish","4":"format-standard","5":"has-post-thumbnail","7":"category-espana","8":"tag-breaking-news","9":"tag-breakingnews","10":"tag-carrera-profesional","11":"tag-desarrollo-profesional","12":"tag-es","13":"tag-espana","14":"tag-featured-news","15":"tag-featurednews","16":"tag-headlines","17":"tag-latest-news","18":"tag-latestnews","19":"tag-news","20":"tag-noticias","21":"tag-noticias-destacadas","22":"tag-noticiasdestacadas","23":"tag-sanidad-publica","24":"tag-sas","25":"tag-spain","26":"tag-titulares","27":"tag-ultimas-noticias","28":"tag-ultimasnoticias"},"share_on_mastodon":{"url":"https:\/\/pubeurope.com\/@es\/115534493608440238","error":""},"_links":{"self":[{"href":"https:\/\/www.europesays.com\/es\/wp-json\/wp\/v2\/posts\/231458","targetHints":{"allow":["GET"]}}],"collection":[{"href":"https:\/\/www.europesays.com\/es\/wp-json\/wp\/v2\/posts"}],"about":[{"href":"https:\/\/www.europesays.com\/es\/wp-json\/wp\/v2\/types\/post"}],"author":[{"embeddable":true,"href":"https:\/\/www.europesays.com\/es\/wp-json\/wp\/v2\/users\/2"}],"replies":[{"embeddable":true,"href":"https:\/\/www.europesays.com\/es\/wp-json\/wp\/v2\/comments?post=231458"}],"version-history":[{"count":0,"href":"https:\/\/www.europesays.com\/es\/wp-json\/wp\/v2\/posts\/231458\/revisions"}],"wp:featuredmedia":[{"embeddable":true,"href":"https:\/\/www.europesays.com\/es\/wp-json\/wp\/v2\/media\/231459"}],"wp:attachment":[{"href":"https:\/\/www.europesays.com\/es\/wp-json\/wp\/v2\/media?parent=231458"}],"wp:term":[{"taxonomy":"category","embeddable":true,"href":"https:\/\/www.europesays.com\/es\/wp-json\/wp\/v2\/categories?post=231458"},{"taxonomy":"post_tag","embeddable":true,"href":"https:\/\/www.europesays.com\/es\/wp-json\/wp\/v2\/tags?post=231458"}],"curies":[{"name":"wp","href":"https:\/\/api.w.org\/{rel}","templated":true}]}}