{"id":231461,"date":"2025-11-12T03:05:13","date_gmt":"2025-11-12T03:05:13","guid":{"rendered":"https:\/\/www.europesays.com\/es\/231461\/"},"modified":"2025-11-12T03:05:13","modified_gmt":"2025-11-12T03:05:13","slug":"de-su-relacion-con-su-manager-su-mejor-amigo-a-un-biopic-protagonizado-por-will-smith","status":"publish","type":"post","link":"https:\/\/www.europesays.com\/es\/231461\/","title":{"rendered":"de su relaci\u00f3n con su m\u00e1nager, su mejor amigo, a \u00bfun biopic protagonizado por Will Smith?"},"content":{"rendered":"<p class=\"c-paragraph\">A pesar de tener solo 24 a\u00f1os, ya nadie duda de que <a href=\"https:\/\/www.20minutos.es\/tags\/deportes\/jannik-sinner.html\" title=\"Jannik Sinner\" rel=\"nofollow noopener\" target=\"_blank\">Jannik Sinner<\/a> es uno de los mejores tenistas de la historia. Al menos, ah\u00ed est\u00e1n los datos y r\u00e9cords que ha batido, empezando porque <b>ha sido el jugador m\u00e1s joven de la era abierta en alcanzar la final de los cuatro Grand Slams en un mismo a\u00f1o, <\/b>y porque ya atesora cuatro t\u00edtulos de los mismos, aunque se le sigue resistiendo Roland Garros \u2014tiene dos Abiertos de Australia, un Wimbledon y un US Open\u2014. Su enfrentamiento, dentro de la pista, dado que fuera son amigos, con <a href=\"https:\/\/www.20minutos.es\/tags\/deportes\/carlos-alcaraz.html\" title=\"Carlos Alcaraz\" rel=\"nofollow noopener\" target=\"_blank\">Carlos Alcaraz<\/a> ya va camino de ser legendario y de emular a sus inmediatos predecesores en esas lides: Federer, Nadal, Murray y Djokovic.<\/p>\n<p class=\"c-paragraph\">Pero Jannik Sinner no es \u00fanicamente hablar de tenis, dado que m\u00e1s all\u00e1 del mundo de la raqueta el actual n\u00famero 2 del mundo en el ranking masculino individual de la ATP tiene muchas otras aficiones y ha dado algunos titulares bastante curiosos. Hoy por hoy est\u00e1 concentrado en su tierra, en Italia,<b> debido a que est\u00e1 disputando la ATP Finals en Tur\u00edn, d<\/b>e donde saldr\u00e1, enfrent\u00e1ndose los ocho mejores clasificados de este a\u00f1o, el mejor tenista de 2025 \u2014aunque Novak Djokovic ha dejado su puesto\u00a0Lorenzo Musetti\u2014.<\/p>\n<p class=\"c-paragraph\">Pero no todo el mundo pensaba que era italiano. Y es que Sinner es originario de Innichen, en la provincia aut\u00f3noma de Bolzano, lo que se conoce como Tirol del Sur. Situada en el\u00a0Trentino-Alto Adigio, Innichen tambi\u00e9n tiene un nombre italiano, San Candido, si bien su dualidad se explica por la frontera que hace, en el noreste del pa\u00eds transalpino, con Austria. <b>De ah\u00ed que el idioma natal de Sinner sea el que se habla en su regi\u00f3n, el alem\u00e1n,<\/b> en el que ha llegado a dar ruedas de prensa, as\u00ed como en los otros que domina, el italiano y el ingl\u00e9s.<\/p>\n<p class=\"c-paragraph\">\u00c9l, eso s\u00ed, se conoce orgulloso el\u00a0Inno di Mameli porque se siente cien por cien italiano. <b>\u00abEstoy muy contento de haber nacido en Italia y no en Austria, o en ning\u00fan otro sitio,<\/b> porque este pa\u00eds se merece mucho m\u00e1s, incluso m\u00e1s de lo que estoy haciendo. Tenemos instalaciones, jugadores, entrenadores y contamos con diversas mentalidades. Esas diferencias son nuestra fuerza. Competimos contra los mejores del mundo. Tenemos que mantenernos unidos y darnos apoyo para conseguir la mayor cantidad de trofeos posible. Italia se lo merece\u00bb, lleg\u00f3 a decir, desatando una pol\u00e9mica en las zonas colindantes a su lugar de nacimiento, con el grupo tirol\u00e9s Sch\u00fctzen saliendo al paso y afirmando que Sinner \u00abes demasiado italiano\u00bb.<\/p>\n<p class=\"c-paragraph\">Tanto, que no ha olvidado sus ra\u00edces: seg\u00fan se lleg\u00f3 a saber a principios de este a\u00f1o, Sinner fue todo un benefactor, pues, en un principio de forma an\u00f3nima, <b>sald\u00f3 la deuda de para el comedor de los estudiantes del Instituto Comprensivo de San Candido,<\/b> el pueblo donde naci\u00f3. Si tuvo finalmente que dar a conocer que hab\u00eda sido \u00e9l mediante una carta que envi\u00f3 a los alumnos y al personal escolar fue porque el noble gesto, que m\u00e1s tarde fue confirmado por la escuela, se pens\u00f3 en un principio que era un error administrativo.<\/p>\n<p class=\"c-paragraph\">Y es que Sinner se mud\u00f3 a la Riviera italiana a los 13 a\u00f1os, cuando decidi\u00f3 enfocarse exclusivamente en el tenis \u2014y donde aprender\u00eda a usar mayormente el idioma de su pa\u00eds\u2014. All\u00ed se preparar\u00eda con el veterano entrenador Riccardo Piatti, pero lo cierto es que hasta entonces hab\u00eda otras aficiones que tambi\u00e9n le llamaban la atenci\u00f3n. Y es que el tenista tiene claro que, de no haberse dedicado a la raqueta, su mundo seguir\u00eda ligado al deporte. Para empezar, es un enorme aficionado al esqu\u00ed, que practica siempre que puede,<b> as\u00ed como al f\u00fatbol, siendo uno de los tifosi del AC Milan.<\/b><\/p>\n<p class=\"c-paragraph\">\u00abMi compa\u00f1ero de cuarto en Bordighera era un fan incondicional, as\u00ed que a m\u00ed tambi\u00e9n me enganch\u00f3\u00bb, revel\u00f3, as\u00ed como que ha admirado a jugadores como Zlatan Ibrahimovi\u0107, Leao o Giroud. Eso s\u00ed, si algo le hubiese llamado, como a\u00f1aden desde Vanity Fair, es el mundo del motor. En concreto, por <b>la F\u00f3rmula 1, de la que se ha declarado fan\u00e1tico en diversas ocasiones,<\/b> puntualizando que su piloto favorito es Charles Leclerc, as\u00ed como, si ha de escoger una escuder\u00eda, tambi\u00e9n porque le tira la tierra, se quedar\u00eda con Ferrari.<\/p>\n<p class=\"c-paragraph\">Y hablando de coches: quien le tuvo que decir que no se iba a comprar los autom\u00f3viles que quisiera por tener 18 a\u00f1os y mucho dinero fue su gran amigo, mentor y m\u00e1nager Alex Vittur, de quien asegura que le hizo \u00ababrir los ojos\u00bb sobre muchas cosas, as\u00ed como le considera \u00abfundamental\u00bb en su vida, \u00abcasi uno m\u00e1s\u00bb de su familia. \u00abConf\u00edo totalmente en \u00e9l. Es a quien siento m\u00e1s cercano, tambi\u00e9n porque tenemos las mismas caracter\u00edsticas. Ahora s\u00ed, trabaja para m\u00ed, pero es que es mi mejor amigo.<b> Se trata de un v\u00ednculo que no tengo con ninguna otra persona y que casi seguro que no voy a tener con nadie m\u00e1s en mi vida\u00bb,<\/b> ha llegado a declarar sobre \u00e9l \u2014y eso que Sinner ha tenido parejas famosas como la modelo\u00a0Maria Braccini, la tenista Anna Kalinskaya o la actual, la influencer\u00a0Laila Hasanovic\u2014.<\/p>\n<p class=\"c-paragraph\">\u00abTal vez con\u00a020 a\u00f1os habr\u00eda tenido una mansi\u00f3n en lugar de un piso y habr\u00eda ido a comer a restaurantes de lujo en vez de aprender a cocinar. <b>Todo habr\u00edan sido excesos. <\/b>Y mejor que no, porque tengo 24 a\u00f1os, estoy madurando y cometo mis errores, pero Alex es quien me ha ayudado a no cometer otros tantos. Muchos deportistas no tienen a alguien, no han tenido la suerte de encontrar a una persona de calidad como \u00e9l\u00bb, ha llegado a decir de Alex Vittur, a quien ser\u00eda menester preguntarle tambi\u00e9n qui\u00e9n querr\u00eda que le interpretase en un hipot\u00e9tico biopic del tenista.<\/p>\n<p class=\"c-paragraph\">Porque, cuando esa pregunta se la hicieron a Sinner, <b>el tenista italiano respondi\u00f3: \u00abDir\u00eda que Will Smith\u00bb<\/b>. Qui\u00e9n sabe si lo hizo a modo de broma, dado el poco parecido entre ellos, o porque admira al int\u00e9rprete, pero el ganador del Oscar recogi\u00f3 el testigo, afirmando en una story\u00a0de Instagram que \u00abestaba dentro\u00bb del proyecto, con un fotomontaje en el que parec\u00eda que \u00e9l levantaba Wimbledon como vencedor. Adem\u00e1s, ambos comparten una enorme afici\u00f3n por una comida en particular, que Sinner solo se permite muy de vez en cuando, pero que suele ocurrir si gana alg\u00fan torneo: una buena hamburguesa con refresco de cola.<\/p>\n","protected":false},"excerpt":{"rendered":"A pesar de tener solo 24 a\u00f1os, ya nadie duda de que Jannik Sinner es uno de los&hellip;\n","protected":false},"author":2,"featured_media":231462,"comment_status":"","ping_status":"","sticky":false,"template":"","format":"standard","meta":{"footnotes":""},"categories":[274],"tags":[7785,168,25,24,20068,1179,4466,23,167,327,326],"class_list":{"0":"post-231461","1":"post","2":"type-post","3":"status-publish","4":"format-standard","5":"has-post-thumbnail","7":"category-tenis","8":"tag-alla","9":"tag-deportes","10":"tag-es","11":"tag-espana","12":"tag-jannik","13":"tag-mas","14":"tag-sinner","15":"tag-spain","16":"tag-sports","17":"tag-tenis","18":"tag-tennis"},"share_on_mastodon":{"url":"https:\/\/pubeurope.com\/@es\/115534516908504859","error":""},"_links":{"self":[{"href":"https:\/\/www.europesays.com\/es\/wp-json\/wp\/v2\/posts\/231461","targetHints":{"allow":["GET"]}}],"collection":[{"href":"https:\/\/www.europesays.com\/es\/wp-json\/wp\/v2\/posts"}],"about":[{"href":"https:\/\/www.europesays.com\/es\/wp-json\/wp\/v2\/types\/post"}],"author":[{"embeddable":true,"href":"https:\/\/www.europesays.com\/es\/wp-json\/wp\/v2\/users\/2"}],"replies":[{"embeddable":true,"href":"https:\/\/www.europesays.com\/es\/wp-json\/wp\/v2\/comments?post=231461"}],"version-history":[{"count":0,"href":"https:\/\/www.europesays.com\/es\/wp-json\/wp\/v2\/posts\/231461\/revisions"}],"wp:featuredmedia":[{"embeddable":true,"href":"https:\/\/www.europesays.com\/es\/wp-json\/wp\/v2\/media\/231462"}],"wp:attachment":[{"href":"https:\/\/www.europesays.com\/es\/wp-json\/wp\/v2\/media?parent=231461"}],"wp:term":[{"taxonomy":"category","embeddable":true,"href":"https:\/\/www.europesays.com\/es\/wp-json\/wp\/v2\/categories?post=231461"},{"taxonomy":"post_tag","embeddable":true,"href":"https:\/\/www.europesays.com\/es\/wp-json\/wp\/v2\/tags?post=231461"}],"curies":[{"name":"wp","href":"https:\/\/api.w.org\/{rel}","templated":true}]}}