{"id":231481,"date":"2025-11-12T03:23:10","date_gmt":"2025-11-12T03:23:10","guid":{"rendered":"https:\/\/www.europesays.com\/es\/231481\/"},"modified":"2025-11-12T03:23:10","modified_gmt":"2025-11-12T03:23:10","slug":"eche-de-menos-empatia-en-flick","status":"publish","type":"post","link":"https:\/\/www.europesays.com\/es\/231481\/","title":{"rendered":"\u201cEch\u00e9 de menos empat\u00eda en Flick\u201d"},"content":{"rendered":"<p class=\"\">El seleccionador espa\u00f1ol, <b>Luis de la Fuente<\/b>, ha analizado en El Larguero de la Cadena Ser la actualidad del equipo nacional, marcada por la baja de <b>Lamine Yamal <\/b><a href=\"https:\/\/as.com\/futbol\/de-la-fuente-sobre-la-baja-de-lamine-no-creo-que-sea-muy-normal-f202511-n\/\" target=\"_blank\" rel=\"noreferrer nofollow noopener\" title=\"https:\/\/as.com\/futbol\/de-la-fuente-sobre-la-baja-de-lamine-no-creo-que-sea-muy-normal-f202511-n\/\">tras someterse a un tratamiento m\u00e9dico en su pubis<\/a>.<\/p>\n<p class=\"\"><b>Baja de Lamine: <\/b>\u201cNo pasa m\u00e1s de lo que se ha contado en <a href=\"https:\/\/as.com\/futbol\/seleccion\/durisimo-comunicado-de-la-seleccion-contra-el-barca-f202511-n\/\" target=\"_blank\" rel=\"noreferrer nofollow noopener\" title=\"https:\/\/as.com\/futbol\/seleccion\/durisimo-comunicado-de-la-seleccion-contra-el-barca-f202511-n\/\">el comunicado de la RFEF<\/a>. Las relaciones son buenas. Tengo muy buena relaci\u00f3n con el Barcelona, su presidente y la junta directiva. Lo que se cuenta en el comunicado, es lo que ha sucedido\u201d.<\/p>\n<p class=\"\"><b>Si le han sorprendido las pruebas m\u00e9dicas de Lamine:<\/b> \u201cPor lo menos se ten\u00eda que haber comunicado lo que ten\u00edan idea de hacerle. Luego ya est\u00e1n en la libertad de hacerle a su jugador lo que crean oportuno\u201d. <\/p>\n<p class=\"\"><b>Por qu\u00e9 el Barcelona no lo comunica: <\/b>\u201cPreg\u00fantale a ellos. Es una cosa que es, cuanto menos, sorprendente\u201d. <\/p>\n<p class=\"\"><b>C\u00f3mo est\u00e1 Lamine:<\/b> \u201cLamine est\u00e1 triste. Es un jugador implicado con la Selecci\u00f3n y muy querido. Se ha ido muy triste, ten\u00eda ilusi\u00f3n de jugar estos partidos. Quiere hacer una gran campa\u00f1a con su club y tambi\u00e9n tiene grabado a fuego la Finalissima y el Mundial\u201d.<\/p>\n<p class=\"\"><b>Cuando hablan de mal trato de la RFEF:<\/b> \u201cNada m\u00e1s lejos de la realidad. La prioridad aqu\u00ed es la persona, el futbolista. Cuando se comenta eso, me quedo sorprendido, impresionado. Hay casos de jugadores que han estado aqu\u00ed y luego se han tenido que ir a casa. No corremos el riesgo con ninguno, porque priorizamos al futbolista y adem\u00e1s tratamos con una gran cantera\u201d.<\/p>\n<p class=\"\"><b>Si volver\u00eda a sacar a Lamine:<\/b> \u201cVolver\u00eda a hacer lo mismo con Lamine, estaba bien para jugar esos partidos. Lo que hacemos es valorar en qu\u00e9 estado est\u00e1, la comunicaci\u00f3n que nos da ese futbolista&#8230; y tomamos las decisiones\u201d.<\/p>\n<p class=\"\"><b>Tratamiento a Lamine en la RFEF: <\/b>\u201cLos que hemos sido futbolistas sabemos que tomar un Voltaren o un analg\u00e9sico es algo normal. No hay nada peor que el desconocimiento y la ignorancia. La mala fe, tambi\u00e9n. El Bar\u00e7a quiere defender a su futbolista y, nosotros, tambi\u00e9n\u201d. <\/p>\n<p class=\"\"><a href=\"https:\/\/as.com\/futbol\/de-la-fuente-flick-un-dia-tenemos-que-hablar-el-ha-sido-seleccionador-f202511-n\/\" target=\"_blank\" rel=\"noreferrer nofollow noopener\" title=\"https:\/\/as.com\/futbol\/de-la-fuente-flick-un-dia-tenemos-que-hablar-el-ha-sido-seleccionador-f202511-n\/\"><b>Palabras de Flick<\/b><\/a><b>: <\/b>\u201cSi tuviera que decir algo a un compa\u00f1ero, lo har\u00eda en privado. No lo hago p\u00fablicamente, porque me puedo equivocar. He echado de menos empat\u00eda en Flick, porque \u00e9l ha sido seleccionador. Por lo dem\u00e1s, no tengo ning\u00fan problema con \u00e9l\u201d.<\/p>\n<p class=\"\"><b>Cu\u00e1ndo se enter\u00f3 de la pubalgia de Lamine:<\/b> \u201cNo nos hab\u00edan dicho nada. El futbolista tampoco refiri\u00f3 ninguna molestia de pubalgia, s\u00ed de lumbalgia\u201d. <\/p>\n<p class=\"\"><b>\u00bfSe esperaba lo que ha pasado con Lamine?:<\/b> \u201cNo, porque he visto el rendimiento de Lamine. Jug\u00f3 el domingo y el mi\u00e9rcoles 90 minutos. Y, adem\u00e1s, a un nivel muy bueno. Yo no pod\u00eda pensar nada. Cuando suceden cosas, nos llaman a las 23:30 o 00:00 de la noche. En este caso, vimos que no hab\u00eda contratiempo\u201d. <\/p>\n<p class=\"\"><b>Si es el mismo caso que Nico: <\/b>\u201cSon situaciones diferentes. Primero, hay un criterio del entrenador de traer a los mejores jugadores para competir. Nico jug\u00f3 el domingo; el lunes ni fue convocado. Me dijeron que su situaci\u00f3n es complicada. Yo doy la lista el viernes y, el domingo, su entrenador asume el riesgo alinear a Nico. Que me parece perfecto. Nosotros ten\u00edamos dudas de que pudiera estar para el siguiente partido\u201d.<\/p>\n<p class=\"\"><b>\u00bfC\u00f3mo se arregla esto?: <\/b>\u201cCon di\u00e1logo. Me consta que Karanka ha estado en contacto con Deco y el Bar\u00e7a. Mucho. Habr\u00e1 que hablar m\u00e1s todav\u00eda. No solo est\u00e1 Lamine, hay m\u00e1s jugadores del Bar\u00e7a y no hay ning\u00fan problema. La relaci\u00f3n no est\u00e1 deteriorada, pero todo se puede mejorar por ambas partes\u201d.<\/p>\n<p class=\"\"><b>\u00bfC\u00f3mo se encuentran los m\u00e9dicos?: <\/b>\u201cSorprendidos tambi\u00e9n. Ellos, que conocen las enfermedades y han visto muchas cosas, esas situaciones les afecta. Pero est\u00e1n bien, tranquilos. Ellos han obrado con honradez y profesionalidad. No hemos hecho nada que no hagamos con otro futbolista. Estos son los mejores profesionales\u201d.<\/p>\n<p class=\"\"><b>\u00bfPuede ir esto en contra de Lamine?:<\/b> \u201c\u00c9l es el primer perjudicado. \u00c9l quiere venir siempre. Se ha ido triste y dolido. El que diga lo contrario, miente o tiene malas ideas\u201d. <\/p>\n<p class=\"\"><b>Qui\u00e9n se lo ha comunicado a Lamine:<\/b> \u201cYo he hablado con \u00e9l. Cuando tuvimos anoche el informe, le dejamos descansar. Y hemos ido a su habitaci\u00f3n y he hablado con \u00e9l. Yo se lo he transmitido como que era la primera noticia que dejaba la Selecci\u00f3n, no s\u00e9 si ten\u00eda informaci\u00f3n del Barcelona. Se ha quedado tremendamente triste y muy dolido. \u00c9l cuando lleg\u00f3 estaba bien. Hasta la noche no sabemos nada\u201d. <\/p>\n<p class=\"\"><b>Lesiones de los jugadores: <\/b>\u201cDesgraciadamente, habr\u00e1 otras lesiones. El f\u00fatbol es as\u00ed. El f\u00fatbol es de m\u00e1ximo riesgo y te puedes lesionar. Estamos viendo que se est\u00e1n lesionando en todas las circunstancias. Eso s\u00ed que me inquieta\u201d.<\/p>\n<p>Noticias relacionadas<a href=\"https:\/\/as.com\/futbol\/seleccion\/lamine-no-se-borra-de-espana-f202511-n\/\" class=\"s_m_w _rt-16x9\" title=\"El jugador del Bar\u00e7a ha demostrado, sobradamente, que su empe\u00f1o no es otro que vestir la camiseta roja de la Selecci\u00f3n: no duda, se divierte...\" data-tb-link=\"\" rel=\"nofollow noopener\" target=\"_blank\"><img decoding=\"async\" src=\"https:\/\/www.europesays.com\/es\/wp-content\/uploads\/2025\/11\/VXOYQ67SPVYYTQIDZKNZJBI2X4.JPG\" alt=\"Lamine no se borra de Espa\u00f1a\" class=\"\" height=\"9\" width=\"16\"   loading=\"lazy\" data-tb-thumbnail=\"\"\/><\/a><a href=\"https:\/\/as.com\/futbol\/el-barca-replica-que-informo-inmediatamente-del-tratamiento-de-lamine-a-la-rfef-f202511-n\/\" class=\"s_m_w _rt-16x9\" title=\"El club blaugrana asegura que la decisi\u00f3n de tratar al jugador se tom\u00f3 el mismo lunes. Despu\u00e9s se notific\u00f3 a los servicios m\u00e9dicos de la Selecci\u00f3n.\" data-tb-link=\"\" rel=\"nofollow noopener\" target=\"_blank\"><img decoding=\"async\" src=\"https:\/\/www.europesays.com\/es\/wp-content\/uploads\/2025\/11\/1762917790_864_XQRM33OW7FJZFM7E75WFSPRM3A.jpg\" alt=\"El Bar\u00e7a replica que inform\u00f3 inmediatamente del tratamiento de Lamine a la RFEF\" class=\"\" height=\"9\" width=\"16\"   loading=\"lazy\" data-tb-thumbnail=\"\"\/><\/a><\/p>\n<p class=\"\"><b>Si ten\u00eda previsto plan de minutos con Lamine:<\/b> \u201cPuedes tener un planteamiento de rotar, dar descansos y oportunidades, pero el f\u00fatbol te lleva por otros derroteros. En la teor\u00eda, intentamos dosificar en la justa medida. Teniendo en cuenta que son dos partidos que nos jugamos todo. Pero no hoy, siempre\u201d. <\/p>\n<p class=\"\"><b>\u00a1Tus opiniones importan!<\/b> Comenta en los art\u00edculos y suscr\u00edbete gratis a nuestra <a href=\"https:\/\/asfan.as.com\/newsletters\/\" target=\"_blank\" rel=\"nofollow noopener\" title=\"https:\/\/asfan.as.com\/newsletters\/\">newsletter<\/a> y a las alertas informativas en la <a href=\"https:\/\/as.com\/aplicacion-de-as-n\/\" target=\"_blank\" rel=\"nofollow noopener\" title=\"https:\/\/as.com\/aplicacion-de-as-n\/\">App<\/a> o el canal de <a href=\"https:\/\/www.whatsapp.com\/channel\/0029VaAasdA7j6g745nz9M10\" target=\"_blank\" rel=\"nofollow noopener\" title=\"https:\/\/www.whatsapp.com\/channel\/0029VaAasdA7j6g745nz9M10\">WhatsApp<\/a>. \u00bfBuscas licenciar contenido? Haz clic <a href=\"https:\/\/profesional.elpais.com\/soluciones-sindicacion?utm_medium=interno&amp;utm_source=crosslinking&amp;utm_campaign=sindicacion_as_pie_articulos\" target=\"_blank\" rel=\"nofollow noopener\" title=\"https:\/\/profesional.elpais.com\/soluciones-sindicacion?utm_medium=interno&amp;utm_source=crosslinking&amp;utm_campaign=sindicacion_as_pie_articulos\">aqu\u00ed<\/a><\/p>\n","protected":false},"excerpt":{"rendered":"El seleccionador espa\u00f1ol, Luis de la Fuente, ha analizado en El Larguero de la Cadena Ser la actualidad&hellip;\n","protected":false},"author":2,"featured_media":231482,"comment_status":"","ping_status":"","sticky":false,"template":"","format":"standard","meta":{"footnotes":""},"categories":[5],"tags":[17,18,25,24,13,14,11,19,20,9,10,15,16,23,12,21,22],"class_list":{"0":"post-231481","1":"post","2":"type-post","3":"status-publish","4":"format-standard","5":"has-post-thumbnail","7":"category-titulares","8":"tag-breaking-news","9":"tag-breakingnews","10":"tag-es","11":"tag-espana","12":"tag-featured-news","13":"tag-featurednews","14":"tag-headlines","15":"tag-latest-news","16":"tag-latestnews","17":"tag-news","18":"tag-noticias","19":"tag-noticias-destacadas","20":"tag-noticiasdestacadas","21":"tag-spain","22":"tag-titulares","23":"tag-ultimas-noticias","24":"tag-ultimasnoticias"},"share_on_mastodon":{"url":"https:\/\/pubeurope.com\/@es\/115534587966771055","error":""},"_links":{"self":[{"href":"https:\/\/www.europesays.com\/es\/wp-json\/wp\/v2\/posts\/231481","targetHints":{"allow":["GET"]}}],"collection":[{"href":"https:\/\/www.europesays.com\/es\/wp-json\/wp\/v2\/posts"}],"about":[{"href":"https:\/\/www.europesays.com\/es\/wp-json\/wp\/v2\/types\/post"}],"author":[{"embeddable":true,"href":"https:\/\/www.europesays.com\/es\/wp-json\/wp\/v2\/users\/2"}],"replies":[{"embeddable":true,"href":"https:\/\/www.europesays.com\/es\/wp-json\/wp\/v2\/comments?post=231481"}],"version-history":[{"count":0,"href":"https:\/\/www.europesays.com\/es\/wp-json\/wp\/v2\/posts\/231481\/revisions"}],"wp:featuredmedia":[{"embeddable":true,"href":"https:\/\/www.europesays.com\/es\/wp-json\/wp\/v2\/media\/231482"}],"wp:attachment":[{"href":"https:\/\/www.europesays.com\/es\/wp-json\/wp\/v2\/media?parent=231481"}],"wp:term":[{"taxonomy":"category","embeddable":true,"href":"https:\/\/www.europesays.com\/es\/wp-json\/wp\/v2\/categories?post=231481"},{"taxonomy":"post_tag","embeddable":true,"href":"https:\/\/www.europesays.com\/es\/wp-json\/wp\/v2\/tags?post=231481"}],"curies":[{"name":"wp","href":"https:\/\/api.w.org\/{rel}","templated":true}]}}