{"id":231493,"date":"2025-11-12T03:38:30","date_gmt":"2025-11-12T03:38:30","guid":{"rendered":"https:\/\/www.europesays.com\/es\/231493\/"},"modified":"2025-11-12T03:38:30","modified_gmt":"2025-11-12T03:38:30","slug":"como-se-comparan-los-roles-emocionales-de-las-guerreras-k-pop-con-los-de-otras-series-animadas","status":"publish","type":"post","link":"https:\/\/www.europesays.com\/es\/231493\/","title":{"rendered":"C\u00f3mo se comparan los roles emocionales de Las Guerreras K-Pop con los de otras series animadas"},"content":{"rendered":"<p>&#13;<br \/>\n                    &#13;<br \/>\n                        &#13;<\/p>\n<p>La pel\u00edcula pone en primer plano la amistad, la presi\u00f3n del estrellato y la vulnerabilidad de sus protagonistas, en un enfoque emocional que merece compararse con otras grandes animaciones.<\/p>\n<p>&#13;<br \/>\n<img decoding=\"async\" class=\"mainImg r16x9\" width=\"416\" height=\"234\" fetchpriority=\"high\" src=\"https:\/\/www.europesays.com\/es\/wp-content\/uploads\/2025\/11\/las-guerreras-k-pop-_416x234.webp.webp\"  alt=\"Las Guerreras K-pop\" title=\"Las Guerreras K-pop\"\/> Las Guerreras K-pop<a href=\"https:\/\/profile.google.com\/cp\/CgsvZy8xMjBtYzBrcg\" target=\"_blank\" id=\"followGoogleBtn\" rel=\"nofollow noopener\"> <strong>+<\/strong> Seguinos en              <\/a><\/p>\n<p><b>En Las Guerreras K-Pop, tres idols <\/b>se transforman en hero\u00ednas que luchan contra demonios mientras intentan mantener su carrera musical. La historia mezcla brillo, presi\u00f3n y amistad, con un costado emocional que va m\u00e1s all\u00e1 del t\u00edpico relato de chicas m\u00e1gicas<b>. Conoc\u00e9 los detalles.<\/b><\/p>\n<p>&#13;<br \/>\nC\u00f3mo se comparan los roles emocionales de Las Guerreras K-Pop con los de otras series animadas<\/p>\n<p>A diferencia de otras producciones animadas, las protagonistas de esta pel\u00edcula viven una doble tensi\u00f3n: <b>ser artistas admiradas por millones y, al mismo tiempo, j\u00f3venes que cargan con miedos e inseguridades<\/b>. Esa dualidad \u2014entre lo p\u00fablico y lo \u00edntimo\u2014 marca la diferencia frente a otras series, donde las emociones suelen centrarse en conflictos internos m\u00e1s cl\u00e1sicos, como la p\u00e9rdida, el poder o la identidad.\u00a0Entre los puntos que distinguen a Las Guerreras K-Pop aparecen:<\/p>\n<ul>\n<li>La exposici\u00f3n medi\u00e1tica como fuente de vulnerabilidad.<\/li>\n<li>La amistad y la sororidad como n\u00facleo del crecimiento emocional.<\/li>\n<li>El contraste entre espect\u00e1culo y hero\u00edsmo, donde las luces del escenario se mezclan con las sombras del deber.<\/li>\n<li>La autoaceptaci\u00f3n frente a la imagen perfecta que el p\u00fablico espera.<\/li>\n<\/ul>\n<p>Mientras en animaciones como Avatar: La leyenda de Aang o Steven Universe los protagonistas atraviesan viajes personales de transformaci\u00f3n y descubrimiento, en Las Guerreras K-Pop el eje pasa por el equilibrio grupal. <b>Las emociones se construyen en conjunto, mostrando que la fuerza aparece cuando las chicas se sostienen entre s\u00ed.<\/b><\/p>\n<p>Adem\u00e1s, la pel\u00edcula incorpora un elemento poco explorado: la fama como conflicto emocional.<b> No solo deben salvar el mundo, tambi\u00e9n sobrevivir a la exposici\u00f3n, a los fans y a la presi\u00f3n de ser perfectas.<\/b> Esa mezcla convierte a las guerreras en un nuevo tipo de hero\u00edna: sensible, humana y medi\u00e1tica.<\/p>\n<p><img decoding=\"async\" class=\"mainImg r16x9\" width=\"416\" height=\"234\" fetchpriority=\"low\" loading=\"lazy\" src=\"https:\/\/www.europesays.com\/es\/wp-content\/uploads\/2025\/11\/como-dibujar-a-zoey-de-las-guerreras-k-pop-y-parecer-un-experto-paso-a-paso_416x234.webp.webp\"  alt=\"C\u00f3mo dibujar a Zoey de Las Guerreras K-pop y parecer un experto, paso a paso\" title=\"C\u00f3mo dibujar a Zoey de Las Guerreras K-pop y parecer un experto, paso a paso\"\/> C\u00f3mo dibujar a Zoey de Las Guerreras K-pop y parecer un experto, paso a paso&#13;<br \/>\n       &#13;<br \/>\n&#13;<br \/>\n        Te puede interesar<a href=\"https:\/\/www.tycsports.com\/gaming\/la-remera-que-nico-occhiato-se-hizo-con-la-cara-de-davo-xeneize-id698102.html\" onclick=\"ga4SelectContentEvent(&quot;La remera que Nico Occhiato se hizo con la cara de Davo Xeneize&quot;,&quot;Gaming&quot;,&quot;page_nota-comun-2024-blo_4109&quot;,&quot;Mariano Viegas&quot;);\" class=\"cardImageHolder\" rel=\"nofollow noopener\" target=\"_blank\">&#13;<br \/>\n                    &#13;<br \/>\n                    &#13;<br \/>\n                <img decoding=\"async\" class=\"cardImage r16x9\" width=\"416\" height=\"234\" fetchpriority=\"low\" loading=\"lazy\" src=\"https:\/\/www.europesays.com\/es\/wp-content\/uploads\/2025\/11\/la-remera-que-nico-occhiato-se-hizo-con-la-cara-de-davo-xeneizf_416x234.webp.webp\"  alt=\"La remera que Nico Occhiato se hizo con la cara de Davo Xeneize\" title=\"La remera que Nico Occhiato se hizo con la cara de Davo Xeneize\"\/><\/a><a href=\"https:\/\/www.tycsports.com\/gaming\/el-juego-de-disparos-que-esta-gratis-en-steam-por-tiempo-limitado-id698088.html\" onclick=\"ga4SelectContentEvent(&quot;El juego de disparos que est\\u00e1 GRATIS en Steam por tiempo limitado&quot;,&quot;Gaming&quot;,&quot;page_nota-comun-2024-blo_4109&quot;,&quot;Mariano Viegas&quot;);\" class=\"cardImageHolder\" rel=\"nofollow noopener\" target=\"_blank\"><img decoding=\"async\" class=\"cardImage r16x9\" width=\"416\" height=\"234\" fetchpriority=\"low\" loading=\"lazy\" src=\"https:\/\/www.europesays.com\/es\/wp-content\/uploads\/2025\/09\/steam_416x234.webp.webp\"  alt=\"El juego de disparos que est\u00e1 GRATIS en Steam por tiempo limitado\" title=\"El juego de disparos que est\u00e1 GRATIS en Steam por tiempo limitado\"\/><\/a><a href=\"https:\/\/www.tycsports.com\/gaming\/ubisoft-regala-un-juego-de-40-dolares-por-tiempo-limitado-id698084.html\" onclick=\"ga4SelectContentEvent(&quot;Ubisoft REGALA un juego de 40 d\\u00f3lares por tiempo limitado&quot;,&quot;Gaming&quot;,&quot;page_nota-comun-2024-blo_4109&quot;,&quot;Mariano Viegas&quot;);\" class=\"cardImageHolder\" rel=\"nofollow noopener\" target=\"_blank\"><img decoding=\"async\" class=\"cardImage r16x9\" width=\"416\" height=\"234\" fetchpriority=\"low\" loading=\"lazy\" src=\"https:\/\/www.europesays.com\/es\/wp-content\/uploads\/2025\/11\/ubisoft-regala-un-juego-de-40-dolares-por-tiempo-limitado_416x234.webp.webp\"  alt=\"Ubisoft REGALA un juego de 40 d\u00f3lares por tiempo limitado\" title=\"Ubisoft REGALA un juego de 40 d\u00f3lares por tiempo limitado\"\/><\/a><a href=\"https:\/\/www.tycsports.com\/gaming\/colapinto-por-fin-llego-al-videojuego-de-la-formula-1-asi-se-ve-el-piloto-argentino-id698079.html\" onclick=\"ga4SelectContentEvent(&quot;Colapinto por fin lleg\\u00f3 al videojuego de la F\\u00f3rmula 1: as\\u00ed se ve el piloto argentino en Alpine&quot;,&quot;Gaming&quot;,&quot;page_nota-comun-2024-blo_4109&quot;,&quot;Mariano Viegas&quot;);\" class=\"cardImageHolder\" rel=\"nofollow noopener\" target=\"_blank\"><img decoding=\"async\" class=\"cardImage r16x9\" width=\"416\" height=\"234\" fetchpriority=\"low\" loading=\"lazy\" src=\"https:\/\/www.europesays.com\/es\/wp-content\/uploads\/2025\/11\/colapinto-por-fin-llego-al-videojuego-de-la-formula-1-asi-se-ve-el-piloto-argentino_416x234.webp.webp\"  alt=\"Colapinto por fin lleg\u00f3 al videojuego de la F\u00f3rmula 1: as\u00ed se ve el piloto argentino en Alpine\" title=\"Colapinto por fin lleg\u00f3 al videojuego de la F\u00f3rmula 1: as\u00ed se ve el piloto argentino en Alpine\"\/><\/a><a href=\"https:\/\/www.tycsports.com\/gaming\/que-aspectos-de-la-personalidad-de-luffy-de-one-piece-se-reflejan-en-los-juegos-moviles-id697976.html\" onclick=\"ga4SelectContentEvent(&quot;Qu\\u00e9 aspectos de la personalidad de Luffy de One Piece se reflejan en los juegos m\\u00f3viles&quot;,&quot;Gaming&quot;,&quot;page_nota-comun-2024-blo_4109&quot;,&quot;Thomas Martinez&quot;);\" class=\"cardImageHolder\" rel=\"nofollow noopener\" target=\"_blank\"><img decoding=\"async\" class=\"cardImage r16x9\" width=\"416\" height=\"234\" fetchpriority=\"low\" loading=\"lazy\" src=\"https:\/\/www.europesays.com\/es\/wp-content\/uploads\/2025\/11\/luffy-de-one-piece_416x234.webp.webp\"  alt=\"Qu\u00e9 aspectos de la personalidad de Luffy de One Piece se reflejan en los juegos m\u00f3viles\" title=\"Qu\u00e9 aspectos de la personalidad de Luffy de One Piece se reflejan en los juegos m\u00f3viles\"\/><\/a><a href=\"https:\/\/www.tycsports.com\/gaming\/faker-y-t1-agigantaron-su-leyenda-sexta-corona-en-el-mundial-de-league-of-legends-id697970.html\" onclick=\"ga4SelectContentEvent(&quot;Faker y T1 agigantaron su leyenda: sexta corona en el Mundial de League of Legends&quot;,&quot;Gaming&quot;,&quot;page_nota-comun-2024-blo_4109&quot;,&quot;Mariano Viegas&quot;);\" class=\"cardImageHolder\" rel=\"nofollow noopener\" target=\"_blank\"><img decoding=\"async\" class=\"cardImage r16x9\" width=\"416\" height=\"234\" fetchpriority=\"low\" loading=\"lazy\" src=\"https:\/\/www.europesays.com\/es\/wp-content\/uploads\/2025\/11\/faker-y-t1-agigantaron-su-leyenda-sexta-corona-en-el-mundial-de-league-of-legends_416x234.webp.webp\"  alt=\"Faker y T1 agigantaron su leyenda: sexta corona en el Mundial de League of Legends\" title=\"Faker y T1 agigantaron su leyenda: sexta corona en el Mundial de League of Legends\"\/><\/a>&#13;<br \/>\n&#13;<br \/>\n    &#13;<br \/>\n&#13;<br \/>\n&#13;<br \/>\n                  &#13;<\/p>\n","protected":false},"excerpt":{"rendered":"&#13; &#13; &#13; La pel\u00edcula pone en primer plano la amistad, la presi\u00f3n del estrellato y la vulnerabilidad&hellip;\n","protected":false},"author":2,"featured_media":231494,"comment_status":"","ping_status":"","sticky":false,"template":"","format":"standard","meta":{"footnotes":""},"categories":[169],"tags":[177,146,147,25,24,176,1099,175,23],"class_list":{"0":"post-231493","1":"post","2":"type-post","3":"status-publish","4":"format-standard","5":"has-post-thumbnail","7":"category-cine","8":"tag-cine","9":"tag-entertainment","10":"tag-entretenimiento","11":"tag-es","12":"tag-espana","13":"tag-film","14":"tag-gaming","15":"tag-movies","16":"tag-spain"},"share_on_mastodon":{"url":"https:\/\/pubeurope.com\/@es\/115534647275436182","error":""},"_links":{"self":[{"href":"https:\/\/www.europesays.com\/es\/wp-json\/wp\/v2\/posts\/231493","targetHints":{"allow":["GET"]}}],"collection":[{"href":"https:\/\/www.europesays.com\/es\/wp-json\/wp\/v2\/posts"}],"about":[{"href":"https:\/\/www.europesays.com\/es\/wp-json\/wp\/v2\/types\/post"}],"author":[{"embeddable":true,"href":"https:\/\/www.europesays.com\/es\/wp-json\/wp\/v2\/users\/2"}],"replies":[{"embeddable":true,"href":"https:\/\/www.europesays.com\/es\/wp-json\/wp\/v2\/comments?post=231493"}],"version-history":[{"count":0,"href":"https:\/\/www.europesays.com\/es\/wp-json\/wp\/v2\/posts\/231493\/revisions"}],"wp:featuredmedia":[{"embeddable":true,"href":"https:\/\/www.europesays.com\/es\/wp-json\/wp\/v2\/media\/231494"}],"wp:attachment":[{"href":"https:\/\/www.europesays.com\/es\/wp-json\/wp\/v2\/media?parent=231493"}],"wp:term":[{"taxonomy":"category","embeddable":true,"href":"https:\/\/www.europesays.com\/es\/wp-json\/wp\/v2\/categories?post=231493"},{"taxonomy":"post_tag","embeddable":true,"href":"https:\/\/www.europesays.com\/es\/wp-json\/wp\/v2\/tags?post=231493"}],"curies":[{"name":"wp","href":"https:\/\/api.w.org\/{rel}","templated":true}]}}