{"id":231507,"date":"2025-11-12T03:52:30","date_gmt":"2025-11-12T03:52:30","guid":{"rendered":"https:\/\/www.europesays.com\/es\/231507\/"},"modified":"2025-11-12T03:52:30","modified_gmt":"2025-11-12T03:52:30","slug":"dos-aficionados-fallecen-en-las-atp-finals","status":"publish","type":"post","link":"https:\/\/www.europesays.com\/es\/231507\/","title":{"rendered":"dos aficionados fallecen en las ATP Finals"},"content":{"rendered":"<p>Lunes te\u00f1ido de luto en el Inalpi Arena de Tur\u00edn, donde se est\u00e1n disputando las ATP Finals de tenis; el torneo donde se enfrentan los ocho mejores tenistas del circuito mundial. <b>Dos aficionados de avanzada edad han fallecido<\/b> en las inmediaciones del recinto.<\/p>\n<p>Uno de ellos ten\u00eda setenta a\u00f1os y se sinti\u00f3 indispuesto durante la ma\u00f1ana, en las inmediaciones del pabell\u00f3n. Finalmente, <b>los servicios sanitarios no pudieron hacer nada<\/b> por reanimarlo, tampoco cuando fue trasladado al hospital de Molinette, por lo que el aficionado acab\u00f3 perdiendo la vida.<\/p>\n<p>Ya a lo largo de la tarde, otro seguidor de 78 a\u00f1os<b> se desmay\u00f3 en pleno partido entre Fritz y Musetti.<\/b> El servicio de asistencia 118 -equivalente al 061 en nuestro pa\u00eds- acudi\u00f3 para atender a la v\u00edctima, pero tampoco pudieron hacer nada para que saliera adelante.<\/p>\n<p>El Inalpi Arena, con capacidad para m\u00e1s de 20.000 espectadores, es el recinto que alberga las ATP Finals de esta semana. Al menos durante el a\u00f1o que viene, <b>este pabell\u00f3n repetir\u00e1 como sede<\/b>, mientras que en adelante es posible que haya rotaci\u00f3n con otras grandes ciudades italianas, ya que el evento se quedar\u00e1 en el pa\u00eds transalpino hasta 2030.<\/p>\n","protected":false},"excerpt":{"rendered":"Lunes te\u00f1ido de luto en el Inalpi Arena de Tur\u00edn, donde se est\u00e1n disputando las ATP Finals de&hellip;\n","protected":false},"author":2,"featured_media":231508,"comment_status":"","ping_status":"","sticky":false,"template":"","format":"standard","meta":{"footnotes":""},"categories":[274],"tags":[168,25,24,23,167,327,326],"class_list":{"0":"post-231507","1":"post","2":"type-post","3":"status-publish","4":"format-standard","5":"has-post-thumbnail","7":"category-tenis","8":"tag-deportes","9":"tag-es","10":"tag-espana","11":"tag-spain","12":"tag-sports","13":"tag-tenis","14":"tag-tennis"},"share_on_mastodon":{"url":"https:\/\/pubeurope.com\/@es\/115534701762566153","error":""},"_links":{"self":[{"href":"https:\/\/www.europesays.com\/es\/wp-json\/wp\/v2\/posts\/231507","targetHints":{"allow":["GET"]}}],"collection":[{"href":"https:\/\/www.europesays.com\/es\/wp-json\/wp\/v2\/posts"}],"about":[{"href":"https:\/\/www.europesays.com\/es\/wp-json\/wp\/v2\/types\/post"}],"author":[{"embeddable":true,"href":"https:\/\/www.europesays.com\/es\/wp-json\/wp\/v2\/users\/2"}],"replies":[{"embeddable":true,"href":"https:\/\/www.europesays.com\/es\/wp-json\/wp\/v2\/comments?post=231507"}],"version-history":[{"count":0,"href":"https:\/\/www.europesays.com\/es\/wp-json\/wp\/v2\/posts\/231507\/revisions"}],"wp:featuredmedia":[{"embeddable":true,"href":"https:\/\/www.europesays.com\/es\/wp-json\/wp\/v2\/media\/231508"}],"wp:attachment":[{"href":"https:\/\/www.europesays.com\/es\/wp-json\/wp\/v2\/media?parent=231507"}],"wp:term":[{"taxonomy":"category","embeddable":true,"href":"https:\/\/www.europesays.com\/es\/wp-json\/wp\/v2\/categories?post=231507"},{"taxonomy":"post_tag","embeddable":true,"href":"https:\/\/www.europesays.com\/es\/wp-json\/wp\/v2\/tags?post=231507"}],"curies":[{"name":"wp","href":"https:\/\/api.w.org\/{rel}","templated":true}]}}