{"id":231509,"date":"2025-11-12T03:55:21","date_gmt":"2025-11-12T03:55:21","guid":{"rendered":"https:\/\/www.europesays.com\/es\/231509\/"},"modified":"2025-11-12T03:55:21","modified_gmt":"2025-11-12T03:55:21","slug":"77-jugadores-en-la-temporada-2025-26","status":"publish","type":"post","link":"https:\/\/www.europesays.com\/es\/231509\/","title":{"rendered":"77 jugadores en la temporada 2025-26"},"content":{"rendered":"<p>\t\tNunca hubo tantos europeos en la NBA: 77 jugadores en la temporada 2025-26\t<\/p>\n<p>\t\t&#13;<\/p>\n<p>\t\t            &#13;<\/p>\n<p>NBAEst\u00e1s viendo\/\/Nunca hubo tantos europeos en la NBA: 77 jugadores en la temporada 2025-26<\/p>\n<p>                         <img width=\"900\" height=\"520\" src=\"https:\/\/www.europesays.com\/es\/wp-content\/uploads\/2025\/11\/Diseno-sin-titulo-8-1.jpg\" class=\"attachment-full size-full wp-post-image\" alt=\"Nunca hubo tantos europeos en la NBA: 77 jugadores en la temporada 2025-26\" decoding=\"async\" fetchpriority=\"high\"  \/>\t\t\t\t\t<\/p>\n<ul class=\"post-meta single-meta\">\n<li class=\"autor\">Redacci\u00f3n<\/li>\n<li class=\"post-date\">11\/11\/2025<\/li>\n<li class=\"post-category\"><a href=\"https:\/\/www.gigantes.com\/nba\/\" title=\"Cortos de NBA\" rel=\"nofollow noopener\" target=\"_blank\">NBA<\/a><\/li>\n<\/ul>\n<p>Europa sigue conquistando la <a href=\"https:\/\/www.gigantes.com\/nba\/\" rel=\"nofollow noopener\" target=\"_blank\">NBA<\/a>. La temporada 2025-26 arranca con un r\u00e9cord hist\u00f3rico de 77 jugadores europeos entre los 135 internacionales presentes en las plantillas de esta temporada.<\/p>\n<p>Un nuevo hito que consolida la globalizaci\u00f3n del baloncesto estadounidense y la creciente influencia del talento del Viejo Continente, encabezado por estrellas como Giannis Antetokounmpo, Nikola Joki\u0107, Luka Don\u010di\u0107 y Victor Wembanyama. Francia lidera la representaci\u00f3n europea con 19 jugadores, seguida de Alemania (7) y Serbia (6).<\/p>\n<p>A continuaci\u00f3n, <a href=\"https:\/\/www.gigantes.com\/\" rel=\"nofollow noopener\" target=\"_blank\">Gigantes del Basket<\/a> te presenta todos los nombres procedentes de Europa que compiten en la NBA.<\/p>\n<p>Todos los jugadores europeos en la NBA 2025-26<\/p>\n<p><strong>Austria<\/strong><\/p>\n<p><strong>B\u00e9lgica<\/strong><\/p>\n<ul>\n<li>Toumani Camara<\/li>\n<li>Ajay Mitchell<\/li>\n<\/ul>\n<p><strong>Bosnia y Herzegovina<\/strong><\/p>\n<p><strong>Croacia<\/strong><\/p>\n<ul>\n<li>Karlo Matkovi\u0107<\/li>\n<li>Dario \u0160ari\u0107<\/li>\n<li>Ivica Zubac<\/li>\n<\/ul>\n<p><strong>Chequia<\/strong><\/p>\n<p><strong>Finlandia<\/strong><\/p>\n<p><strong>Francia<\/strong><\/p>\n<ul>\n<li>Nicolas Batum<\/li>\n<li>Joan Beringer<\/li>\n<li>Sidy Cissoko<\/li>\n<li>Bilal Coulibaly<\/li>\n<li>Pac\u00f4me Dadiet<\/li>\n<li>Moussa Diabat\u00e9<\/li>\n<li>Mohamed Diawara<\/li>\n<li>Ousmane Dieng<\/li>\n<li>Noa Essengue<\/li>\n<li>Rudy Gobert<\/li>\n<li>Noah Penda<\/li>\n<li>Maxime Raynaud<\/li>\n<li>Zaccharie Risacher<\/li>\n<li>Rayan Rupert<\/li>\n<li>Tidjane Sala\u00fcn<\/li>\n<li>Alex Sarr<\/li>\n<li>Nolan Traor\u00e9<\/li>\n<li>Victor Wembanyama<\/li>\n<li>Guerschon Yabusele<\/li>\n<\/ul>\n<p><strong>Georgia<\/strong><\/p>\n<ul>\n<li>Goga Bitadze<\/li>\n<li>Sandro Mamukelashvili<\/li>\n<\/ul>\n<p><strong>Alemania<\/strong><\/p>\n<ul>\n<li>Tristan da Silva<\/li>\n<li>Isaiah Hartenstein<\/li>\n<li>Ariel Hukporti<\/li>\n<li>Maxi Kleber<\/li>\n<li>Dennis Schr\u00f6der<\/li>\n<li>Franz Wagner<\/li>\n<li>Moritz Wagner<\/li>\n<\/ul>\n<p><strong>Grecia<\/strong><\/p>\n<ul>\n<li>Giannis Antetokounmpo<\/li>\n<li>Alex Antetokounmpo<\/li>\n<li>Thanasis Antetokounmpo<\/li>\n<\/ul>\n<p><strong>Israel<\/strong><\/p>\n<ul>\n<li>Deni Avdija<\/li>\n<li>Ben Saraf<\/li>\n<li>Danny Wolf<\/li>\n<\/ul>\n<p><strong>Italia<\/strong><\/p>\n<p><strong>Letonia<\/strong><\/p>\n<p><strong>Lituania<\/strong><\/p>\n<ul>\n<li>Matas Buzelis<\/li>\n<li>Kasparas Jakucionis<\/li>\n<li>Domantas Sabonis<\/li>\n<li>Jonas Valan\u010di\u016bnas<\/li>\n<\/ul>\n<p><strong>Montenegro<\/strong><\/p>\n<p><strong>Pa\u00edses Bajos<\/strong><\/p>\n<p><strong>Polonia<\/strong><\/p>\n<p><strong>Portugal<\/strong><\/p>\n<p><strong>Rusia<\/strong><\/p>\n<p><strong>Serbia<\/strong><\/p>\n<ul>\n<li>Bogdan Bogdanovi\u0107<\/li>\n<li>Nikola \u0110uri\u0161i\u0107<\/li>\n<li>Nikola Joki\u0107<\/li>\n<li>Nikola Jovi\u0107<\/li>\n<li>Nikola Topi\u0107<\/li>\n<li>Tristan Vuk\u010devi\u0107<\/li>\n<\/ul>\n<p><strong>Eslovenia<\/strong><\/p>\n<p><strong>Espa\u00f1a<\/strong><\/p>\n<ul>\n<li>Santi Aldama<\/li>\n<li>Hugo Gonz\u00e1lez<\/li>\n<\/ul>\n<p><strong>Suecia<\/strong><\/p>\n<ul>\n<li>Bobi Klintman<\/li>\n<li>Pelle Larsson<\/li>\n<\/ul>\n<p><strong>Suiza<\/strong><\/p>\n<ul>\n<li>Clint Capela<\/li>\n<li>Kyshawn George<\/li>\n<li>Y.K. Niederhauser<\/li>\n<\/ul>\n<p><strong>Turqu\u00eda<\/strong><\/p>\n<ul>\n<li>Alperen \u015eeng\u00fcn<\/li>\n<li>Adem Bona<\/li>\n<\/ul>\n<p><strong>Ucrania<\/strong><\/p>\n<ul>\n<li>Svi Mykhailiuk<\/li>\n<li>Max Shulga<\/li>\n<\/ul>\n<p><strong>Gran Breta\u00f1a<\/strong><\/p>\n<ul>\n<li>OG Anunoby<\/li>\n<li>Tosan Evbuomwan<\/li>\n<li>Amari Williams<\/li>\n<\/ul>\n<p><img decoding=\"async\" src=\"https:\/\/www.europesays.com\/es\/wp-content\/uploads\/2025\/11\/1762876658_783_mtracking.gif\" alt=\"Etiquetas de Mautic\" style=\"display:none;\"\/><\/p>\n<p><a href=\"https:\/\/www.gigantes.com\/tienda\/hemeroteca\/especial-40-aniversario-gigantes-del-basket-no-1-562-noviembre-2025\/\" rel=\"nofollow noopener\" target=\"_blank\"><img loading=\"lazy\" decoding=\"async\" class=\"aligncenter wp-image-767872 size-large\" src=\"https:\/\/www.europesays.com\/es\/wp-content\/uploads\/2025\/10\/INSTAGRAM-2-2-1024x1024.jpg.webp.webp\" alt=\"\" width=\"680\" height=\"680\"  \/><\/a><\/p>\n<p>\t\t\t\t\t<img loading=\"lazy\" decoding=\"async\" src=\"https:\/\/www.europesays.com\/es\/wp-content\/uploads\/2025\/10\/mano.png\" width=\"60\" height=\"60\" alt=\"Deliza hacia abajo\"\/>Sigue deslizando hacia abajo para ver m\u00e1s contenidos<\/p>\n<p>\t\t\t\t\t<img loading=\"lazy\" decoding=\"async\" src=\"https:\/\/www.europesays.com\/es\/wp-content\/uploads\/2025\/10\/mano.png\" width=\"60\" height=\"60\" alt=\"Desliza hacia abajo\"\/>Sigue deslizando hacia abajo para ver m\u00e1s contenidos<\/p>\n<p><b>Cargando el siguiente contenido<\/b>Espera un momento por favor \ud83d\ude42<\/p>\n<p>(C) 2013 Copyright Skoon Magazine By Promola<\/p>\n<p>Para ofrecer las mejores experiencias, nosotros y nuestros socios utilizamos tecnolog\u00edas como cookies para almacenar y\/o acceder a la informaci\u00f3n del dispositivo. La aceptaci\u00f3n de estas tecnolog\u00edas nos permitir\u00e1 a nosotros y a nuestros socios procesar datos personales como el comportamiento de navegaci\u00f3n o identificaciones \u00fanicas (IDs) en este sitio y mostrar anuncios (no-) personalizados. No consentir o retirar el consentimiento, puede afectar negativamente a ciertas caracter\u00edsticas y funciones.<\/p>\n<p>Haz clic a continuaci\u00f3n para aceptar lo anterior o realizar elecciones m\u00e1s detalladas.\u00a0Tus elecciones se aplicar\u00e1n solo en este sitio.\u00a0Puedes cambiar tus ajustes en cualquier momento, incluso retirar tu consentimiento, utilizando los botones de la Pol\u00edtica de cookies o haciendo clic en el icono de Privacidad situado en la parte inferior de la pantalla.<\/p>\n<p>\n\t\t\t\t\tEl almacenamiento o acceso t\u00e9cnico es estrictamente necesario para el prop\u00f3sito leg\u00edtimo de permitir el uso de un servicio espec\u00edfico expl\u00edcitamente solicitado por el abonado o usuario, o con el \u00fanico prop\u00f3sito de llevar a cabo la transmisi\u00f3n de una comunicaci\u00f3n a trav\u00e9s de una red de comunicaciones electr\u00f3nicas.\n\t\t\t\t<\/p>\n<p>\n\t\t\t\t\tEl almacenamiento o acceso t\u00e9cnico es necesario para la finalidad leg\u00edtima de almacenar preferencias no solicitadas por el abonado o usuario.\n\t\t\t\t<\/p>\n<p>\n\t\t\t\t\tEl almacenamiento o acceso t\u00e9cnico que es utilizado exclusivamente con fines estad\u00edsticos.<br \/>\n\t\t\t\t\tEl almacenamiento o acceso t\u00e9cnico que se utiliza exclusivamente con fines estad\u00edsticos an\u00f3nimos. Sin un requerimiento, el cumplimiento voluntario por parte de tu Proveedor de servicios de Internet, o los registros adicionales de un tercero, la informaci\u00f3n almacenada o recuperada s\u00f3lo para este prop\u00f3sito no se puede utilizar para identificarte.\n\t\t\t\t<\/p>\n<p>\n\t\t\t\t\tEl almacenamiento o acceso t\u00e9cnico es necesario para crear perfiles de usuario para enviar publicidad, o para rastrear al usuario en una web o en varias web con fines de marketing similares.\n\t\t\t\t<\/p>\n<p>Cookies<\/p>\n<p>            &#13;<\/p>\n","protected":false},"excerpt":{"rendered":"Nunca hubo tantos europeos en la NBA: 77 jugadores en la temporada 2025-26 &#13; &#13; NBAEst\u00e1s viendo\/\/Nunca hubo&hellip;\n","protected":false},"author":2,"featured_media":231510,"comment_status":"","ping_status":"","sticky":false,"template":"","format":"standard","meta":{"footnotes":""},"categories":[269],"tags":[299,298,168,25,24,1725,23,167],"class_list":{"0":"post-231509","1":"post","2":"type-post","3":"status-publish","4":"format-standard","5":"has-post-thumbnail","7":"category-baloncesto","8":"tag-baloncesto","9":"tag-basketball","10":"tag-deportes","11":"tag-es","12":"tag-espana","13":"tag-nba","14":"tag-spain","15":"tag-sports"},"share_on_mastodon":{"url":"https:\/\/pubeurope.com\/@es\/115534713953051859","error":""},"_links":{"self":[{"href":"https:\/\/www.europesays.com\/es\/wp-json\/wp\/v2\/posts\/231509","targetHints":{"allow":["GET"]}}],"collection":[{"href":"https:\/\/www.europesays.com\/es\/wp-json\/wp\/v2\/posts"}],"about":[{"href":"https:\/\/www.europesays.com\/es\/wp-json\/wp\/v2\/types\/post"}],"author":[{"embeddable":true,"href":"https:\/\/www.europesays.com\/es\/wp-json\/wp\/v2\/users\/2"}],"replies":[{"embeddable":true,"href":"https:\/\/www.europesays.com\/es\/wp-json\/wp\/v2\/comments?post=231509"}],"version-history":[{"count":0,"href":"https:\/\/www.europesays.com\/es\/wp-json\/wp\/v2\/posts\/231509\/revisions"}],"wp:featuredmedia":[{"embeddable":true,"href":"https:\/\/www.europesays.com\/es\/wp-json\/wp\/v2\/media\/231510"}],"wp:attachment":[{"href":"https:\/\/www.europesays.com\/es\/wp-json\/wp\/v2\/media?parent=231509"}],"wp:term":[{"taxonomy":"category","embeddable":true,"href":"https:\/\/www.europesays.com\/es\/wp-json\/wp\/v2\/categories?post=231509"},{"taxonomy":"post_tag","embeddable":true,"href":"https:\/\/www.europesays.com\/es\/wp-json\/wp\/v2\/tags?post=231509"}],"curies":[{"name":"wp","href":"https:\/\/api.w.org\/{rel}","templated":true}]}}