{"id":231513,"date":"2025-11-12T03:57:11","date_gmt":"2025-11-12T03:57:11","guid":{"rendered":"https:\/\/www.europesays.com\/es\/231513\/"},"modified":"2025-11-12T03:57:11","modified_gmt":"2025-11-12T03:57:11","slug":"me-quiero-ir-a-mi-casa","status":"publish","type":"post","link":"https:\/\/www.europesays.com\/es\/231513\/","title":{"rendered":"Me quiero ir a mi casa\u00bb"},"content":{"rendered":"<p><b>Cayetano Rivera<\/b> sufr\u00eda el domingo por la noche un accidente. El torero <b>estrellaba su furgoneta contra una palmera<\/b> en una rotonda cercana a su domicilio.<\/p>\n<p>Antes de que llegara la polic\u00eda al lugar del incidente, Cayetano se march\u00f3 a casa, donde los agentes se personaron al identificar la matr\u00edcula. All\u00ed, presuntamente le pidieron al torero que se hiciera una <b>prueba de alcoholemia<\/b> y este se habr\u00eda negado.<\/p>\n<p>En Y ahora Sonsoles hemos hablado con una <b>testigo del accidente<\/b>. Seg\u00fan cuenta, es una rotonda donde <b>puede llegar a cogerse velocidad<\/b>, pero que los vecinos del barrio suelen tener muy en cuenta porque normalmente hay ni\u00f1os cerca.<\/p>\n<p>La vecina desvela que las primeras palabras del torero fueron<b> \u00abme quiero ir a casa, me quiero ir a casa\u00bb<\/b>. La polic\u00eda se personaba all\u00ed a los 40 minutos aproximadamente. \u00a1Dale al play para escucharla!<\/p>\n","protected":false},"excerpt":{"rendered":"Cayetano Rivera sufr\u00eda el domingo por la noche un accidente. El torero estrellaba su furgoneta contra una palmera&hellip;\n","protected":false},"author":2,"featured_media":231514,"comment_status":"","ping_status":"","sticky":false,"template":"","format":"standard","meta":{"footnotes":""},"categories":[174],"tags":[255,146,147,25,24,256,23],"class_list":{"0":"post-231513","1":"post","2":"type-post","3":"status-publish","4":"format-standard","5":"has-post-thumbnail","7":"category-famosos","8":"tag-celebrities","9":"tag-entertainment","10":"tag-entretenimiento","11":"tag-es","12":"tag-espana","13":"tag-famosos","14":"tag-spain"},"share_on_mastodon":{"url":"https:\/\/pubeurope.com\/@es\/115534721391461183","error":""},"_links":{"self":[{"href":"https:\/\/www.europesays.com\/es\/wp-json\/wp\/v2\/posts\/231513","targetHints":{"allow":["GET"]}}],"collection":[{"href":"https:\/\/www.europesays.com\/es\/wp-json\/wp\/v2\/posts"}],"about":[{"href":"https:\/\/www.europesays.com\/es\/wp-json\/wp\/v2\/types\/post"}],"author":[{"embeddable":true,"href":"https:\/\/www.europesays.com\/es\/wp-json\/wp\/v2\/users\/2"}],"replies":[{"embeddable":true,"href":"https:\/\/www.europesays.com\/es\/wp-json\/wp\/v2\/comments?post=231513"}],"version-history":[{"count":0,"href":"https:\/\/www.europesays.com\/es\/wp-json\/wp\/v2\/posts\/231513\/revisions"}],"wp:featuredmedia":[{"embeddable":true,"href":"https:\/\/www.europesays.com\/es\/wp-json\/wp\/v2\/media\/231514"}],"wp:attachment":[{"href":"https:\/\/www.europesays.com\/es\/wp-json\/wp\/v2\/media?parent=231513"}],"wp:term":[{"taxonomy":"category","embeddable":true,"href":"https:\/\/www.europesays.com\/es\/wp-json\/wp\/v2\/categories?post=231513"},{"taxonomy":"post_tag","embeddable":true,"href":"https:\/\/www.europesays.com\/es\/wp-json\/wp\/v2\/tags?post=231513"}],"curies":[{"name":"wp","href":"https:\/\/api.w.org\/{rel}","templated":true}]}}