{"id":231515,"date":"2025-11-12T04:00:37","date_gmt":"2025-11-12T04:00:37","guid":{"rendered":"https:\/\/www.europesays.com\/es\/231515\/"},"modified":"2025-11-12T04:00:37","modified_gmt":"2025-11-12T04:00:37","slug":"isabel-gemio-regresa-a-la-television-compartira-plato-con-gonzalo-miro","status":"publish","type":"post","link":"https:\/\/www.europesays.com\/es\/231515\/","title":{"rendered":"Isabel Gemio regresa a la televisi\u00f3n: compartir\u00e1 plat\u00f3 con Gonzalo Mir\u00f3"},"content":{"rendered":"<p class=\"\">Uno de los principales giros que La 1 dio a la parrilla vespertina radic\u00f3 en el estreno de <b>Directo al grano<\/b>, formato que recoger\u00eda la actualidad y la acercar\u00eda al espectador de la mano de <b>Gonzalo Mir\u00f3 <\/b>y<b> Marta Flich. <\/b>Y lo cierto es que los registros de audiencia han bendecido la maniobra de La Corporaci\u00f3n: tras un tiempo alejada de esta franja, l<b>a cadena p\u00fablica ha vuelto a consolidarse como una seria opci\u00f3n <\/b>en el tramo horario que sucede a la comida de mediod\u00eda.<\/p>\n<p class=\"\">Como la apuesta es buena, toca redoblarla. Y dicha estrategia pasa por un fichaje de prestigio:<b> Isabel Gemio.<\/b> La m\u00edtica periodista, que tambi\u00e9n se encuentra al frente del magac\u00edn nocturno <b>El \u00faltimo tren<\/b>, en <b>RNE<\/b>, se ha convertido en nueva <b>colaboradora del citado programa<\/b> de La 1, donde tendr\u00e1, incluso, <b>una secci\u00f3n propia<\/b>, seg\u00fan ha expresado RTVE a trav\u00e9s de un comunicado.<\/p>\n<p class=\"\">La periodista ofrecer\u00e1 cada semana la secci\u00f3n <b>\u2018Te doy la palabra\u2019<\/b>, \u201cun espacio con vocaci\u00f3n de servicio ciudadano en el que, a partir de<b> la llamada de los espectadores<\/b>, se abordar\u00e1n conflictos, denuncias y casos sociales que requieren atenci\u00f3n y visibilidad\u201d. Seg\u00fan detalla la cadena, el equipo de Gemio<b> \u201canalizar\u00e1 y seleccionar\u00e1 los casos m\u00e1s destacados para acompa\u00f1ar y dar seguimiento a cada uno de ellos contribuyendo a su resoluci\u00f3n\u201d.<\/b><\/p>\n<p>Los n\u00fameros no mienten<\/p>\n<p class=\"\">En su mochila vital se encuentran programas como <b>Sorpresa, sorpresa;<\/b><b> <\/b><b>Esta noche, sexo; <\/b><b>o <\/b><b>Lo que necesitas es amor<\/b>, as\u00ed como otros reconocidos espacios radiof\u00f3nicos. All\u00ed donde fue, dej\u00f3 huella. La periodista pacense pone<b> \u201csu compromiso social y su sensibilidad hacia las causas ciudadanas\u201d<\/b> al servicio de un programa que crece como la espuma.<\/p>\n<p>Noticias relacionadas<a href=\"https:\/\/as.com\/tikitakas\/gastronomia\/enumeran-los-alimentos-mas-caros-del-mundo-y-aparece-una-comida-espanola-en-el-panteon-casi-una-religion-f202511-n\/\" class=\"s_m_w _rt-16x9\" title=\"La revista \u2018Lux Gallery\u2019 ha elaborado un ranking en el que indica los productos con mayor valor del planeta. Espa\u00f1a, presente en el s\u00e9ptimo puesto.\" data-tb-link=\"\" rel=\"nofollow noopener\" target=\"_blank\"><img decoding=\"async\" src=\"https:\/\/www.europesays.com\/es\/wp-content\/uploads\/2025\/11\/FQC6PRSNDZDQJKA3BBFZAGNWXU.jpg\" alt=\"Enumeran los alimentos m\u00e1s caros del mundo y aparece una comida espa\u00f1ola en el Pante\u00f3n: \u201cCasi una religi\u00f3n\u201d\" class=\"\" height=\"9\" width=\"16\"   loading=\"lazy\" data-tb-thumbnail=\"\"\/><\/a><a href=\"https:\/\/as.com\/tikitakas\/gastronomia\/el-producto-que-ayudo-a-angelina-torres-la-espanola-que-vivio-112-anos-a-aumentar-su-longevidad-uno-al-dia-f202511-n\/\" class=\"s_m_w _rt-16x9\" title=\"La catalana era, desde la muerte de Mar\u00eda Branyas, la espa\u00f1ola m\u00e1s longeva; la clave, seg\u00fan ha explicado en m\u00e1s de una ocasi\u00f3n, es solo una.\" data-tb-link=\"\" rel=\"nofollow noopener\" target=\"_blank\"><img decoding=\"async\" src=\"https:\/\/www.europesays.com\/es\/wp-content\/uploads\/2025\/11\/UBFOYZY4V5DQDAWGCYA7CPQNNA.jpg\" alt=\"El producto que ayud\u00f3 a Angelina Torres, la espa\u00f1ola que vivi\u00f3 112 a\u00f1os, a aumentar su longevidad: \u201cUno al d\u00eda\u201d\" class=\"\" height=\"9\" width=\"16\"   loading=\"lazy\" data-tb-thumbnail=\"\"\/><\/a><\/p>\n<p class=\"\">Los n\u00fameros no mienten. <b>Directo al grano<\/b><b> cerr\u00f3 el mes de octubre con un 11% de cuota de pantalla y una media de 872.000 espectadores<\/b>, mejorando cuatro d\u00e9cimas los registros de septiembre y la friolera de <b>2\u20323 puntos los de octubre de 2024.<\/b> Y desde las cinco de la tarde, es l\u00edder en su franja. A esta ecuaci\u00f3n se suma Gemio, que ya conoce las mieles del \u00e9xito en la peque\u00f1a pantalla.<\/p>\n<p class=\"\"><b>\u00a1Tus opiniones importan!<\/b> Comenta en los art\u00edculos y suscr\u00edbete gratis a nuestra <a href=\"https:\/\/asfan.as.com\/newsletters\/\" target=\"_blank\" rel=\"nofollow noopener\" title=\"https:\/\/asfan.as.com\/newsletters\/\">newsletter<\/a> y a las alertas informativas en la <a href=\"https:\/\/as.com\/aplicacion-de-as-n\/\" target=\"_blank\" rel=\"nofollow noopener\" title=\"https:\/\/as.com\/aplicacion-de-as-n\/\">App<\/a> o el canal de <a href=\"https:\/\/www.whatsapp.com\/channel\/0029VaAasdA7j6g745nz9M10\" target=\"_blank\" rel=\"nofollow noopener\" title=\"https:\/\/www.whatsapp.com\/channel\/0029VaAasdA7j6g745nz9M10\">WhatsApp<\/a>. \u00bfBuscas licenciar contenido? Haz clic <a href=\"https:\/\/profesional.elpais.com\/landing-sindicacion?utm_medium=interno&amp;utm_source=crosslinking&amp;utm_campaign=sindicacion_as_pie_articulos\" target=\"_blank\" rel=\"nofollow noopener\" title=\"https:\/\/profesional.elpais.com\/landing-sindicacion?utm_medium=interno&amp;utm_source=crosslinking&amp;utm_campaign=sindicacion_as_pie_articulos\">aqu\u00ed<\/a><\/p>\n","protected":false},"excerpt":{"rendered":"Uno de los principales giros que La 1 dio a la parrilla vespertina radic\u00f3 en el estreno de&hellip;\n","protected":false},"author":2,"featured_media":231516,"comment_status":"","ping_status":"","sticky":false,"template":"","format":"standard","meta":{"footnotes":""},"categories":[171],"tags":[146,147,25,24,23,214],"class_list":{"0":"post-231515","1":"post","2":"type-post","3":"status-publish","4":"format-standard","5":"has-post-thumbnail","7":"category-tv","8":"tag-entertainment","9":"tag-entretenimiento","10":"tag-es","11":"tag-espana","12":"tag-spain","13":"tag-tv"},"share_on_mastodon":{"url":"https:\/\/pubeurope.com\/@es\/115534733668492568","error":""},"_links":{"self":[{"href":"https:\/\/www.europesays.com\/es\/wp-json\/wp\/v2\/posts\/231515","targetHints":{"allow":["GET"]}}],"collection":[{"href":"https:\/\/www.europesays.com\/es\/wp-json\/wp\/v2\/posts"}],"about":[{"href":"https:\/\/www.europesays.com\/es\/wp-json\/wp\/v2\/types\/post"}],"author":[{"embeddable":true,"href":"https:\/\/www.europesays.com\/es\/wp-json\/wp\/v2\/users\/2"}],"replies":[{"embeddable":true,"href":"https:\/\/www.europesays.com\/es\/wp-json\/wp\/v2\/comments?post=231515"}],"version-history":[{"count":0,"href":"https:\/\/www.europesays.com\/es\/wp-json\/wp\/v2\/posts\/231515\/revisions"}],"wp:featuredmedia":[{"embeddable":true,"href":"https:\/\/www.europesays.com\/es\/wp-json\/wp\/v2\/media\/231516"}],"wp:attachment":[{"href":"https:\/\/www.europesays.com\/es\/wp-json\/wp\/v2\/media?parent=231515"}],"wp:term":[{"taxonomy":"category","embeddable":true,"href":"https:\/\/www.europesays.com\/es\/wp-json\/wp\/v2\/categories?post=231515"},{"taxonomy":"post_tag","embeddable":true,"href":"https:\/\/www.europesays.com\/es\/wp-json\/wp\/v2\/tags?post=231515"}],"curies":[{"name":"wp","href":"https:\/\/api.w.org\/{rel}","templated":true}]}}