{"id":231517,"date":"2025-11-12T04:01:13","date_gmt":"2025-11-12T04:01:13","guid":{"rendered":"https:\/\/www.europesays.com\/es\/231517\/"},"modified":"2025-11-12T04:01:13","modified_gmt":"2025-11-12T04:01:13","slug":"lana-del-rey-definio-a-esta-cancion-como-la-mas-iconica-ha-sido-el-tema-de-mi-carrera","status":"publish","type":"post","link":"https:\/\/www.europesays.com\/es\/231517\/","title":{"rendered":"Lana Del Rey defini\u00f3 a esta canci\u00f3n como la m\u00e1s ic\u00f3nica: \u201cHa sido el tema de mi carrera\u201d"},"content":{"rendered":"<p>Lana Del Rey defini\u00f3 a \u00abUltraviolence\u00bb como la canci\u00f3n m\u00e1s ic\u00f3nica de su reparto (YouTube)<\/p>\n<p class=\"paragraph\"><a href=\"https:\/\/www.infobae.com\/entretenimiento\/2025\/08\/27\/lana-del-rey-y-su-opinion-sobre-las-criticas-y-el-exito-a-veces-pienso-que-la-mitad-de-la-gente-me-odia-y-la-otra-respeta-mi-trabajo\/\" target=\"_blank\" rel=\"noreferrer nofollow noopener\" title=\"https:\/\/www.infobae.com\/entretenimiento\/2025\/08\/27\/lana-del-rey-y-su-opinion-sobre-las-criticas-y-el-exito-a-veces-pienso-que-la-mitad-de-la-gente-me-odia-y-la-otra-respeta-mi-trabajo\/\"><b>Lana Del Rey<\/b><\/a> es una de las artistas m\u00e1s singulares del pop contempor\u00e1neo, capaz de conjugar <b>glamour, tristeza, deseo y vac\u00edo<\/b> en sus creaciones. Desde su irrupci\u00f3n internacional con el \u00e1lbum \u201cBorn to Die\u201d en 2012, Elizabeth Woolridge Grant \u2014su nombre real\u2014 construy\u00f3 una narrativa musical y est\u00e9tica en la que conviven la dulzura y la destrucci\u00f3n. <\/p>\n<p class=\"paragraph\">Pero, la canci\u00f3n que mejor encapsula el universo de <b>Lana Del Rey<\/b>, seg\u00fan la <a href=\"https:\/\/www.infobae.com\/entretenimiento\/2025\/08\/26\/asi-es-la-vida-de-lana-del-rey-tras-haberse-casado-con-jeremy-dufrene\/\" target=\"_blank\" rel=\"noreferrer nofollow noopener\" title=\"https:\/\/www.infobae.com\/entretenimiento\/2025\/08\/26\/asi-es-la-vida-de-lana-del-rey-tras-haberse-casado-con-jeremy-dufrene\/\">artista<\/a>, es \u201c<b>Ultraviolence<\/b>\u201d, tema central de su tercer disco de estudio.<\/p>\n<p class=\"paragraph\">Lanzada en 2014, \u201cUltraviolence\u201d se transform\u00f3 en uno de los mayores emblemas de <b>Lana Del Rey<\/b>. Su letra, pol\u00e9mica y sugerente, incluye el verso: \u201cHe hit me and it felt like a kiss\u201d (\u201cMe golpe\u00f3 y se sinti\u00f3 como un beso\u201d). La frase condensa la ambig\u00fcedad emocional que recorre toda la obra de la cantante y, para muchos, es la s\u00edntesis de su estilo provocador.<\/p>\n<p class=\"paragraph\">La g\u00e9nesis de \u201cUltraviolence\u201d se remonta a una experiencia personal que marc\u00f3 a Del Rey. \u201cSol\u00eda pertenecer a una <b>secta clandestina liderada por un gur\u00fa<\/b>. Se rodeaba de chicas j\u00f3venes y ten\u00eda un carisma irresistible. As\u00ed que entr\u00e9 en esta, digamos, secta, porque anhelaba amor y seguridad. Pero luego descubr\u00ed que este gur\u00fa no era bueno. Pensaba que primero ten\u00eda que destruir a la gente antes de poder reconstruirla. Al final, dej\u00e9 la secta\u201d, explic\u00f3 <b>Lana Del Rey<\/b>. Este testimonio revela <b>la profundidad y el riesgo emocional<\/b> que sustentan su m\u00fasica.<\/p>\n<p><img alt=\"Lana Del Rey considera a\" class=\"global-image\" decoding=\"async\" fetchpriority=\"low\" height=\"1080\" loading=\"lazy\" src=\"https:\/\/www.europesays.com\/es\/wp-content\/uploads\/2025\/11\/IX3RWYNIEJHCJBNEPOETNSEAJY.jpg\" width=\"1920\"\/>Lana Del Rey considera a &#8216;Ultraviolence&#8217; como la canci\u00f3n m\u00e1s ic\u00f3nica y representativa de toda su carrera musical (foto: OCESA)<\/p>\n<p class=\"paragraph\">En una entrevista que dio a Scott Simon en 2014, la artista se refiri\u00f3 al pol\u00e9mico verso de \u201cUltraviolence\u201d, y fue tajante: \u201c<b>Ese ha sido el tema de mi carrera<\/b>. Lo que pasa conmigo es que, viniendo de la m\u00fasica alternativa y cantando durante nueve a\u00f1os, siendo pr\u00e1cticamente invisible, estoy muy acostumbrada a escribir para m\u00ed misma, y al final del d\u00eda lo hago porque siento que debo hacerlo. Cuando grabo o escribo, no pienso en otras personas. No siempre me resulta c\u00f3modo, pero no me callo lo que quiero decir\u201d, afirm\u00f3<b> Del Rey<\/b>.<\/p>\n<p class=\"paragraph\">Esta confesi\u00f3n refuerza la percepci\u00f3n de que <b>la honestidad brutal y la vulnerabilidad<\/b> son marcas indelebles en la trayectoria de la cantautora. La huella de sus propias vivencias<b> \u2014a menudo amarga o conflictiva\u2014 <\/b>aparece sin filtros en sus letras, dot\u00e1ndolas de una potencia emocional que la diferencia de otras figuras del mainstream.<\/p>\n<p><img alt=\"La discograf\u00eda de Lana Del\" class=\"global-image\" decoding=\"async\" fetchpriority=\"low\" height=\"5464\" loading=\"lazy\" src=\"https:\/\/www.europesays.com\/es\/wp-content\/uploads\/2025\/11\/C4EM56ZFR5ESPZ6ORI2GKMNXGQ.jpg\" width=\"8192\"\/>La discograf\u00eda de Lana Del Rey explora temas como el amor, la fama y la existencia, consolidando su influencia en el pop contempor\u00e1neo (foto: REUTERS\/Andrew Kelly)<\/p>\n<p class=\"paragraph\">Aunque \u201cUltraviolence\u201d sea la pista que mejor define a <b>Lana Del Rey<\/b>, su discograf\u00eda se despliega en <b>\u00e1lbumes y canciones<\/b> que exploran las contradicciones del amor, la fama y la existencia. Desde \u201cVideo Games\u201d hasta \u201cSummertime Sadness\u201d, pasando por los paisajes crepusculares de \u201cNorman Fucking Rockwell!\u201d, su carrera acumula <b>nueve discos de estudio<\/b> y un caudal de sencillos en los que se cruzan la nostalgia del Hollywood cl\u00e1sico y el drama de la juventud desencantada.<\/p>\n<p class=\"paragraph\">La combinaci\u00f3n de referencias literarias, gui\u00f1os al cine y una producci\u00f3n musical envolvente consolidaron a Del Rey como una voz imprescindible en la m\u00fasica de la \u00faltima d\u00e9cada. Su est\u00e9tica visual y sonora abraza la <b>melancol\u00eda como sello<\/b>, y su capacidad para desafiar los l\u00edmites del pop la ha convertido en influencia para nuevas generaciones de artistas.<\/p>\n<p class=\"paragraph\">Por todo ello, <b>\u201cUltraviolence\u201d<\/b> representa mucho m\u00e1s que un \u00e9xito aislado. Es el punto de encuentro entre la historia personal de <b>Lana Del Rey<\/b> y una propuesta art\u00edstica \u00fanica, tejida con luces y sombras. La crudeza de sus palabras, unida a su honestidad en el relato de sus propias experiencias, permite al p\u00fablico comprender por qu\u00e9 esta canci\u00f3n, por encima de todas, simboliza el coraz\u00f3n de su carrera.<\/p>\n","protected":false},"excerpt":{"rendered":"Lana Del Rey defini\u00f3 a \u00abUltraviolence\u00bb como la canci\u00f3n m\u00e1s ic\u00f3nica de su reparto (YouTube) Lana Del Rey&hellip;\n","protected":false},"author":2,"featured_media":231518,"comment_status":"","ping_status":"","sticky":false,"template":"","format":"standard","meta":{"footnotes":""},"categories":[170],"tags":[146,147,25,24,184,185,23],"class_list":{"0":"post-231517","1":"post","2":"type-post","3":"status-publish","4":"format-standard","5":"has-post-thumbnail","7":"category-musica","8":"tag-entertainment","9":"tag-entretenimiento","10":"tag-es","11":"tag-espana","12":"tag-music","13":"tag-musica","14":"tag-spain"},"share_on_mastodon":{"url":"https:\/\/pubeurope.com\/@es\/115534737279890815","error":""},"_links":{"self":[{"href":"https:\/\/www.europesays.com\/es\/wp-json\/wp\/v2\/posts\/231517","targetHints":{"allow":["GET"]}}],"collection":[{"href":"https:\/\/www.europesays.com\/es\/wp-json\/wp\/v2\/posts"}],"about":[{"href":"https:\/\/www.europesays.com\/es\/wp-json\/wp\/v2\/types\/post"}],"author":[{"embeddable":true,"href":"https:\/\/www.europesays.com\/es\/wp-json\/wp\/v2\/users\/2"}],"replies":[{"embeddable":true,"href":"https:\/\/www.europesays.com\/es\/wp-json\/wp\/v2\/comments?post=231517"}],"version-history":[{"count":0,"href":"https:\/\/www.europesays.com\/es\/wp-json\/wp\/v2\/posts\/231517\/revisions"}],"wp:featuredmedia":[{"embeddable":true,"href":"https:\/\/www.europesays.com\/es\/wp-json\/wp\/v2\/media\/231518"}],"wp:attachment":[{"href":"https:\/\/www.europesays.com\/es\/wp-json\/wp\/v2\/media?parent=231517"}],"wp:term":[{"taxonomy":"category","embeddable":true,"href":"https:\/\/www.europesays.com\/es\/wp-json\/wp\/v2\/categories?post=231517"},{"taxonomy":"post_tag","embeddable":true,"href":"https:\/\/www.europesays.com\/es\/wp-json\/wp\/v2\/tags?post=231517"}],"curies":[{"name":"wp","href":"https:\/\/api.w.org\/{rel}","templated":true}]}}