{"id":231519,"date":"2025-11-12T04:02:13","date_gmt":"2025-11-12T04:02:13","guid":{"rendered":"https:\/\/www.europesays.com\/es\/231519\/"},"modified":"2025-11-12T04:02:13","modified_gmt":"2025-11-12T04:02:13","slug":"un-viaje-al-pasado-que-enamora-entre-cuadros-de-monet","status":"publish","type":"post","link":"https:\/\/www.europesays.com\/es\/231519\/","title":{"rendered":"un viaje al pasado que enamora entre cuadros de Monet"},"content":{"rendered":"<p class=\"c-paragraph\"><b>\u00abPar\u00eds es Par\u00eds. Es viejo, es el clich\u00e9\u2026\u00bb,<\/b> dice el personaje de Seb (Abraham Wapler) en una escena. Y, pese a poseer las caracter\u00edsticas que ahora podr\u00edan tachar de estereotipada a una pel\u00edcula ambientada en la capital francesa, esta ciudad contin\u00faa inspirando historias como esta de<b> C\u00e9dric Klapisch<\/b>, que <b>es de todo menos poco original<\/b>. Cuatro primos lejanos heredan una casa abandonada desde 1944 y entre objetos antiguos empiezan a<b> descubrir a sus antepasados<\/b>. Es aqu\u00ed cuando aparece Ad\u00e8le (Suzanne Lindon), una joven que en 1895 abandon\u00f3 Normand\u00eda para viajar a Par\u00eds y buscar a sus padres, a quienes nunca conoci\u00f3.\u00a0<\/p>\n<p class=\"c-paragraph\">Con un estilo que <b>podr\u00eda recordar a<\/b><b> Midnight in Paris<\/b> (2011) de <a href=\"https:\/\/www.20minutos.es\/cinemania\/noticias\/woody-allen-proxima-pelicula-madrid_6663040_0.html\" rel=\"nofollow noopener\" target=\"_blank\">Woody Allen<\/a>, la cinta se mueve entre dos momentos: <b>un<\/b> <b>antes rom\u00e1ntico y efervescente <\/b>por la invenci\u00f3n de la fotograf\u00eda con Nadar y el impresionismo de Monet; y <b>un ahora dominado por la tecnolog\u00eda<\/b> y el vivir deprisa. Pero este no pretende ser un manifiesto de la demonizaci\u00f3n del futuro, sino que Klapisch ense\u00f1a de la forma <b>m\u00e1s est\u00e9tica y sensorial la necesidad de interesarse por el pasado<\/b> para poder avanzar en el presente. Y tambi\u00e9n, inevitablemente, <b>contin\u00faa haci\u00e9ndonos so\u00f1ar con la Ciudad de la Luz<\/b>.\u00a0<\/p>\n<p>T\u00edtulo &#8216;Los colores del tiempo&#8217;<\/p>\n<ul class=\"c-card__movie__data\">\n<li class=\"c-card__movie__data__item\"> Director\n<p class=\"c-card__movie__data__item__txt\">C\u00e9dric Klapisch<\/p>\n<\/li>\n<li class=\"c-card__movie__data__item\"> G\u00e9nero\n<p class=\"c-card__movie__data__item__txt\">Drama<\/p>\n<\/li>\n<li class=\"c-card__movie__data__item\"> Pa\u00eds\n<p class=\"c-card__movie__data__item__txt\">Francia<\/p>\n<\/li>\n<li class=\"c-card__movie__data__item\"> Sinopsis\n<p class=\"c-card__movie__data__item__txt\">Par\u00eds, 2025. A una treintena de personas de una misma familia se les informa de que van a heredar una casa abandonada desde hace a\u00f1os. Cuatro de ellos reciben el encargo de hacer el inventario de la casa, donde descubren tesoros ocultos. Entre las antig\u00fcedades se encuentran con una misteriosa antepasada, Ad\u00e8le, que abandon\u00f3 su Normand\u00eda natal a los 20 a\u00f1os para viajar al Par\u00eds de finales del siglo XIX, en plena revoluci\u00f3n industrial y cultural, cuando se inventaba la fotograf\u00eda y nac\u00eda el Impresionismo.<b\/><\/p>\n<\/li>\n<li class=\"c-card__movie__data__item\"> Gui\u00f3n\n<p class=\"c-card__movie__data__item__txt\">C\u00e9dric Klapisch, Santiago Amigorena<\/p>\n<\/li>\n<li class=\"c-card__movie__data__item\"> Duraci\u00f3n\n<p class=\"c-card__movie__data__item__txt\">124 min<\/p>\n<\/li>\n<li class=\"c-card__movie__data__item\"> Distribuidora\n<p class=\"c-card__movie__data__item__txt\">Wanda Films<\/p>\n<\/li>\n<li class=\"c-card__movie__data__item\"> Estreno\n<p class=\"c-card__movie__data__item__txt\">14\u00a0 de noviembre<\/p>\n<\/li>\n<li class=\"c-card__movie__data__item\">\n<p class=\"c-card__movie__data__item__txt\"><b>Reparto:<br \/><\/b>\u200bSuzanne Lindon, Abraham Wapler, Paul Kircher<\/p>\n<\/li>\n<\/ul>\n<p><img decoding=\"async\" loading=\"lazy\" alt=\"'Los colores del tiempo' cartel\" width=\"250\" height=\"375\" src=\"https:\/\/www.europesays.com\/es\/wp-content\/uploads\/2025\/11\/69132f63d7a15.jpeg\"\/><\/p>\n","protected":false},"excerpt":{"rendered":"\u00abPar\u00eds es Par\u00eds. Es viejo, es el clich\u00e9\u2026\u00bb, dice el personaje de Seb (Abraham Wapler) en una escena.&hellip;\n","protected":false},"author":2,"featured_media":231520,"comment_status":"","ping_status":"","sticky":false,"template":"","format":"standard","meta":{"footnotes":""},"categories":[169],"tags":[177,8045,1497,146,147,25,24,176,4417,175,23,159],"class_list":{"0":"post-231519","1":"post","2":"type-post","3":"status-publish","4":"format-standard","5":"has-post-thumbnail","7":"category-cine","8":"tag-cine","9":"tag-colores","10":"tag-critica","11":"tag-entertainment","12":"tag-entretenimiento","13":"tag-es","14":"tag-espana","15":"tag-film","16":"tag-los","17":"tag-movies","18":"tag-spain","19":"tag-tiempo"},"share_on_mastodon":{"url":"https:\/\/pubeurope.com\/@es\/115534741157712550","error":""},"_links":{"self":[{"href":"https:\/\/www.europesays.com\/es\/wp-json\/wp\/v2\/posts\/231519","targetHints":{"allow":["GET"]}}],"collection":[{"href":"https:\/\/www.europesays.com\/es\/wp-json\/wp\/v2\/posts"}],"about":[{"href":"https:\/\/www.europesays.com\/es\/wp-json\/wp\/v2\/types\/post"}],"author":[{"embeddable":true,"href":"https:\/\/www.europesays.com\/es\/wp-json\/wp\/v2\/users\/2"}],"replies":[{"embeddable":true,"href":"https:\/\/www.europesays.com\/es\/wp-json\/wp\/v2\/comments?post=231519"}],"version-history":[{"count":0,"href":"https:\/\/www.europesays.com\/es\/wp-json\/wp\/v2\/posts\/231519\/revisions"}],"wp:featuredmedia":[{"embeddable":true,"href":"https:\/\/www.europesays.com\/es\/wp-json\/wp\/v2\/media\/231520"}],"wp:attachment":[{"href":"https:\/\/www.europesays.com\/es\/wp-json\/wp\/v2\/media?parent=231519"}],"wp:term":[{"taxonomy":"category","embeddable":true,"href":"https:\/\/www.europesays.com\/es\/wp-json\/wp\/v2\/categories?post=231519"},{"taxonomy":"post_tag","embeddable":true,"href":"https:\/\/www.europesays.com\/es\/wp-json\/wp\/v2\/tags?post=231519"}],"curies":[{"name":"wp","href":"https:\/\/api.w.org\/{rel}","templated":true}]}}