{"id":231521,"date":"2025-11-12T04:03:09","date_gmt":"2025-11-12T04:03:09","guid":{"rendered":"https:\/\/www.europesays.com\/es\/231521\/"},"modified":"2025-11-12T04:03:09","modified_gmt":"2025-11-12T04:03:09","slug":"probablemente-se-aprendio-el-nombre-de-jenni-hermoso-ese-dia","status":"publish","type":"post","link":"https:\/\/www.europesays.com\/es\/231521\/","title":{"rendered":"\u201cProbablemente se aprendi\u00f3 el nombre de Jenni Hermoso ese d\u00eda\u201d"},"content":{"rendered":"<p class=\"ft-text\">Luis Rubiales reapareci\u00f3 este martes en &#8216;El Chiringuito&#8217; con una entrevista en la que carg\u00f3 <strong>con dureza contra los principales dirigentes del Gobierno por sus reacciones<\/strong> al beso no consentido a Jennifer Hermoso tras la final del Mundial.<\/p>\n<p class=\"ft-text\">El expresidente de la RFEF respondi\u00f3 a las declaraciones que en su d\u00eda hicieron <strong>Pedro S\u00e1nchez, Yolanda D\u00edaz e Irene Montero<\/strong>, y que fueron reproducidas en el programa para contextualizar la pol\u00e9mica.<\/p>\n<p class=\"ft-text\">Pedro S\u00e1nchez afirm\u00f3 entonces: <strong>\u201cLo que vimos fue un gesto inaceptable. Creo tambi\u00e9n que las disculpas que ha dado el se\u00f1or Rubiales no son suficientes. Incluso creo que no son adecuadas y que, por tanto, tiene que continuar dando pasos el se\u00f1or Rubiales\u201d<\/strong>.<\/p>\n<p class=\"ft-text\">Por su parte, Yolanda D\u00edaz apunt\u00f3: \u201cDesde Sumar, la condena m\u00e1s rotunda a lo que vimos ayer y <strong>seguimos pidiendo la dimisi\u00f3n del se\u00f1or Rubiales<\/strong>, que en este caso ha vejado y, sin lugar a dudas, ha agredido a una mujer. Esta persona debe dimitir\u201d.<\/p>\n<p class=\"ft-text\">Irene Montero a\u00f1adi\u00f3: \u201cCualquier acto sexual no consentido es violencia sexual. Rubiales no puede continuar en su cargo y, sobre todo, <strong>Jenni Hermoso, por ella y por todas las mujeres,<\/strong> debe saber que no est\u00e1 sola\u201d.<\/p>\n<p class=\"ft-text\">Rubiales tom\u00f3 la palabra tras esas declaraciones y respondi\u00f3 con un ataque directo a la exministra: <strong>\u00abProbablemente Irene Montero se aprendi\u00f3 el nombre de Jenni Hermoso ese d\u00eda porque no se sab\u00eda el nombre de ninguna ni la entidad del f\u00fatbol femenino jam\u00e1s.\u00bb<\/strong><\/p>\n<p class=\"ft-text\">Y ampli\u00f3 su cr\u00edtica al Ejecutivo con una referencia a Pedro S\u00e1nchez:<strong> \u00abEs curioso ver a estos tres pol\u00edticos, al primero de ellos, el presidente del Gobierno, que me pide que d\u00e9 pasos cuando \u00e9l ha dicho directamente a todos los electores que era ilegal hacer una amnist\u00eda.\u00bb<\/strong><\/p>\n<p class=\"ft-text\">Rubiales se mostr\u00f3 desafiante, reafirmando su discurso de que todo fue \u201cuna caza pol\u00edtica y medi\u00e1tica\u201d, y negando que el gesto con Hermoso tuviera \u201cninguna connotaci\u00f3n sexual\u201d.<\/p>\n","protected":false},"excerpt":{"rendered":"Luis Rubiales reapareci\u00f3 este martes en &#8216;El Chiringuito&#8217; con una entrevista en la que carg\u00f3 con dureza contra&hellip;\n","protected":false},"author":2,"featured_media":231522,"comment_status":"","ping_status":"","sticky":false,"template":"","format":"standard","meta":{"footnotes":""},"categories":[93],"tags":[168,779,25,24,8363,54683,8693,2466,60530,51354,23,167],"class_list":{"0":"post-231521","1":"post","2":"type-post","3":"status-publish","4":"format-standard","5":"has-post-thumbnail","7":"category-deportes","8":"tag-deportes","9":"tag-diaz","10":"tag-es","11":"tag-espana","12":"tag-irene","13":"tag-jennifer-hermoso","14":"tag-lengua","15":"tag-montero","16":"tag-muerde","17":"tag-rubiales","18":"tag-spain","19":"tag-sports"},"share_on_mastodon":{"url":"https:\/\/pubeurope.com\/@es\/115534745418186333","error":""},"_links":{"self":[{"href":"https:\/\/www.europesays.com\/es\/wp-json\/wp\/v2\/posts\/231521","targetHints":{"allow":["GET"]}}],"collection":[{"href":"https:\/\/www.europesays.com\/es\/wp-json\/wp\/v2\/posts"}],"about":[{"href":"https:\/\/www.europesays.com\/es\/wp-json\/wp\/v2\/types\/post"}],"author":[{"embeddable":true,"href":"https:\/\/www.europesays.com\/es\/wp-json\/wp\/v2\/users\/2"}],"replies":[{"embeddable":true,"href":"https:\/\/www.europesays.com\/es\/wp-json\/wp\/v2\/comments?post=231521"}],"version-history":[{"count":0,"href":"https:\/\/www.europesays.com\/es\/wp-json\/wp\/v2\/posts\/231521\/revisions"}],"wp:featuredmedia":[{"embeddable":true,"href":"https:\/\/www.europesays.com\/es\/wp-json\/wp\/v2\/media\/231522"}],"wp:attachment":[{"href":"https:\/\/www.europesays.com\/es\/wp-json\/wp\/v2\/media?parent=231521"}],"wp:term":[{"taxonomy":"category","embeddable":true,"href":"https:\/\/www.europesays.com\/es\/wp-json\/wp\/v2\/categories?post=231521"},{"taxonomy":"post_tag","embeddable":true,"href":"https:\/\/www.europesays.com\/es\/wp-json\/wp\/v2\/tags?post=231521"}],"curies":[{"name":"wp","href":"https:\/\/api.w.org\/{rel}","templated":true}]}}