{"id":231525,"date":"2025-11-12T04:05:14","date_gmt":"2025-11-12T04:05:14","guid":{"rendered":"https:\/\/www.europesays.com\/es\/231525\/"},"modified":"2025-11-12T04:05:14","modified_gmt":"2025-11-12T04:05:14","slug":"21-distritos-recibe-a-nino-de-elche-paquito-drivera-chano-dominguez-claudio-constantini-y-muchos-mas","status":"publish","type":"post","link":"https:\/\/www.europesays.com\/es\/231525\/","title":{"rendered":"21 DISTRITOS recibe a Ni\u00f1o de Elche, Paquito D\u2019Rivera, Chano Dom\u00ednguez, Claudio Constantini y muchos m\u00e1s"},"content":{"rendered":"<p>      Ni\u00f1o de Elche. Imagen: Daniel Mordzinski\n  <\/p>\n<p>El programa de dinamizaci\u00f3n cultural del \u00c1rea de Cultura, Turismo y Deporte, 21 DISTRITOS, presenta una semana m\u00e1s una programaci\u00f3n de acceso libre, diversa, y dirigida a todos los p\u00fablicos. Durante los pr\u00f3ximos d\u00edas, los ciudadanos podr\u00e1n disfrutar de un encuentro cultural en torno a la cocina, un homenaje a Calle 54, un taller creativo de contrapublicidad, un cuentacuentos inspirado en la sabidur\u00eda ancestral africana, teatro intergeneracional, un espect\u00e1culo de circo centrado en el di\u00e1bolo y un concierto de bandone\u00f3n.<\/p>\n<p>Ma\u00f1ana mi\u00e9rcoles, 12 de noviembre, a las 19:00 h, el Centro Cultural Eduardo \u00darculo (Tetu\u00e1n) acoger\u00e1 una nueva sesi\u00f3n de Cultura a fuego lento, un encuentro en la cocina con Ni\u00f1o de Elche que plantea la pregunta: \u00bfa qu\u00e9 sabe el sonido?. En paralelo, y en el marco del Festival Internacional JAZZMADRID 2025, el Centro Cultural Paco de Luc\u00eda (Latina) celebrar\u00e1 un encuentro con el p\u00fablico junto a los m\u00fasicos Paquito D\u2019Rivera y Chano Dom\u00ednguez, adem\u00e1s del director art\u00edstico de Villanos del Jazz,[D21]\u00a0 Julio Mart\u00ed, con motivo del 25\u00ba aniversario de la grabaci\u00f3n de la pel\u00edcula Calle 54.<\/p>\n<p>El 14 de noviembre, a las 18:00 h, la Biblioteca P\u00fablica Municipal Francisco Umbral (Villaverde) ser\u00e1 el escenario de un nuevo taller de la compa\u00f1\u00eda de promoci\u00f3n del arte urbano Madrid Street Art Project sobre el papel de la publicidad en las ciudades, utilizando para ello sus propios soportes, como los carteles publicitarios.<\/p>\n<p>En la Biblioteca P\u00fablica Municipal La Chata (Carabanchel), Bokobo Kids Village acercar\u00e1 a toda la familia un cuentacuentos inspirado en la sabidur\u00eda ancestral africana en una jornada en la que, adem\u00e1s, se crear\u00e1n ilustraciones relacionadas con las historias y se jugar\u00e1 a Kudoda, un juego tradicional de Zimbabue, Tanzania y Kenia. Esta actividad tambi\u00e9n podr\u00e1 disfrutarse el d\u00eda 15, a las 17:30 h, en el Centro Cultural Clara del Rey\u2013Museo ABC (Centro).<\/p>\n<p>El mismo viernes 14, a las 18:30 h, llegar\u00e1 al Centro Cultural Alfredo Kraus (Fuencarral-El Pardo) el espect\u00e1culo Re.cuerda, de Luichi Leal; una propuesta de di\u00e1bolo y malabares que invita a viajar desde la m\u00e1s tierna infancia hasta una actualidad marcada por la obsesi\u00f3n por el tiempo. La funci\u00f3n se representar\u00e1 tambi\u00e9n el 16 de noviembre, a las 18:00 h, en el Centro Cultural Sanchinarro-Hispanidad (Hortaleza).<\/p>\n<p>A las 19:00h del viernes, en el Centro Cultural Nicol\u00e1s Salmer\u00f3n (Chamart\u00edn), y a las 18:00 h del s\u00e1bado 15, en el Centro Cultural Sanchinarro-Hispanidad (Hortaleza), la compa\u00f1\u00eda Campi Qui Pugui presenta Matres, una historia de amor, superaci\u00f3n y zapatillas voladoras. Se trata de una historia real convertida en teatro intergeneracional que recuerda el valor de cuidar y amar por encima de todo. Ese mismo s\u00e1bado 15, a las 19:00 h, Claudio Constantini ofrecer\u00e1 en el Centro Cultural Zazuar (Villa de Vallecas) un concierto junto a su bandone\u00f3n, en el que combina la maestr\u00eda barroca con la pasi\u00f3n argentina en un repertorio de [D22]\u00a0Bach y Piazzolla.<\/p>\n<p>Creaci\u00f3n, arte urbano, m\u00fasica y nuevas miradas para la pr\u00f3xima semana<\/p>\n<p>Del 20 al 22 de noviembre, Carabanchel acoger\u00e1 un taller de producci\u00f3n musical de la mano de Teo Lucadamo. El viernes 21, en San Blas-Canillejas, Madrid Street Art Project guiar\u00e1 la creaci\u00f3n de un mural colaborativo abierto a la participaci\u00f3n vecinal y enmarcado en el proyecto Emociones reversibles junto al artista Digo Diego. El 21 y 22, Bokobo Kids Village llevar\u00e1 sus cuentacuentos inspirados en la sabidur\u00eda africana a los distritos de Villaverde y Salamanca.<\/p>\n<p>El s\u00e1bado 22, Juli\u00e1n Olivares realizar\u00e1 la emotiva performance multimedia La jota del abuelo en Carabanchel, un espect\u00e1culo intergeneracional que celebra la memoria y las ra\u00edces populares a trav\u00e9s de la m\u00fasica y la danza. Y en Villaverde tendr\u00e1 lugar el proyecto Una ternura que atraviesa el tiempo, un taller de creaci\u00f3n sonora intergeneracional junto a los artistas Marco Fr\u00edas, Alicia Ros y Arturo Babel e impulsada por la plataforma independiente Hablarenarte, con la colaboraci\u00f3n de Pedagog\u00edas Invisibles.<\/p>\n<p>Ya el lunes 24, el Faro de Moncloa recibir\u00e1 una nueva sesi\u00f3n de Charlas con Altura, en esta ocasi\u00f3n junto a la creadora y directora Rakel Camacho. Un encuentro en el que se profundizar\u00e1 en conexiones, intenciones y milagros cient\u00edficos en la creaci\u00f3n esc\u00e9nica.<\/p>\n<p><strong><a href=\"https:\/\/www.21distritos.es\/\" rel=\"nofollow noopener\" target=\"_blank\">M\u00e1s informaci\u00f3n<\/a><\/strong><\/p>\n","protected":false},"excerpt":{"rendered":"Ni\u00f1o de Elche. Imagen: Daniel Mordzinski El programa de dinamizaci\u00f3n cultural del \u00c1rea de Cultura, Turismo y Deporte,&hellip;\n","protected":false},"author":2,"featured_media":231526,"comment_status":"","ping_status":"","sticky":false,"template":"","format":"standard","meta":{"footnotes":""},"categories":[91],"tags":[146,147,25,24,23],"class_list":{"0":"post-231525","1":"post","2":"type-post","3":"status-publish","4":"format-standard","5":"has-post-thumbnail","7":"category-entretenimiento","8":"tag-entertainment","9":"tag-entretenimiento","10":"tag-es","11":"tag-espana","12":"tag-spain"},"share_on_mastodon":{"url":"https:\/\/pubeurope.com\/@es\/115534752880291385","error":""},"_links":{"self":[{"href":"https:\/\/www.europesays.com\/es\/wp-json\/wp\/v2\/posts\/231525","targetHints":{"allow":["GET"]}}],"collection":[{"href":"https:\/\/www.europesays.com\/es\/wp-json\/wp\/v2\/posts"}],"about":[{"href":"https:\/\/www.europesays.com\/es\/wp-json\/wp\/v2\/types\/post"}],"author":[{"embeddable":true,"href":"https:\/\/www.europesays.com\/es\/wp-json\/wp\/v2\/users\/2"}],"replies":[{"embeddable":true,"href":"https:\/\/www.europesays.com\/es\/wp-json\/wp\/v2\/comments?post=231525"}],"version-history":[{"count":0,"href":"https:\/\/www.europesays.com\/es\/wp-json\/wp\/v2\/posts\/231525\/revisions"}],"wp:featuredmedia":[{"embeddable":true,"href":"https:\/\/www.europesays.com\/es\/wp-json\/wp\/v2\/media\/231526"}],"wp:attachment":[{"href":"https:\/\/www.europesays.com\/es\/wp-json\/wp\/v2\/media?parent=231525"}],"wp:term":[{"taxonomy":"category","embeddable":true,"href":"https:\/\/www.europesays.com\/es\/wp-json\/wp\/v2\/categories?post=231525"},{"taxonomy":"post_tag","embeddable":true,"href":"https:\/\/www.europesays.com\/es\/wp-json\/wp\/v2\/tags?post=231525"}],"curies":[{"name":"wp","href":"https:\/\/api.w.org\/{rel}","templated":true}]}}