{"id":231527,"date":"2025-11-12T04:07:13","date_gmt":"2025-11-12T04:07:13","guid":{"rendered":"https:\/\/www.europesays.com\/es\/231527\/"},"modified":"2025-11-12T04:07:13","modified_gmt":"2025-11-12T04:07:13","slug":"encuentro-digital-joan-cabrero-analista-tecnico-y-estratega-de-ecotrader","status":"publish","type":"post","link":"https:\/\/www.europesays.com\/es\/231527\/","title":{"rendered":"Encuentro Digital: Joan Cabrero, analista t\u00e9cnico y estratega de Ecotrader."},"content":{"rendered":"<p>Buenos d\u00edas. Jordi, \u00a1de Collbat\u00f3! \u00bfPrecios de entrada para IonQ? Saludos y gracias por tu trabajo.<\/p>\n<p>\u00a1Buenos d\u00edas, Jordi, un placer saludarte desde Collbat\u00f3!<\/p>\n<p>IonQ es una de esas compa\u00f1\u00edas que parecen salidas de una novela de ciencia ficci\u00f3n pero que ya forman parte del presente. Se dedica a la computaci\u00f3n cu\u00e1ntica, una tecnolog\u00eda con potencial para multiplicar la capacidad de c\u00e1lculo y transformar sectores enteros, desde la inteligencia artificial hasta la farmac\u00e9utica o la energ\u00eda. Es una de esas apuestas -o mejor dicho, inversiones de futuro- que solo tienen sentido con una mirada de 20 o 25 a\u00f1os, dentro de una cartera verdaderamente disruptiva.<\/p>\n<p>IonQ forma parte de la cartera que estoy construyendo para mis hijos mellizos, junto a nombres como Rocket Lab o Rigetti, en el \u00e1mbito del espacio y la tecnolog\u00eda cu\u00e1ntica. La ca\u00edda desde los 85 hasta la zona de los 52 d\u00f3lares, donde pasa la directriz alcista que gu\u00eda las subidas desde los m\u00ednimos de 2024, me parece una oportunidad razonable para plantar una primera semilla si no se tiene nada.<\/p>\n<p>Yo personalmente espero a\u00fan un posible ajuste adicional hacia los 35 d\u00f3lares, posible si cede el soporte de los 50 d\u00f3lares, que ver\u00eda como una magn\u00edfica ocasi\u00f3n para \u0093regar\u0094 esas posiciones y aumentar exposici\u00f3n. En valores as\u00ed, el tiempo es el mejor aliado: la clave no es adivinar el punto exacto, sino estar dentro cuando la historia empiece de verdad.<\/p>\n<p><img decoding=\"async\" style=\"float: none !important;\" loading=\"lazy\" src=\"https:\/\/www.europesays.com\/es\/wp-content\/uploads\/2025\/11\/IONQ11.gif\"\/><\/p>\n<p>Abrazote. Si quieres m\u00e1s informaci\u00f3n sobre esa cartera disruptiva que estoy construyendo para mis hijos mellizos puedes escribirme a joan.cabrero@eleconomista.es<\/p>\n<p>Piensa que dentro de nuestra comunidad publicamos todo el trabajo de investigaci\u00f3n sobre este tipo de empresas. \u00danete a nosotros llamando al 911 383 387<\/p>\n","protected":false},"excerpt":{"rendered":"Buenos d\u00edas. Jordi, \u00a1de Collbat\u00f3! \u00bfPrecios de entrada para IonQ? Saludos y gracias por tu trabajo. \u00a1Buenos d\u00edas,&hellip;\n","protected":false},"author":2,"featured_media":231528,"comment_status":"","ping_status":"","sticky":false,"template":"","format":"standard","meta":{"footnotes":""},"categories":[80],"tags":[82,95,94,25,24,23],"class_list":{"0":"post-231527","1":"post","2":"type-post","3":"status-publish","4":"format-standard","5":"has-post-thumbnail","7":"category-economia","8":"tag-business","9":"tag-economia","10":"tag-economy","11":"tag-es","12":"tag-espana","13":"tag-spain"},"share_on_mastodon":{"url":"https:\/\/pubeurope.com\/@es\/115534762812848385","error":""},"_links":{"self":[{"href":"https:\/\/www.europesays.com\/es\/wp-json\/wp\/v2\/posts\/231527","targetHints":{"allow":["GET"]}}],"collection":[{"href":"https:\/\/www.europesays.com\/es\/wp-json\/wp\/v2\/posts"}],"about":[{"href":"https:\/\/www.europesays.com\/es\/wp-json\/wp\/v2\/types\/post"}],"author":[{"embeddable":true,"href":"https:\/\/www.europesays.com\/es\/wp-json\/wp\/v2\/users\/2"}],"replies":[{"embeddable":true,"href":"https:\/\/www.europesays.com\/es\/wp-json\/wp\/v2\/comments?post=231527"}],"version-history":[{"count":0,"href":"https:\/\/www.europesays.com\/es\/wp-json\/wp\/v2\/posts\/231527\/revisions"}],"wp:featuredmedia":[{"embeddable":true,"href":"https:\/\/www.europesays.com\/es\/wp-json\/wp\/v2\/media\/231528"}],"wp:attachment":[{"href":"https:\/\/www.europesays.com\/es\/wp-json\/wp\/v2\/media?parent=231527"}],"wp:term":[{"taxonomy":"category","embeddable":true,"href":"https:\/\/www.europesays.com\/es\/wp-json\/wp\/v2\/categories?post=231527"},{"taxonomy":"post_tag","embeddable":true,"href":"https:\/\/www.europesays.com\/es\/wp-json\/wp\/v2\/tags?post=231527"}],"curies":[{"name":"wp","href":"https:\/\/api.w.org\/{rel}","templated":true}]}}