{"id":231535,"date":"2025-11-12T04:15:25","date_gmt":"2025-11-12T04:15:25","guid":{"rendered":"https:\/\/www.europesays.com\/es\/231535\/"},"modified":"2025-11-12T04:15:25","modified_gmt":"2025-11-12T04:15:25","slug":"la-curiosa-propuesta-de-toni-nadal-para-mejorar-el-espectaculo-en-el-tenis","status":"publish","type":"post","link":"https:\/\/www.europesays.com\/es\/231535\/","title":{"rendered":"La curiosa propuesta de Toni Nadal para mejorar el espect\u00e1culo en el tenis"},"content":{"rendered":"<p class=\"ft-text\">Toni Nadal, t\u00edo y exentreandor de Rafael Nadal, insisti\u00f3 este lunes en su idea de reducir el tama\u00f1o de las raquetas<strong> para favorecer el espect\u00e1culo<\/strong> de un deporte que, para \u00e9l, se ha convertido en \u00abver qui\u00e9n le pega m\u00e1s fuerte\u00bb.<\/p>\n<p class=\"ft-text\">\u00abAhora muchos estar\u00e1n en desacuerdo, <strong>pero el verdadero problema es que la pelota va cada vez m\u00e1s r\u00e1pido.<\/strong> Las lesiones vienen no por una cuesti\u00f3n de cantidad de partidos, sino de intensidad y violencia en el gesto. Ya casi no hay jugadores t\u00e1cticos como Coria o Gaudio, que intentaban construir el punto\u00bb, dijo en una entrevista con &#8216;La Gazzetta dello Sport&#8217;.<\/p>\n<p class=\"ft-text\">\u00abHoy en d\u00eda, a menudo se trata solo de una competici\u00f3n para ver qui\u00e9n golpea m\u00e1s fuerte. Y cuando haces movimientos tan r\u00e1pidos, cuando llegas a toda velocidad a una pelota, frenas y vuelves a arrancar, es f\u00e1cil que el cuerpo llegue al l\u00edmite y se lesione. <strong>Creo que habr\u00eda que intentar ralentizar un poco el juego\u00bb<\/strong>, a\u00f1adi\u00f3.<\/p>\n<p class=\"ft-text\">Para ello, Toni Nadal lo tiene claro: raquetas m\u00e1s peque\u00f1as, una medida que desde a\u00f1os sugiere: \u00abSer\u00eda m\u00e1s f\u00e1cil para los amateurs y m\u00e1s dif\u00edcil para los profesionales, y el juego ser\u00eda menos violento. <strong>La belleza del tenis es poder ver el movimiento<\/strong>. Cuando jugaban McEnroe o Nastase estaba todo: movimiento, mano, t\u00e1ctica\u00bb.<\/p>\n<p class=\"ft-text\">\u00abEl tenis es el \u00fanico deporte que empieza con un &#8216;penalti&#8217;: <strong>si sacas bien, el adversario no juega&#8230; <\/strong>En otras disciplinas han cambiado las reglas para aumentar el espect\u00e1culo\u00bb, apunt\u00f3.<\/p>\n<p class=\"ft-text\">Y puso de ejemplo la evoluci\u00f3n del f\u00fatbol: \u00abDespu\u00e9s del Mundial de Italia 90 se introdujeron tres nuevas reglas: <strong>el pase atr\u00e1s al portero, que ya no pod\u00eda coger el bal\u00f3n con las manos; los tres puntos por victoria, por lo que se empez\u00f3 a atacar m\u00e1s; y la tarjeta amarilla: antes se pod\u00eda machacar a Maradona todo el tiempo<\/strong>, pero luego ya no se pod\u00eda entrar por detr\u00e1s. Esto provoc\u00f3 una gran evoluci\u00f3n&#8230;\u00bb.<\/p>\n<p class=\"ft-text\">Aunque est\u00e1 convencido de que nada cambiar\u00e1 en el deporte de raqueta: \u00abNunca cambiar\u00e1n,<strong> porque a los directivos solo les interesan los mejores jugadores.<\/strong> Y prefieren que todo siga igual\u00bb.<\/p>\n<p class=\"ft-text\">Toni Nadal fue cuestionado tambi\u00e9n sobre que algunos afirmen ya que Sinner es el sucesor de Djokovic. \u00ab<strong>Creo que Djokovic es un jugador m\u00e1s completo<\/strong>. Sinner tiene m\u00e1s velocidad en sus golpes, Nole un poco m\u00e1s de toque. Ambos tienen en com\u00fan que siempre imponen un ritmo alto y poseen un control de la pelota excepcional, con movimientos de alt\u00edsimo nivel\u00bb, coment\u00f3, para a\u00f1adir que \u00ab<strong>Jannik juega con un patr\u00f3n muy definido: impone un ritmo muy r\u00e1pido desde el principio, lo que dificulta que cualquiera pueda seguirle el ritmo.<\/strong>\u00ab<\/p>\n<p>El t\u00edtulo que se le resisti\u00f3 a Rafa<\/p>\n<p class=\"ft-text\">Adem\u00e1s, mientras se disputan<a class=\"ft-link ft-link--decoration\" href=\"https:\/\/www.sport.es\/es\/tenis\/\" rel=\"nofollow noopener\" target=\"_blank\"> las Finales ATP de Tur\u00edn<\/a> en la que juega otro de sus expupilos, <strong>el canadiense F\u00e9lix Auger-Aliassime<\/strong>, explic\u00f3 los motivos por los que su sobrino nunca se coron\u00f3 como &#8216;Maestro&#8217;.<\/p>\n<p class=\"ft-text\">\u00abEn primer lugar, <strong>porque nunca han celebrado las Finales sobre tierra batida&#8230;<\/strong>\u00ab, brome\u00f3. \u00abBromas aparte, Rafael siempre ha jugado bien en todas las superficies, <strong>pero casi siempre llegaba al final de la temporada muy cansado f\u00edsicamente<\/strong>\u00ab, se\u00f1al\u00f3.<\/p>\n","protected":false},"excerpt":{"rendered":"Toni Nadal, t\u00edo y exentreandor de Rafael Nadal, insisti\u00f3 este lunes en su idea de reducir el tama\u00f1o&hellip;\n","protected":false},"author":2,"featured_media":231536,"comment_status":"","ping_status":"","sticky":false,"template":"","format":"standard","meta":{"footnotes":""},"categories":[274],"tags":[1691,168,25,24,57896,3489,60531,23,167,327,326],"class_list":{"0":"post-231535","1":"post","2":"type-post","3":"status-publish","4":"format-standard","5":"has-post-thumbnail","7":"category-tenis","8":"tag-atp","9":"tag-deportes","10":"tag-es","11":"tag-espana","12":"tag-finals","13":"tag-nadal","14":"tag-raquets","15":"tag-spain","16":"tag-sports","17":"tag-tenis","18":"tag-tennis"},"share_on_mastodon":{"url":"https:\/\/pubeurope.com\/@es\/115534792161533265","error":""},"_links":{"self":[{"href":"https:\/\/www.europesays.com\/es\/wp-json\/wp\/v2\/posts\/231535","targetHints":{"allow":["GET"]}}],"collection":[{"href":"https:\/\/www.europesays.com\/es\/wp-json\/wp\/v2\/posts"}],"about":[{"href":"https:\/\/www.europesays.com\/es\/wp-json\/wp\/v2\/types\/post"}],"author":[{"embeddable":true,"href":"https:\/\/www.europesays.com\/es\/wp-json\/wp\/v2\/users\/2"}],"replies":[{"embeddable":true,"href":"https:\/\/www.europesays.com\/es\/wp-json\/wp\/v2\/comments?post=231535"}],"version-history":[{"count":0,"href":"https:\/\/www.europesays.com\/es\/wp-json\/wp\/v2\/posts\/231535\/revisions"}],"wp:featuredmedia":[{"embeddable":true,"href":"https:\/\/www.europesays.com\/es\/wp-json\/wp\/v2\/media\/231536"}],"wp:attachment":[{"href":"https:\/\/www.europesays.com\/es\/wp-json\/wp\/v2\/media?parent=231535"}],"wp:term":[{"taxonomy":"category","embeddable":true,"href":"https:\/\/www.europesays.com\/es\/wp-json\/wp\/v2\/categories?post=231535"},{"taxonomy":"post_tag","embeddable":true,"href":"https:\/\/www.europesays.com\/es\/wp-json\/wp\/v2\/tags?post=231535"}],"curies":[{"name":"wp","href":"https:\/\/api.w.org\/{rel}","templated":true}]}}