{"id":231537,"date":"2025-11-12T04:18:11","date_gmt":"2025-11-12T04:18:11","guid":{"rendered":"https:\/\/www.europesays.com\/es\/231537\/"},"modified":"2025-11-12T04:18:11","modified_gmt":"2025-11-12T04:18:11","slug":"al-equipo-le-veo-muy-mentalizado","status":"publish","type":"post","link":"https:\/\/www.europesays.com\/es\/231537\/","title":{"rendered":"Al equipo le veo muy mentalizado"},"content":{"rendered":"<p data-gtm-element-container=\"modulo-texto-link\" class=\"paragraph\">Con el relevo en el banquillo a\u00fan por resolver, el <strong>Bar\u00e7a <\/strong>viaja hoy hacia <strong>M\u00fanich <\/strong>para enfrentarse este mi\u00e9rcoles (20.30 horas) al <strong>Bayern<\/strong> dentro de la d\u00e9cima jornada de la <strong>Euroliga<\/strong>. Al frente del equipo estar\u00e1 <strong>\u00d3scar Orellana<\/strong>, segundo del destituido <strong>Joan Pe\u00f1arroya<\/strong>, que conf\u00eda en que el equipo de un paso adelante para revertir la actual situaci\u00f3n, marcada por tres derrotas consecutivas, las dos \u00faltimas muy dolorosas ante el <strong>Real Madrid <\/strong>en el Palau y por paliza en <strong>Fontajau <\/strong>ante el <strong>Girona<\/strong>.<\/p>\n<p data-gtm-element-container=\"modulo-texto-link\" class=\"paragraph\">\u00abAl equipo le veo muy mentalizado, cuando hay un cambio de entrenador todo el mundo reacciona de una manera u otra. Les veo con ganas de tirar esto adelante, les veo responsabilizados, conscientes de que no era solo cosa del entrenador sino que todos pod\u00edamos haber dado mucho m\u00e1s\u00bb, ha explicado <strong>Orellana<\/strong> tras el entrenamiento de este martes en la <strong>Ciutat Esportiva <\/strong>antes de emprender viaje hacia <strong>Alemania<\/strong>.<\/p>\n<p data-gtm-element-container=\"modulo-texto-link\" class=\"paragraph\">\u00abComo equipo hemos hablado y los que les hemos pedido b\u00e1sicamente es que pongan el foco en ganar contra el Bayern, que no piensen en otra cosa que no sea prepararse muy bien para ganar este partido. Para ello es importante que est\u00e9n a su m\u00e1ximo nivel y que cada uno de un paso adelante en su responsabilidad\u00bb, a\u00f1ade <strong>Orellana<\/strong>, que desvel\u00f3 una intensa charla con el equipo en el vestuario de <strong>Fontajau <\/strong>tras la derrota del domingo. \u00abTras el partido de <strong>Girona <\/strong>ya estuvimos hablando en el vestuario, analizando en caliente qu\u00e9 cosas nos hab\u00edan llevado a aquel resultado y a aquella manera de perder y de las cosas que cre\u00edamos que se deb\u00edan cambiar. Despu\u00e9s lo que se les ha pedido es compromiso y responsabilidad, no hemos vuelto a hablar de lo que pas\u00f3 el domingo\u00bb, ha dicho.<\/p>\n<p>    Lee tambi\u00e9n<\/p>\n<p data-gtm-element-container=\"modulo-texto-link\" class=\"paragraph\">El t\u00e9cnico de 45 a\u00f1os intenta abstraerse del ruido que rodea estos d\u00edas al relevo en el banquillo tras el cese de <strong>Pe\u00f1arroya<\/strong>, con <strong>Xavi Pascual <\/strong>ya negociando con el club. \u00abEl club nos dijo que tom\u00e1ramos las riendas del equipo y trabaj\u00e1ramos para ganar el partido de <strong>M\u00fanich<\/strong>. A partir de ah\u00ed hay varios escenarios abiertos, pueden pasar muchas cosas, pero que nosotros nos centr\u00e1ramos en la preparaci\u00f3n del partido de <strong>M\u00fanich<\/strong>\u00ab, precisa el preparador, que no se moja sobre si el equipo necesita refuerzos. \u00abEso ya es cosa de la direcci\u00f3n deportiva. Yo solo puedo centrarme en sacar el m\u00e1ximo rendimiento a las piezas que tengo\u00bb.<\/p>\n<p data-gtm-element-container=\"modulo-texto-link\" class=\"paragraph\">A nivel personal, la situaci\u00f3n es complicada. \u00abEstamos jodidos. Hemos trabajado con <strong>Joan <\/strong>un a\u00f1o y dos o tres meses, luchando a muerte con \u00e9l para intentar lograr los mejores resultados posibles. Que ya no est\u00e9 con nosotros es un golpe para todos. No es agradable, es la situaci\u00f3n que nos ha tocado vivir\u00bb, explica.<\/p>\n<p data-gtm-element-container=\"modulo-texto-link\" class=\"paragraph\">Sin embargo, tambi\u00e9n tiene un componente de ilusi\u00f3n a nivel individual, pues Orellana va a dirigir un partido de <strong>Euroliga <\/strong>del <strong>Bar\u00e7a <\/strong>21 a\u00f1os despu\u00e9s de llegar al club. \u00abEs un sue\u00f1o. Hace veinti\u00fan a\u00f1os que entr\u00e9 al club como delegado del cadete y he ido estando como primer entrenador en categor\u00edas de formaci\u00f3n, como ayudante en el <strong>Bar\u00e7a B<\/strong>, como ayudante en el primer equipo y nunca, nunca, nunca  en la vida, ni en mis mejores sue\u00f1os, me habr\u00eda podido imaginar que un d\u00eda iba a sentarme para dirigir un partido del primer equipo. Es una pasada\u00bb, reconoce.<\/p>\n","protected":false},"excerpt":{"rendered":"Con el relevo en el banquillo a\u00fan por resolver, el Bar\u00e7a viaja hoy hacia M\u00fanich para enfrentarse este&hellip;\n","protected":false},"author":2,"featured_media":231538,"comment_status":"","ping_status":"","sticky":false,"template":"","format":"standard","meta":{"footnotes":""},"categories":[269],"tags":[299,298,168,25,24,23,167],"class_list":{"0":"post-231537","1":"post","2":"type-post","3":"status-publish","4":"format-standard","5":"has-post-thumbnail","7":"category-baloncesto","8":"tag-baloncesto","9":"tag-basketball","10":"tag-deportes","11":"tag-es","12":"tag-espana","13":"tag-spain","14":"tag-sports"},"share_on_mastodon":{"url":"https:\/\/pubeurope.com\/@es\/115534803988420976","error":""},"_links":{"self":[{"href":"https:\/\/www.europesays.com\/es\/wp-json\/wp\/v2\/posts\/231537","targetHints":{"allow":["GET"]}}],"collection":[{"href":"https:\/\/www.europesays.com\/es\/wp-json\/wp\/v2\/posts"}],"about":[{"href":"https:\/\/www.europesays.com\/es\/wp-json\/wp\/v2\/types\/post"}],"author":[{"embeddable":true,"href":"https:\/\/www.europesays.com\/es\/wp-json\/wp\/v2\/users\/2"}],"replies":[{"embeddable":true,"href":"https:\/\/www.europesays.com\/es\/wp-json\/wp\/v2\/comments?post=231537"}],"version-history":[{"count":0,"href":"https:\/\/www.europesays.com\/es\/wp-json\/wp\/v2\/posts\/231537\/revisions"}],"wp:featuredmedia":[{"embeddable":true,"href":"https:\/\/www.europesays.com\/es\/wp-json\/wp\/v2\/media\/231538"}],"wp:attachment":[{"href":"https:\/\/www.europesays.com\/es\/wp-json\/wp\/v2\/media?parent=231537"}],"wp:term":[{"taxonomy":"category","embeddable":true,"href":"https:\/\/www.europesays.com\/es\/wp-json\/wp\/v2\/categories?post=231537"},{"taxonomy":"post_tag","embeddable":true,"href":"https:\/\/www.europesays.com\/es\/wp-json\/wp\/v2\/tags?post=231537"}],"curies":[{"name":"wp","href":"https:\/\/api.w.org\/{rel}","templated":true}]}}