{"id":231539,"date":"2025-11-12T04:19:10","date_gmt":"2025-11-12T04:19:10","guid":{"rendered":"https:\/\/www.europesays.com\/es\/231539\/"},"modified":"2025-11-12T04:19:10","modified_gmt":"2025-11-12T04:19:10","slug":"no-voy-a-dejar-mi-trabajo-ligado-a-la-parcela-deportiva","status":"publish","type":"post","link":"https:\/\/www.europesays.com\/es\/231539\/","title":{"rendered":"\u00abNo voy a dejar mi trabajo ligado a la parcela deportiva\u00bb"},"content":{"rendered":"<p>11\/11\/2025<br \/>\n<br \/><strong><br \/>\nActualizado a las 21:34h.<br \/>\n<\/strong><\/p>\n<p class=\"voc-p\" style=\"\"><strong>Joaqu\u00edn S\u00e1nchez<\/strong>, nuevo consejero del <a href=\"https:\/\/www.realbetisbalompie.es\" target=\"_blank\" data-voc-vtm-id=\"in-text-traffic\" title=\"Real Betis\" data-mrf-link=\"www.realbetisbalompie.es\" rel=\"nofollow noopener\">Real Betis<\/a>, ha realizado a los medios oficiales del club b\u00e9tico unas declaraciones en las que valora su nuevo cargo en el organigrama de la entidad, nombramiento que se ha producido este martes tras la reuni\u00f3n del consejo  &#8230; de administraci\u00f3n que preside \u00c1ngel Haro. El excapit\u00e1n verdiblanco ha asegurado que \u00abpues imag\u00ednate, <strong>una ilusi\u00f3n y un orgullo tremendo<\/strong>. Porque como bien sabe todo el mundo, <strong>el Betis es mi vida<\/strong>. Aqu\u00ed me he hecho como futbolista, aqu\u00ed me he criado, aqu\u00ed he cumplido muchos sue\u00f1os y <strong>este es un paso m\u00e1s<\/strong> en esta nueva etapa como consejero. Feliz, porque creo que es una <strong>oportunidad muy bonita para seguir aprendiendo<\/strong>. Voy a ser nuevo consejero, pero <strong>no voy a dejar mi trabajo en la parcela deportiva<\/strong>, que es donde s\u00e9 y donde me siento feliz y m\u00e1s puedo aportar\u00ab.<\/p>\n<p class=\"voc-p\" style=\"\">Preguntado por <strong>su labor en el club desde que se retir\u00f3<\/strong> del f\u00fatbol profesional en el club de su vida en el 2023, el de El Puerto de Santa Mar\u00eda comentaba que \u00abdesde que me retir\u00e9, he ido <strong>acopl\u00e1ndome al club<\/strong> con mi nuevo trabajo, <strong>siempre en la direcci\u00f3n deportiva al lado de Manu (Fajardo) aprendiendo<\/strong> y viendo mi futuro. Creo que era una oportunidad bonita hablando con los consejeros, con \u00c1ngel (Haro) y con Jos\u00e9 Miguel (L\u00f3pez Catal\u00e1n), para<strong> dar un paso al frente<\/strong> y estar en el consejo de administraci\u00f3n, que es d\u00f3nde se toman las <strong>decisiones importantes<\/strong> y creo que tambi\u00e9n puedo aportar\u00ab.<\/p>\n<p class=\"voc-p\" style=\"\">Por \u00faltimo, cuestionado por el <strong>crecimiento deportivo e institucional<\/strong> que est\u00e1 experimentando el Betis en los \u00faltimos a\u00f1os, Joaqu\u00edn refer\u00eda que \u00abafortunadamente, <strong>cada a\u00f1o con pasos agigantados<\/strong>, en lo institucional y en lo deportivo. Estamos creciendo cada a\u00f1o. <strong>Este club es muy grande<\/strong> por lo que significa, por su afici\u00f3n, por lo que traspasa, a d\u00f3nde llega y lo que significa en s\u00ed. A d\u00eda de hoy, el club es <strong>ambicioso y est\u00e1 a la altura de su afici\u00f3n.<\/strong> La entidad sigue creciendo, mejorando, seguimos siendo ambiciosos. Y ese es el <strong>objetivo<\/strong> de todos los que trabajamos en el club, cada d\u00eda<strong> crecer por este club, por estos colores, por este alma, y yo me siento muy identificado\u00ab<\/strong>, conclu\u00eda Joaqu\u00edn.<\/p>\n<p>\nArt\u00edculo solo para suscriptores\n<\/p>\n<p>Reportar un error<\/p>\n","protected":false},"excerpt":{"rendered":"11\/11\/2025 Actualizado a las 21:34h. Joaqu\u00edn S\u00e1nchez, nuevo consejero del Real Betis, ha realizado a los medios oficiales&hellip;\n","protected":false},"author":2,"featured_media":231540,"comment_status":"","ping_status":"","sticky":false,"template":"","format":"standard","meta":{"footnotes":""},"categories":[268],"tags":[291,24409,13293,17692,168,7963,25,24,280,282,8488,16552,524,19433,281,23,167,2752],"class_list":{"0":"post-231539","1":"post","2":"type-post","3":"status-publish","4":"format-standard","5":"has-post-thumbnail","7":"category-futbol","8":"tag-betis","9":"tag-cargo","10":"tag-consejero","11":"tag-dejar","12":"tag-deportes","13":"tag-deportiva","14":"tag-es","15":"tag-espana","16":"tag-football","17":"tag-futbol","18":"tag-joaquin","19":"tag-ligado","20":"tag-nuevo","21":"tag-parcela","22":"tag-soccer","23":"tag-spain","24":"tag-sports","25":"tag-trabajo"},"share_on_mastodon":{"url":"https:\/\/pubeurope.com\/@es\/115534808327680957","error":""},"_links":{"self":[{"href":"https:\/\/www.europesays.com\/es\/wp-json\/wp\/v2\/posts\/231539","targetHints":{"allow":["GET"]}}],"collection":[{"href":"https:\/\/www.europesays.com\/es\/wp-json\/wp\/v2\/posts"}],"about":[{"href":"https:\/\/www.europesays.com\/es\/wp-json\/wp\/v2\/types\/post"}],"author":[{"embeddable":true,"href":"https:\/\/www.europesays.com\/es\/wp-json\/wp\/v2\/users\/2"}],"replies":[{"embeddable":true,"href":"https:\/\/www.europesays.com\/es\/wp-json\/wp\/v2\/comments?post=231539"}],"version-history":[{"count":0,"href":"https:\/\/www.europesays.com\/es\/wp-json\/wp\/v2\/posts\/231539\/revisions"}],"wp:featuredmedia":[{"embeddable":true,"href":"https:\/\/www.europesays.com\/es\/wp-json\/wp\/v2\/media\/231540"}],"wp:attachment":[{"href":"https:\/\/www.europesays.com\/es\/wp-json\/wp\/v2\/media?parent=231539"}],"wp:term":[{"taxonomy":"category","embeddable":true,"href":"https:\/\/www.europesays.com\/es\/wp-json\/wp\/v2\/categories?post=231539"},{"taxonomy":"post_tag","embeddable":true,"href":"https:\/\/www.europesays.com\/es\/wp-json\/wp\/v2\/tags?post=231539"}],"curies":[{"name":"wp","href":"https:\/\/api.w.org\/{rel}","templated":true}]}}