{"id":231541,"date":"2025-11-12T04:20:19","date_gmt":"2025-11-12T04:20:19","guid":{"rendered":"https:\/\/www.europesays.com\/es\/231541\/"},"modified":"2025-11-12T04:20:19","modified_gmt":"2025-11-12T04:20:19","slug":"los-javis-se-separan-tras-trece-anos-de-relacion","status":"publish","type":"post","link":"https:\/\/www.europesays.com\/es\/231541\/","title":{"rendered":"Los Javis se separan tras trece a\u00f1os de relaci\u00f3n"},"content":{"rendered":"<p><a class=\"v-mdl-ath__fig-a\" href=\"https:\/\/www.elcorreo.com\/autor\/iker-cortes-110.html\" title=\"I. C. Roncal\" rel=\"nofollow noopener\" target=\"_blank\"><br \/>\n<img decoding=\"async\" class=\"v-mdl-ath__img\" src=\"https:\/\/www.europesays.com\/es\/wp-content\/uploads\/2025\/08\/autor-110-foto-2.jpeg\" alt=\"I. C. Roncal\"\/><br \/>\n<\/a><\/p>\n<p class=\"v-mdl-ath__p v-mdl-ath__p--6\">\nMartes, 11 de noviembre 2025, 18:11<\/p>\n<p>| Actualizado 19:26h.<\/p>\n<p class=\"v-p\">Los Javis, la pareja formada por Javier Ambrossi (Madrid, 41 a\u00f1os) y Javier Calvo (Murcia, 34 a\u00f1os), se separan tras trece a\u00f1os de relaci\u00f3n sentimental. Eso s\u00ed, los guionistas, directores y productores, que se encuentran trabajando en el rodaje de &#8216;La bola negra&#8217;, su segunda pel\u00edcula despu\u00e9s de &#8216;La llamada&#8217;, rompen su relaci\u00f3n sentimental pero seguir\u00e1n conformando la pareja creativa que ha dado a luz series tan estimulantes como &#8216;Paquita Salas&#8217; o &#8216;La mes\u00edas&#8217;.<\/p>\n<p class=\"v-p\">Eso es al menos lo que han confirmado fuentes cercanas a ambos al peri\u00f3dico &#8216;El Pa\u00eds&#8217;. Seg\u00fan explica el diario, aunque no seguir\u00e1n juntos, mantendr\u00e1n todos los compromisos profesionales que tienen en com\u00fan, continuando su colaboraci\u00f3n creativa y mateniendo su uni\u00f3n en los futuros proyectos profesionales que tienen en marcha y aquellos que llegar\u00e1n. Curiosamente, en el sketch con el que arranc\u00f3 ayer la entrevista a Rosal\u00eda en &#8216;La revuelta&#8217; y que reuni\u00f3 a actores, artistas y deportistas, adem\u00e1s de a la exalcaldesa de Madrid Manuela Carmena, solo particip\u00f3 Javier Calvo.<\/p>\n<p class=\"v-p\">La pareja se conoci\u00f3 a trav\u00e9s de Facebook y su singladura comenz\u00f3 como una amistad que poco a poco fue cogiendo fuerza, hasta que hicieron un viaje a Nueva York juntos que lo cambi\u00f3 todo. Calvo ten\u00eda que irse antes y a Ambrossi le inund\u00f3 la tristeza cuando lo vio marcharse en el taxi. \u00abSent\u00ed que era una persona que ten\u00eda que estar en mi vida\u00bb, lleg\u00f3 a comentar en una entrevista. <\/p>\n<p class=\"v-p\">Pronto, comenzaron a trabajar juntos. Primero en montajes teatrales, como el musical &#8216;La llamada&#8217;, que finalmente llevar\u00edan al cine en 2017. Durante la premiere de la pel\u00edcula, Ambrossi pidi\u00f3 a Calvo que se casara con \u00e9l y Calvo no se lo pens\u00f3 dos veces. La boda tuvo lugar en 2018. Para entonces ya triunfaban con series como &#8216;Paquita Salas&#8217;. Luego vendr\u00edan t\u00edtulos como &#8216;Veneno&#8217;, &#8216;La mes\u00edas&#8217; o el documental &#8216;Pedro x Javis&#8217;, sin olvidar todos los proyectos que han puesto en marcha como productores, con t\u00edtulos como &#8216;Terror y feria&#8217;, &#8216;Cardo&#8217;, &#8216;Vestidas de azul&#8217;, &#8216;Mariliendre&#8217; o la reciente &#8216;Superestar&#8217;, que ha creado y dirigido Nacho Vigalondo.<\/p>\n<p class=\"v-p\">En el horizonte m\u00e1s inmediato tienen tres proyectos: por un lado el rodaje de &#8216;La bola negra&#8217;, centrado en la vida y la obra de Federico Garc\u00eda Lorca, que se desarrolla en tres \u00e9pocas: 1933, 1937 y 2017 y que contar\u00e1 con Guitarricadelafuente como protagonista, adem\u00e1s de con Miguel Bernardeau, Carlos Gonz\u00e1lez y Lola Due\u00f1as. Precisamente a la ya expareja y a Bernardeau pudimos verles en el concierto del cantautor en Madrid disfrutando a pleno pulm\u00f3n. Tambi\u00e9n se hicieron p\u00fablicas las fotos de la pareja junto a Glenn Close que recientemente particip\u00f3 en el rodaje de la cinta. Por el otro, como productores, han impulsado el remake de &#8216;Mi querida se\u00f1orita&#8217;, dirigida por Fernando Gonz\u00e1lez Molina, o de la argentina &#8216;Las Malas&#8217;, en la que el director y guionista Armando Bo contar\u00e1 con Karla Sof\u00eda Gasc\u00f3n. <\/p>\n<p><img decoding=\"async\" loading=\"lazy\" src=\"https:\/\/www.europesays.com\/es\/wp-content\/uploads\/2025\/11\/goya-si-kJdH-U240195688074WQF-650x455@RC.jpg\" class=\"v-a-img\" width=\"650\" height=\"455\" alt=\"Cecilia Roth, Antonia San Juan, Marisa Paredes, Pen\u00e9lope Cruz y Pedro Almod\u00f3var, junto a los Javis, durante el homenaje en los Goya de 2024 a 'Todo sobre mi madre'.\" data-voc-vtm-id=\"in-text-traffic\"\/><\/p>\n<p>Cecilia Roth, Antonia San Juan, Marisa Paredes, Pen\u00e9lope Cruz y Pedro Almod\u00f3var, junto a los Javis, durante el homenaje en los Goya de 2024 a &#8216;Todo sobre mi madre&#8217;.<\/p>\n<p>Afp<\/p>\n<p><img loading=\"lazy\" decoding=\"async\" src=\"https:\/\/www.europesays.com\/es\/wp-content\/uploads\/2025\/11\/goya-si-kJdH-U2401956880742JF-1920x1344@RC.jpg\" class=\"v-mdl__img-z\" width=\"1920\" height=\"1344\" alt=\"\"\/><\/p>\n<p class=\"v-p\">Televisivamente, la pareja tambi\u00e9n se ha hecho muy popular al participar como jurado en programas como &#8216;Mask Singer&#8217; y &#8216;Drag Race Espa\u00f1a&#8217; y en 2024 presentaron junto a Ana Bel\u00e9n una de las mejores galas de los Goya que se recuerdan, llena de sensibilidad y de cari\u00f1o. Precisamente a finales de ese mismo a\u00f1o mostraron la nueva casa que hab\u00edan adquirido en Madrid, en la <a href=\"https:\/\/www.revistaad.es\/galerias\/javier-ambrossi-javier-calvo-nueva-casa-madrid-piscina\" target=\"_blank\" data-voc-vtm-id=\"in-text-traffic\" title=\"&#039;revista Ad&#039;\" data-mrf-link=\"www.revistaad.es\" rel=\"nofollow noopener\">&#8216;revista Ad&#8217;<\/a>, una vivienda dise\u00f1ada por los arquitectos Benjamin Iborra y Ra\u00fal Hinarejos que se plantearon como \u00abuna casa de vacaciones, donde siempre fuera verano\u00bb, contaba entonces Ambrossi. \u00abEsta casa es muy social -ahondaba por su parte Calvo-. Siempre hay gente, siempre hay fiestas, siempre hay alguna lectura de guion\u2026 Quer\u00edamos un lugar que no solo fuera para nosotros, sino tambi\u00e9n para nuestra familia y nuestro trabajo. Es tambi\u00e9n un espacio creativo\u00bb. Las fotograf\u00edas y v\u00eddeos de la fiesta de fin de a\u00f1o de 2024, con Anne Igartiburu dando las campanadas, y amigos como Brays Efe, Macarena Garc\u00eda (hermana de Ambrossi), Lola Due\u00f1as o Rosal\u00eda y Diego Ib\u00e1\u00f1ez, l\u00edder de Carolina Durante, interpretando algunas canciones corrieron como la p\u00f3lvora.<\/p>\n<p>Reporta un error<\/p>\n","protected":false},"excerpt":{"rendered":"Martes, 11 de noviembre 2025, 18:11 | Actualizado 19:26h. Los Javis, la pareja formada por Javier Ambrossi (Madrid,&hellip;\n","protected":false},"author":2,"featured_media":231542,"comment_status":"","ping_status":"","sticky":false,"template":"","format":"standard","meta":{"footnotes":""},"categories":[174],"tags":[255,146,147,25,24,256,51486,10850,23],"class_list":{"0":"post-231541","1":"post","2":"type-post","3":"status-publish","4":"format-standard","5":"has-post-thumbnail","7":"category-famosos","8":"tag-celebrities","9":"tag-entertainment","10":"tag-entretenimiento","11":"tag-es","12":"tag-espana","13":"tag-famosos","14":"tag-javis","15":"tag-separan","16":"tag-spain"},"share_on_mastodon":{"url":"https:\/\/pubeurope.com\/@es\/115534812210861956","error":""},"_links":{"self":[{"href":"https:\/\/www.europesays.com\/es\/wp-json\/wp\/v2\/posts\/231541","targetHints":{"allow":["GET"]}}],"collection":[{"href":"https:\/\/www.europesays.com\/es\/wp-json\/wp\/v2\/posts"}],"about":[{"href":"https:\/\/www.europesays.com\/es\/wp-json\/wp\/v2\/types\/post"}],"author":[{"embeddable":true,"href":"https:\/\/www.europesays.com\/es\/wp-json\/wp\/v2\/users\/2"}],"replies":[{"embeddable":true,"href":"https:\/\/www.europesays.com\/es\/wp-json\/wp\/v2\/comments?post=231541"}],"version-history":[{"count":0,"href":"https:\/\/www.europesays.com\/es\/wp-json\/wp\/v2\/posts\/231541\/revisions"}],"wp:featuredmedia":[{"embeddable":true,"href":"https:\/\/www.europesays.com\/es\/wp-json\/wp\/v2\/media\/231542"}],"wp:attachment":[{"href":"https:\/\/www.europesays.com\/es\/wp-json\/wp\/v2\/media?parent=231541"}],"wp:term":[{"taxonomy":"category","embeddable":true,"href":"https:\/\/www.europesays.com\/es\/wp-json\/wp\/v2\/categories?post=231541"},{"taxonomy":"post_tag","embeddable":true,"href":"https:\/\/www.europesays.com\/es\/wp-json\/wp\/v2\/tags?post=231541"}],"curies":[{"name":"wp","href":"https:\/\/api.w.org\/{rel}","templated":true}]}}