{"id":231543,"date":"2025-11-12T04:21:09","date_gmt":"2025-11-12T04:21:09","guid":{"rendered":"https:\/\/www.europesays.com\/es\/231543\/"},"modified":"2025-11-12T04:21:09","modified_gmt":"2025-11-12T04:21:09","slug":"robo-louvre-sevilla-la-relacion-de-sevilla-con-el-robo-del-louvre-el-origen-andaluz-del-misterioso-detective-del-museo","status":"publish","type":"post","link":"https:\/\/www.europesays.com\/es\/231543\/","title":{"rendered":"Robo Louvre Sevilla | La relaci\u00f3n de Sevilla con el robo del Louvre: el origen andaluz del &#8216;misterioso detective&#8217; del museo"},"content":{"rendered":"<p class=\"ft-text\">Una de las im\u00e1genes que m\u00e1s se populariz\u00f3 y extendi\u00f3 <a class=\"ft-link ft-link--decoration\" href=\"https:\/\/www.elcorreoweb.es\/internacional\/2025\/11\/06\/robo-siglo-principio-tribunal-cuentas-datos-deterioro-louvre-123427858.html\" target=\"_blank\" rel=\"nofollow noopener\">tras el robo del Museo del Louvre <\/a>que se produjo el pasado 19 de octubre fue la de un supuesto investigador que, al puro estilo Sherlock Holmes, se encontraba en las inmediaciones del lugar junto a la polic\u00eda francesa ataviado con sombrero, chaqueta, chaleco y corbata como un &#8216;gentleman&#8217; de los a\u00f1os 40. Sin embargo, se ha descubierto que en realidad es un joven de apenas<strong> 15 a\u00f1os con vinculaci\u00f3n con Sevilla.<\/strong><\/p>\n<p class=\"ft-text\">Tras las primeras horas del robo,<strong> la imagen de un var\u00f3n elegantemente vestido<\/strong>, con una chaqueta oscura, camisa blanca, chaleco color tierra y una corbata y un sombrero, situado junto a los agentes de polic\u00eda que se encontraban en el lugar investigando el suceso, hizo extender los rumores en las redes sociales sobre qui\u00e9n ser\u00eda este hombre.<\/p>\n<p>El detective del robo del Louvre, un joven con ra\u00edces sevillanas<\/p>\n<p class=\"ft-text\">As\u00ed, las teor\u00edas pasaron de creer que era <strong>un curtido investigador <\/strong><a class=\"ft-link ft-link--decoration\" href=\"https:\/\/www.elcorreoweb.es\/internacional\/2025\/10\/30\/detenidos-cinco-nuevos-sospechosos-robo-joyas-museo-louvre-123175198.html\" target=\"_blank\" rel=\"nofollow noopener\">encargado de esclarecer el incidente <\/a>a un agente secreto o, incluso, que todo era obra de la Inteligencia Artificial, que hab\u00eda creado esta curiosa foto desde cero. Sin embargo, la agencia Associated press ha aclarado qui\u00e9n se esconde detr\u00e1s de la leyenda: un joven que solo quer\u00eda visitar el Louvre con su \u00abtraje de los domingos\u00bb.<\/p>\n<p class=\"ft-text\">Se trata de Pedro El\u00edas Garzon Delroux, <strong>un joven franc\u00e9s de apenas 15 a\u00f1os <\/strong>que se encontraba durante el incidente en los alrededores del museo, al que hab\u00eda acudido con su familia para una de las tradicionales salidas culturales que realizan. Sin embargo, durante esa jornada se vieron sorprendidos por la imposibilidad de entrar y el amplio despliegue policial que hab\u00eda, sin que en un primer momento supieran que estaban en la escena del considerado por muchos<a class=\"ft-link ft-link--decoration\" href=\"https:\/\/www.elcorreoweb.es\/internacional\/2025\/10\/26\/robo-museo-louvre-joyas-sintoma-crisis-economica-francia-deficit-recortes-123036171.html\" target=\"_blank\" rel=\"nofollow noopener\"> \u00abel robo del siglo\u00bb.<\/a><\/p>\n<p>El origen sevillano del &#8216;detective&#8217; del robo del Louvre<\/p>\n<p class=\"ft-text\">Tras este suceso, la familia continu\u00f3 con su normalidad, sin embargo, se vieron sorprendidos por la imagen viral que se extendi\u00f3 por todo el mundo de<strong> Pedro El\u00edas como un posible &#8216;Sherlock Holmes&#8217; <\/strong>moderno. Una realidad que no solo le hizo viralizarse en redes sociales y ocupar titulares y portadas, sino tambi\u00e9n recibir toda clase de llamadas de sus familiares y amigos, como los que <strong>mantiene en la provincia andaluza de Sevilla.<\/strong><\/p>\n<p class=\"ft-text\">\u00abNos escrib\u00edan<strong> familiares desde Sevilla,<\/strong> amigos desde Austria, todos diciendo que hab\u00edan visto a Pedro en las noticias\u00bb, se\u00f1ala su madre, que asegura que en un principio sintieron agobio <a class=\"ft-link ft-link--decoration\" href=\"https:\/\/www.elcorreoweb.es\/internacional\/2025\/10\/22\/presidenta-louvre-reconoce-tardo-detectar-llegada-ladrones-herida-inmensa-122903390.html\" target=\"_blank\" rel=\"nofollow noopener\">por el impacto que estaban recibiendo<\/a>, pero que \u00abluego nos re\u00edmos\u00bb. Ahora, este joven con ra\u00edces sevillanas asegura que contin\u00faa manteniendo su estilo sobrio y elegante, que siempre ha llevado en su d\u00eda a d\u00eda, incluso en clase, pero que espera poder dar el salto a la gran pantalla: <strong>\u00abEspero que me contacten para hacer pel\u00edculas<\/strong>\u00ab.<\/p>\n","protected":false},"excerpt":{"rendered":"Una de las im\u00e1genes que m\u00e1s se populariz\u00f3 y extendi\u00f3 tras el robo del Museo del Louvre que&hellip;\n","protected":false},"author":2,"featured_media":231544,"comment_status":"","ping_status":"","sticky":false,"template":"","format":"standard","meta":{"footnotes":""},"categories":[173],"tags":[16470,229,233,231,230,232,39110,234,4482,146,147,25,24,317,9212,1853,470,41530,3338,5977,7561,11989,1171,23],"class_list":{"0":"post-231543","1":"post","2":"type-post","3":"status-publish","4":"format-standard","5":"has-post-thumbnail","7":"category-arte-y-diseno","8":"tag-andaluz","9":"tag-arte","10":"tag-arte-y-diseno","11":"tag-arts","12":"tag-arts-and-design","13":"tag-design","14":"tag-detective","15":"tag-diseno","16":"tag-dv","17":"tag-entertainment","18":"tag-entretenimiento","19":"tag-es","20":"tag-espana","21":"tag-francia","22":"tag-louvre","23":"tag-misterioso","24":"tag-museo","25":"tag-museo-del-louvre","26":"tag-origen","27":"tag-relacion","28":"tag-robo","29":"tag-robos","30":"tag-sevilla","31":"tag-spain"},"share_on_mastodon":{"url":"https:\/\/pubeurope.com\/@es\/115534815751141998","error":""},"_links":{"self":[{"href":"https:\/\/www.europesays.com\/es\/wp-json\/wp\/v2\/posts\/231543","targetHints":{"allow":["GET"]}}],"collection":[{"href":"https:\/\/www.europesays.com\/es\/wp-json\/wp\/v2\/posts"}],"about":[{"href":"https:\/\/www.europesays.com\/es\/wp-json\/wp\/v2\/types\/post"}],"author":[{"embeddable":true,"href":"https:\/\/www.europesays.com\/es\/wp-json\/wp\/v2\/users\/2"}],"replies":[{"embeddable":true,"href":"https:\/\/www.europesays.com\/es\/wp-json\/wp\/v2\/comments?post=231543"}],"version-history":[{"count":0,"href":"https:\/\/www.europesays.com\/es\/wp-json\/wp\/v2\/posts\/231543\/revisions"}],"wp:featuredmedia":[{"embeddable":true,"href":"https:\/\/www.europesays.com\/es\/wp-json\/wp\/v2\/media\/231544"}],"wp:attachment":[{"href":"https:\/\/www.europesays.com\/es\/wp-json\/wp\/v2\/media?parent=231543"}],"wp:term":[{"taxonomy":"category","embeddable":true,"href":"https:\/\/www.europesays.com\/es\/wp-json\/wp\/v2\/categories?post=231543"},{"taxonomy":"post_tag","embeddable":true,"href":"https:\/\/www.europesays.com\/es\/wp-json\/wp\/v2\/tags?post=231543"}],"curies":[{"name":"wp","href":"https:\/\/api.w.org\/{rel}","templated":true}]}}