{"id":231560,"date":"2025-11-12T04:32:10","date_gmt":"2025-11-12T04:32:10","guid":{"rendered":"https:\/\/www.europesays.com\/es\/231560\/"},"modified":"2025-11-12T04:32:10","modified_gmt":"2025-11-12T04:32:10","slug":"quien-es-juanfran-perez-llorca","status":"publish","type":"post","link":"https:\/\/www.europesays.com\/es\/231560\/","title":{"rendered":"Qui\u00e9n es Juanfran P\u00e9rez Llorca"},"content":{"rendered":"<p>Juan Francisco P\u00e9rez Llorca, el secretario general del Partido Popular de la Comunidad Valenciana (PPCV), <a href=\"https:\/\/x.com\/JuanFranFines\/status\/1988226067790696511\" rel=\"nofollow\">ha sido el elegido por el l\u00edder del PP<\/a> para convertirse en president de transici\u00f3n hasta 2027 <a href=\"https:\/\/www.newtral.es\/comparecencia-mazon-datos-contexto\/20251103\/\" rel=\"nofollow noopener\" target=\"_blank\">tras la dimisi\u00f3n de Carlos Maz\u00f3n<\/a>.\u00a0 <\/p>\n<p><strong>Qui\u00e9n es P\u00e9rez Llorca. <\/strong>Juan Francisco P\u00e9rez Llorca (Alicante, 1976) <a href=\"https:\/\/ayto-finestrat.es\/saluda-del-alcalde\/\" rel=\"nofollow noopener\" target=\"_blank\">es el alcalde de Finestrat,<\/a> un municipio de la Marina Baixa, en la provincia de Alicante, <a href=\"https:\/\/ayto-finestrat.es\/juanfran-perez-llorca-investido-alcalde-presidente-del-ayuntamiento-de-finestrat\/\" rel=\"nofollow noopener\" target=\"_blank\">desde 2015<\/a>. Tambi\u00e9n es diputado en Les Cortes en esta legislatura, donde ostenta el cargo de portavoz (sindic) del Partido Popular desde que en 2024 <a href=\"https:\/\/transparentia.newtral.es\/ficha\/miguel-barrachina-ros\" rel=\"nofollow noopener\" target=\"_blank\">Miguel Barrachina<\/a> (anterior s\u00edndic) fue nombrado conseller en una remodelaci\u00f3n del ejecutivo auton\u00f3mico.<\/p>\n<p>A nivel org\u00e1nico fue vicesecretario de Organizaci\u00f3n del PPCV hasta 2023, a\u00f1o en el que <a href=\"https:\/\/www.europapress.es\/comunitat-valenciana\/noticia-perez-llorca-sustituye-catala-secretaria-general-ppcv-20230803200607.html\" rel=\"nofollow noopener\" target=\"_blank\">fue nombrado<\/a> secretario general del ala auton\u00f3mica de su formaci\u00f3n en sustituci\u00f3n de la alcaldesa de Valencia, <a href=\"https:\/\/www.valencia.es\/cas\/ayuntamiento\/alcaldia\" rel=\"nofollow noopener\" target=\"_blank\">Mar\u00eda Jos\u00e9 Catal\u00e1<\/a>.<\/p>\n<ul class=\"wp-block-list\">\n<li>Este cargo es el de <a href=\"https:\/\/ppcv.com\/organigrama\/\" rel=\"nofollow noopener\" target=\"_blank\">n\u00famero dos<\/a> en el Comit\u00e9 Ejecutivo auton\u00f3mico, solo por detr\u00e1s del president Carlos Maz\u00f3n.<\/li>\n<\/ul>\n<p><strong>Trayectoria pol\u00edtica<\/strong>. Se incorpor\u00f3 como militante del PP en 2003, seg\u00fan publica <a href=\"https:\/\/valenciaplaza.com\/valenciaplaza\/noticia18644\" rel=\"nofollow noopener\" target=\"_blank\">Valencia Plaza<\/a>, cuando form\u00f3 parte de la lista electoral del partido al Ayuntamiento de Finestrat y se convirti\u00f3 en concejal. En 2007 los populares se hicieron con la alcald\u00eda del municipio <a href=\"https:\/\/actualidad.laverdad.es\/elecciones-2007\/municipio\/Valencia-Alicante-Finestrat\/11-3-69\" rel=\"nofollow noopener\" target=\"_blank\">con mayor\u00eda absoluta<\/a> y P\u00e9rez Llorca ocup\u00f3 durante dos legislaturas el puesto de responsable de Urbanismo y Servicios T\u00e9cnicos.<\/p>\n<ul class=\"wp-block-list\">\n<li>En 2015 fue elegido alcalde de Finestrat por primera vez, cargo que contin\u00faa ostentando a d\u00eda de hoy.<\/li>\n<\/ul>\n<ul class=\"wp-block-list\">\n<li>De forma paralela, <a href=\"https:\/\/www.diputacionalicante.es\/corporacion\/juan-francisco-perez-llorca\/\" rel=\"nofollow noopener\" target=\"_blank\">fue diputado<\/a> de Arquitectura y Hogar Provincial en la Diputaci\u00f3n de Alicante hasta su renuncia al acta en la sesi\u00f3n plenaria del 8 de septiembre de 2021.\u00a0<\/li>\n<\/ul>\n<p><strong>Sinton\u00eda con Vox<\/strong>. Seg\u00fan medios valencianos como <a href=\"https:\/\/www.levante-emv.com\/comunitat-valenciana\/2025\/11\/03\/juanfran-perez-llorca-mano-derecha-123282261.html\" rel=\"nofollow noopener\" target=\"_blank\">Levante-EMV<\/a>, P\u00e9rez Llorca es una persona de \u201cabsoluta confianza\u201d para Maz\u00f3n y tiene una buena sinton\u00eda con Vox.<\/p>\n","protected":false},"excerpt":{"rendered":"Juan Francisco P\u00e9rez Llorca, el secretario general del Partido Popular de la Comunidad Valenciana (PPCV), ha sido el&hellip;\n","protected":false},"author":2,"featured_media":231561,"comment_status":"","ping_status":"","sticky":false,"template":"","format":"standard","meta":{"footnotes":""},"categories":[8],"tags":[17,18,242,25,24,13,14,11,19,20,9,10,15,16,952,23,12,21,22,624],"class_list":{"0":"post-231560","1":"post","2":"type-post","3":"status-publish","4":"format-standard","5":"has-post-thumbnail","7":"category-espana","8":"tag-breaking-news","9":"tag-breakingnews","10":"tag-comunidad-valenciana","11":"tag-es","12":"tag-espana","13":"tag-featured-news","14":"tag-featurednews","15":"tag-headlines","16":"tag-latest-news","17":"tag-latestnews","18":"tag-news","19":"tag-noticias","20":"tag-noticias-destacadas","21":"tag-noticiasdestacadas","22":"tag-politica","23":"tag-spain","24":"tag-titulares","25":"tag-ultimas-noticias","26":"tag-ultimasnoticias","27":"tag-vox"},"share_on_mastodon":{"url":"https:\/\/pubeurope.com\/@es\/115534859067902944","error":""},"_links":{"self":[{"href":"https:\/\/www.europesays.com\/es\/wp-json\/wp\/v2\/posts\/231560","targetHints":{"allow":["GET"]}}],"collection":[{"href":"https:\/\/www.europesays.com\/es\/wp-json\/wp\/v2\/posts"}],"about":[{"href":"https:\/\/www.europesays.com\/es\/wp-json\/wp\/v2\/types\/post"}],"author":[{"embeddable":true,"href":"https:\/\/www.europesays.com\/es\/wp-json\/wp\/v2\/users\/2"}],"replies":[{"embeddable":true,"href":"https:\/\/www.europesays.com\/es\/wp-json\/wp\/v2\/comments?post=231560"}],"version-history":[{"count":0,"href":"https:\/\/www.europesays.com\/es\/wp-json\/wp\/v2\/posts\/231560\/revisions"}],"wp:featuredmedia":[{"embeddable":true,"href":"https:\/\/www.europesays.com\/es\/wp-json\/wp\/v2\/media\/231561"}],"wp:attachment":[{"href":"https:\/\/www.europesays.com\/es\/wp-json\/wp\/v2\/media?parent=231560"}],"wp:term":[{"taxonomy":"category","embeddable":true,"href":"https:\/\/www.europesays.com\/es\/wp-json\/wp\/v2\/categories?post=231560"},{"taxonomy":"post_tag","embeddable":true,"href":"https:\/\/www.europesays.com\/es\/wp-json\/wp\/v2\/tags?post=231560"}],"curies":[{"name":"wp","href":"https:\/\/api.w.org\/{rel}","templated":true}]}}