{"id":231564,"date":"2025-11-12T04:41:10","date_gmt":"2025-11-12T04:41:10","guid":{"rendered":"https:\/\/www.europesays.com\/es\/231564\/"},"modified":"2025-11-12T04:41:10","modified_gmt":"2025-11-12T04:41:10","slug":"leday-verdugo-del-barca-el-ano-pasado-en-el-palau-se-pierde-la-doble-jornada-semanal","status":"publish","type":"post","link":"https:\/\/www.europesays.com\/es\/231564\/","title":{"rendered":"Leday, verdugo del Bar\u00e7a el a\u00f1o pasado en el Palau, se pierde la doble jornada semanal"},"content":{"rendered":"<p data-gtm-element-container=\"modulo-texto-link\" class=\"paragraph\">El<strong> Armani Mil\u00e1n <\/strong>tendr\u00e1 que afrontar su doble duelo semanal en la <strong>Euroliga <\/strong>-esta noche contra el <strong>ASVEL Villeurbanne<\/strong>, antes de recibir a\u00a0<strong>Olympiacos<\/strong>\u00a0el viernes- sin<strong> su m\u00e1ximo anotador, el alero Zach Leday.<\/strong><\/p>\n<p data-gtm-element-container=\"modulo-texto-link\" class=\"paragraph\">El club italiano ha confirmado oficialmente que el estadounidense <strong>se ha resentido de la lesi\u00f3n en el aductor izquierdo que sufri\u00f3 la semana pasada <\/strong>en el partido contra el Anadolu Efes y no estar\u00e1 disponible para los partidos de esta semana.\u00a0<\/p>\n<p data-gtm-element-container=\"modulo-texto-link\" class=\"paragraph\">Est\u00e1 previsto que sea reevaluado al comienzo de la pr\u00f3xima semana.<\/p>\n<p data-gtm-element-container=\"modulo-texto-link\" class=\"paragraph\">Esta temporada, Leday ha sido un jugador clave para los de Ettore Messina,<strong> promediando 15,8 puntos, 3,5 rebotes y un 17,8 de valoraci\u00f3n media<\/strong>, y los aficionados del Bar\u00e7a se acordar\u00e1n de \u00e9l ya que la temporada pasada <strong>fue el gran &#8216;verdugo&#8217; de los azulgrana<\/strong> en el partido correspondiente a la 15\u00aa jornada de la Euroliga 2024\/25 que les enfrent\u00f3 en el <strong>Palau Blaugrana<\/strong> en diciembre de 2024.<\/p>\n<p data-gtm-element-container=\"modulo-texto-link\" class=\"paragraph\">En aquel duelo Leday se fue hasta los <strong>33 puntos<\/strong>, con un 75% de acierto en tiros de campo (10\/14 en T2 y 4\/4 en T3) y un 100% en TL (9\/9), 4 rebotes y 8 faltas recibidas, para <strong>un total de 37 de valoraci\u00f3n<\/strong> estad\u00edstica, convirti\u00e9ndose\u00a0<strong>en MVP de la jornada en la Euroliga y<\/strong> guiando a los suyos hacia la victoria por un claro 81-94.<\/p>\n<p>    Lee tambi\u00e9n<\/p>\n<p data-gtm-element-container=\"modulo-texto-link\" class=\"paragraph\">La baja de Leday se une a la de <strong>Lorenzo Brown<\/strong>\u00a0 que a\u00fan se recupera de una lesi\u00f3n sufrida al inicio de la temporada, y que tambi\u00e9n estar\u00e1 de baja los dos partidos de Euroliga que tienen los italianos esta semana.<\/p>\n","protected":false},"excerpt":{"rendered":"El Armani Mil\u00e1n tendr\u00e1 que afrontar su doble duelo semanal en la Euroliga -esta noche contra el ASVEL&hellip;\n","protected":false},"author":2,"featured_media":231565,"comment_status":"","ping_status":"","sticky":false,"template":"","format":"standard","meta":{"footnotes":""},"categories":[269],"tags":[299,298,168,25,24,23,167],"class_list":{"0":"post-231564","1":"post","2":"type-post","3":"status-publish","4":"format-standard","5":"has-post-thumbnail","7":"category-baloncesto","8":"tag-baloncesto","9":"tag-basketball","10":"tag-deportes","11":"tag-es","12":"tag-espana","13":"tag-spain","14":"tag-sports"},"share_on_mastodon":{"url":"https:\/\/pubeurope.com\/@es\/115534894599704389","error":""},"_links":{"self":[{"href":"https:\/\/www.europesays.com\/es\/wp-json\/wp\/v2\/posts\/231564","targetHints":{"allow":["GET"]}}],"collection":[{"href":"https:\/\/www.europesays.com\/es\/wp-json\/wp\/v2\/posts"}],"about":[{"href":"https:\/\/www.europesays.com\/es\/wp-json\/wp\/v2\/types\/post"}],"author":[{"embeddable":true,"href":"https:\/\/www.europesays.com\/es\/wp-json\/wp\/v2\/users\/2"}],"replies":[{"embeddable":true,"href":"https:\/\/www.europesays.com\/es\/wp-json\/wp\/v2\/comments?post=231564"}],"version-history":[{"count":0,"href":"https:\/\/www.europesays.com\/es\/wp-json\/wp\/v2\/posts\/231564\/revisions"}],"wp:featuredmedia":[{"embeddable":true,"href":"https:\/\/www.europesays.com\/es\/wp-json\/wp\/v2\/media\/231565"}],"wp:attachment":[{"href":"https:\/\/www.europesays.com\/es\/wp-json\/wp\/v2\/media?parent=231564"}],"wp:term":[{"taxonomy":"category","embeddable":true,"href":"https:\/\/www.europesays.com\/es\/wp-json\/wp\/v2\/categories?post=231564"},{"taxonomy":"post_tag","embeddable":true,"href":"https:\/\/www.europesays.com\/es\/wp-json\/wp\/v2\/tags?post=231564"}],"curies":[{"name":"wp","href":"https:\/\/api.w.org\/{rel}","templated":true}]}}