{"id":231566,"date":"2025-11-12T04:42:12","date_gmt":"2025-11-12T04:42:12","guid":{"rendered":"https:\/\/www.europesays.com\/es\/231566\/"},"modified":"2025-11-12T04:42:12","modified_gmt":"2025-11-12T04:42:12","slug":"messi-se-pronuncia-sobre-el-barca-de-flick","status":"publish","type":"post","link":"https:\/\/www.europesays.com\/es\/231566\/","title":{"rendered":"Messi se pronuncia sobre el Bar\u00e7a de Flick"},"content":{"rendered":"<p class=\"ft-text\"><strong>Leo Messi ha acaparado todos los titulares estas \u00faltimas horas<\/strong>. Su visita rel\u00e1mpago y de inc\u00f3gnito al Spotify Camp Nou la noche del domingo ha ilusionado a la parroquia azulgrana, que sue\u00f1a con <a class=\"ft-link ft-link--decoration\" href=\"https:\/\/www.sport.es\/es\/noticias\/barca\/leo-messi-volver-barca-enero-123566501\" target=\"_blank\" rel=\"nofollow noopener\">un \u00faltimo baile del astro argentino<\/a>. El actual futbolista de Inter Miami, antes de visitar el estadio barcelonista, ha concedido <strong>una entrevista en exclusiva a SPORT<\/strong>, donde repasa su marcha del Bar\u00e7a o c\u00f3mo ve al equipo de Flick para esta temporada.<\/p>\n<p class=\"ft-text\">El jugador de 38 a\u00f1os ha reconocido que sigue los partidos del club azulgrana desde Estados Unidos junto a los compa\u00f1eros con los que comparti\u00f3 tambi\u00e9n vestuario en Barcelona, como Jordi Alba, Busquets o Luis Su\u00e1rez. <strong>\u00abS\u00ed, s\u00ed, obvio que los sigo, y m\u00e1s que somos varios lo que estamos ahora juntos y siempre comentamos, charlamos de todas las situaciones que pasan en el club y de los resultados y del juego\u00bb<\/strong>, <a class=\"ft-link ft-link--decoration\" href=\"https:\/\/www.sport.es\/es\/noticias\/barca\/leo-messi-exclusiva-sport-imaginaba-123569255\" target=\"_blank\" rel=\"nofollow noopener\">explic\u00f3 el argentino en la entrevista con SPORT<\/a>.<\/p>\n<p class=\"ft-text\">Adem\u00e1s, Messi, aunque ya accedi\u00f3 al estadio el pasado domingo, tiene la ambici\u00f3n de poder verlo repleto de aficionados azulgranas. <strong>\u00abTengo muchas ganas de volver al estadio cuando est\u00e9 terminado, porque desde que me fui a Par\u00eds tampoco volv\u00ed al Camp Nou. <\/strong>Va a ser raro volver al estadio nuevo y verlo porque la \u00faltima vez que lo vi fue hace mucho tiempo y<strong> va a ser emocionante volver a vivir y recordar todo lo que fue eso, m\u00e1s all\u00e1 de que sea diferente el estadio\u00bb<\/strong>, apunt\u00f3 el argentino, <a class=\"ft-link ft-link--decoration\" href=\"https:\/\/www.sport.es\/es\/noticias\/futbol-internacional\/messi-renueva-inter-miami-122941706\" target=\"_blank\" rel=\"nofollow noopener\">que renov\u00f3 recientemente su contrato con Inter Miami hasta 2028<\/a>.<\/p>\n<p class=\"ft-text\">Messi, que se march\u00f3 del Bar\u00e7a en verano de 2021, <strong>no ha podido regresar al Camp Nou para ver un encuentro del equipo<\/strong>, pese a que lo sigue desde la distancia, como ha reconocido a SPORT. El presidente del club, <strong>Joan Laporta<\/strong>, <strong>asegur\u00f3 el pasado viernes<\/strong>, <a class=\"ft-link ft-link--decoration\" href=\"https:\/\/www.sport.es\/es\/noticias\/barca\/viejo-nuevo-camp-nou-toca-123463272\" target=\"_blank\" rel=\"nofollow noopener\">en el estreno del estadio<\/a>, <strong>que<\/strong> <strong>el argentino recibir\u00e1 un homenaje en el Camp Nou delante de 105.000 espectadores <\/strong>cuando las obras finalicen. \u00abDepender\u00e1 de que \u00e9l quiera, pero me encantar\u00eda hacerlo si sigo como presidente\u00bb,<strong> <\/strong>manifest\u00f3 el mandatario catal\u00e1n.<\/p>\n","protected":false},"excerpt":{"rendered":"Leo Messi ha acaparado todos los titulares estas \u00faltimas horas. Su visita rel\u00e1mpago y de inc\u00f3gnito al Spotify&hellip;\n","protected":false},"author":2,"featured_media":231567,"comment_status":"","ping_status":"","sticky":false,"template":"","format":"standard","meta":{"footnotes":""},"categories":[268],"tags":[2296,210,168,25,24,4970,280,282,7688,281,23,167],"class_list":{"0":"post-231566","1":"post","2":"type-post","3":"status-publish","4":"format-standard","5":"has-post-thumbnail","7":"category-futbol","8":"tag-barca","9":"tag-barcelona","10":"tag-deportes","11":"tag-es","12":"tag-espana","13":"tag-flick","14":"tag-football","15":"tag-futbol","16":"tag-messi","17":"tag-soccer","18":"tag-spain","19":"tag-sports"},"share_on_mastodon":{"url":"https:\/\/pubeurope.com\/@es\/115534898520907343","error":""},"_links":{"self":[{"href":"https:\/\/www.europesays.com\/es\/wp-json\/wp\/v2\/posts\/231566","targetHints":{"allow":["GET"]}}],"collection":[{"href":"https:\/\/www.europesays.com\/es\/wp-json\/wp\/v2\/posts"}],"about":[{"href":"https:\/\/www.europesays.com\/es\/wp-json\/wp\/v2\/types\/post"}],"author":[{"embeddable":true,"href":"https:\/\/www.europesays.com\/es\/wp-json\/wp\/v2\/users\/2"}],"replies":[{"embeddable":true,"href":"https:\/\/www.europesays.com\/es\/wp-json\/wp\/v2\/comments?post=231566"}],"version-history":[{"count":0,"href":"https:\/\/www.europesays.com\/es\/wp-json\/wp\/v2\/posts\/231566\/revisions"}],"wp:featuredmedia":[{"embeddable":true,"href":"https:\/\/www.europesays.com\/es\/wp-json\/wp\/v2\/media\/231567"}],"wp:attachment":[{"href":"https:\/\/www.europesays.com\/es\/wp-json\/wp\/v2\/media?parent=231566"}],"wp:term":[{"taxonomy":"category","embeddable":true,"href":"https:\/\/www.europesays.com\/es\/wp-json\/wp\/v2\/categories?post=231566"},{"taxonomy":"post_tag","embeddable":true,"href":"https:\/\/www.europesays.com\/es\/wp-json\/wp\/v2\/tags?post=231566"}],"curies":[{"name":"wp","href":"https:\/\/api.w.org\/{rel}","templated":true}]}}