{"id":231568,"date":"2025-11-12T04:43:16","date_gmt":"2025-11-12T04:43:16","guid":{"rendered":"https:\/\/www.europesays.com\/es\/231568\/"},"modified":"2025-11-12T04:43:16","modified_gmt":"2025-11-12T04:43:16","slug":"y-si-rosalia-acaba-siendo-la-elegida-por-rtve-para-presentar-las-campanadas-las-pistas-que-la-llevan-a-la-puerta-del-sol","status":"publish","type":"post","link":"https:\/\/www.europesays.com\/es\/231568\/","title":{"rendered":"\u00bfY si Rosal\u00eda acaba siendo la elegida por RTVE para presentar las Campanadas? Las pistas que la llevan a la Puerta del Sol"},"content":{"rendered":"<p class=\"paragraph\" id=\"paragraph_1\">Hace unas semanas, <a href=\"https:\/\/www.elespanol.com\/bluper\/20251029\/silvia-intxaurrondo-jesus-cintora-rtve-pregunta-audiencia-presentadores-deben-dar-campanadas\/1003743990713_0.html?utm_cmp_rs=linksinline\" rel=\"nofollow noopener\" target=\"_blank\">RTVE lanzaba a trav\u00e9s de su web una encuesta<\/a> en la que <strong>se preguntaba a los espectadores con qu\u00e9 presentadores<\/strong> quer\u00edan tomarse las tradicionales doce uvas desde la Puerta del Sol de Madrid y dar la bienvenida al 2026.<\/p>\n<p class=\"paragraph\" id=\"paragraph_2\">Dicho sondeo <strong>no inclu\u00eda un listado de nombres para llevarlos a votaci\u00f3n<\/strong>, sino que dejaba libertad (e imaginaci\u00f3n) absoluta para que fueran los propios internautas los que propusieran sus candidatos.<\/p>\n<p class=\"paragraph\" id=\"paragraph_3\">Y, claro, <a href=\"https:\/\/www.elespanol.com\/bluper\/20251030\/troleo-rtve-encuesta-campanadas-simon-perez-silvia-charro-rufian-vito-quiles-favoritos\/1003743993015_0.html?utm_cmp_rs=linksinline\" rel=\"nofollow noopener\" target=\"_blank\">el asunto acab\u00f3 por desmadrarse por completo<\/a> al recibir propuestas que iban desde <strong>Vito Quiles y Gabriel Rufi\u00e1n<\/strong>; <strong>Sim\u00f3n P\u00e9rez y Silvia Charro<\/strong>, los &#8216;gur\u00fas&#8217; de las hipotecas a plazo fijo, y hasta <strong>Jos\u00e9 Luis \u00c1balos y Koldo Garc\u00eda.<\/strong><\/p>\n<p><img loading=\"lazy\" decoding=\"async\" alt=\"Claudia y Gilbert, la pareja m\u00e1s explosiva de la novena edici\u00f3n de 'La isla de las tentaciones'.\" height=\"180\" src=\"https:\/\/www.europesays.com\/es\/wp-content\/uploads\/2025\/11\/1003744004592_259814995_320x180.jpg\" width=\"320\" data-lazy-status=\"processed\" data-lazy-info=\"remove loading item 1\"\/><\/p>\n<p class=\"paragraph\" id=\"paragraph_4\">Todo este juego sirvi\u00f3 para caldear el ambiente en torno a las Campanadas que, recordemos, es la retransmisi\u00f3n m\u00e1s importante del a\u00f1o para cualquier cadena. Pues juguemos nosotros tambi\u00e9n.<\/p>\n<p class=\"paragraph\" id=\"paragraph_5\">Tras la visita de Rosal\u00eda a La Revuelta de David Broncano, <strong>muchos han sido los que en redes sociales han expresado su deseo<\/strong> a la Corporaci\u00f3n para que la Motomami se convierta en uno de los rostros del canal p\u00fablico el 31 de diciembre.<\/p>\n<p><img decoding=\"async\" alt=\"Rosal\u00eda y Broncano posan con el plato en el que llevaba el 'bizcochito casero'.\" data-imgm=\"true\" height=\"180\" loading=\"lazy\"  src=\"https:\/\/www.europesays.com\/es\/wp-content\/uploads\/2025\/11\/1003744009062_259874643_1024x576.jpg\"  width=\"320\"\/><\/p>\n<p>                                                            Rosal\u00eda y Broncano posan con el plato en el que llevaba el &#8216;bizcochito casero&#8217;.<\/p>\n<p class=\"paragraph\" id=\"paragraph_6\">Y aunque no ser\u00e1 hasta diciembre cuando, previsiblemente, RTVE haga oficial el anuncio de los presentadores que competir\u00e1n contra <a href=\"https:\/\/www.elespanol.com\/bluper\/20251023\/cristina-pedroche-alberto-chicote-duplican-atresmedia-unifica-campanadas-antena-lasexta\/1003743983348_0.html?utm_cmp_rs=linksinline\" rel=\"nofollow noopener\" target=\"_blank\">Cristina Pedroche y Alberto Chicote (Atresmedia)<\/a> y <a href=\"https:\/\/www.elespanol.com\/bluper\/20251104\/sandra-barneda-xuso-jones-daran-campanadas-mediaset-novedosa-apuesta-nochevieja\/1003743999229_0.html?utm_cmp_rs=linksinline\" rel=\"nofollow noopener\" target=\"_blank\">Sandra Barneda y Xuso Jones (Mediaset)<\/a>, lo cierto es que <strong>el nombre de Rosal\u00eda ya no suena a utop\u00eda.<\/strong><\/p>\n<p class=\"paragraph\" id=\"paragraph_7\">Y es que en las \u00faltimas horas<strong> la artista catalana se ha abrazado de la radiotelevisi\u00f3n p\u00fablica para promocionar su nuevo \u00e1lbum, <\/strong><strong>LUX<\/strong>. A su vez, la cadena la ha cuidado en todos los sentidos.<\/p>\n<p class=\"paragraph\" id=\"paragraph_8\">Para empezar, el <strong>Telediario<\/strong> que presenta Alejandra Herranz confirm\u00f3 su visita a La Revuelta de Broncano despu\u00e9s de que a finales de la semana pasada se filtrara su nombre.<\/p>\n<p class=\"paragraph\" id=\"paragraph_9\">El noticiero de TVE emiti\u00f3 una pieza en la que el periodista Carlos del Amor la alej\u00f3 del \u00abruido\u00bb llev\u00e1ndosela hasta el <strong>Museo del Prado<\/strong> para entrevistarla. Un reportaje que, por cierto, se podr\u00e1 ver en <strong>Informe Semanal.<\/strong><\/p>\n<p class=\"paragraph\" id=\"paragraph_10\">Aquella filtraci\u00f3n \u2014\u00bbquer\u00edamos dar una sorpresa\u00bb, se quejaron desde La revuelta\u2014, acab\u00f3 provocando todo un evento televisivo. De ah\u00ed que su visita diese a Broncano r\u00e9cord hist\u00f3rico con un <strong>20,4% de cuota de pantalla.<\/strong><\/p>\n<p class=\"paragraph\" id=\"paragraph_11\">Despu\u00e9s de que el programa de Encofrados Encofrasa y El Terrat <a href=\"https:\/\/www.elespanol.com\/bluper\/20251111\/junta-vecinos-almodovar-famosos-bizcocho-pulso-show-rosalia-revuelta\/1003744007453_0.html?utm_cmp_rs=linksinline\" rel=\"nofollow noopener\" target=\"_blank\">la recibiera reuniendo a Pedro Almod\u00f3var, Carmen Machi, Estopa, Manuela Carmena o Alexia Putellas<\/a>, entre otros, Rosal\u00eda demostr\u00f3 ser un <strong>animal televisivo<\/strong> por la naturalidad (y la verdad) que mostr\u00f3 delante de las c\u00e1maras. Y eso, en televisi\u00f3n es oro.<\/p>\n<p class=\"paragraph\" id=\"paragraph_12\">Rosal\u00eda, que <a href=\"https:\/\/www.elespanol.com\/bluper\/20251111\/rosalia-actuara-primera-vez-escenario-the-tonight-show-jimmy-fallon-tercera-visita-programa\/1003744008838_0.html?utm_cmp_rs=linksinline\" rel=\"nofollow noopener\" target=\"_blank\">actuar\u00e1 el pr\u00f3ximo domingo en The Tonight Show de Jimmy Fallon<\/a>, tambi\u00e9n ha grabado un especial en <strong>Radio 3<\/strong>, para cerrar su colaboraci\u00f3n con la Corporaci\u00f3n.<\/p>\n<p class=\"paragraph\" id=\"paragraph_13\">Por todo esto, no ser\u00eda extra\u00f1o pensar que Jos\u00e9 Pablo L\u00f3pez cerrara a Rosal\u00eda para Nochevieja. Ser\u00eda, desde luego, todo un campanazo para RTVE pues es <strong>un rostro capaz de aunar a todos los tipos de p\u00fablicos<\/strong>, desde los m\u00e1s peque\u00f1os de la casa a los abuelos.<\/p>\n<p class=\"paragraph\" id=\"paragraph_14\">Es todo un <strong>im\u00e1n para las audiencias<\/strong>, tal y como qued\u00f3 patente hace unas pocas horas. Carisma le sobra. Adem\u00e1s, para RTVE ser\u00eda poner en valor la <strong>marca Espa\u00f1a<\/strong>, pues hablamos de la artista que m\u00e1s \u00e9xito tiene en el mundo.<\/p>\n<p class=\"paragraph\" id=\"paragraph_15\">El mayor problema (o no) de todo esto ser\u00eda <strong>el elevado cach\u00e9 que tendr\u00eda Rosal\u00eda<\/strong>, aunque visto lo visto, ahora mismo so\u00f1ar es gratis y todo es posible en Prado del Rey.<\/p>\n","protected":false},"excerpt":{"rendered":"Hace unas semanas, RTVE lanzaba a trav\u00e9s de su web una encuesta en la que se preguntaba a&hellip;\n","protected":false},"author":2,"featured_media":231569,"comment_status":"","ping_status":"","sticky":false,"template":"","format":"standard","meta":{"footnotes":""},"categories":[174],"tags":[1535,255,146,147,25,24,256,60532,1533,23,807],"class_list":{"0":"post-231568","1":"post","2":"type-post","3":"status-publish","4":"format-standard","5":"has-post-thumbnail","7":"category-famosos","8":"tag-bluper","9":"tag-celebrities","10":"tag-entertainment","11":"tag-entretenimiento","12":"tag-es","13":"tag-espana","14":"tag-famosos","15":"tag-rosalia-cantante","16":"tag-rtve-radiotelevision-espanola","17":"tag-spain","18":"tag-television"},"share_on_mastodon":{"url":"https:\/\/pubeurope.com\/@es\/115534902914935320","error":""},"_links":{"self":[{"href":"https:\/\/www.europesays.com\/es\/wp-json\/wp\/v2\/posts\/231568","targetHints":{"allow":["GET"]}}],"collection":[{"href":"https:\/\/www.europesays.com\/es\/wp-json\/wp\/v2\/posts"}],"about":[{"href":"https:\/\/www.europesays.com\/es\/wp-json\/wp\/v2\/types\/post"}],"author":[{"embeddable":true,"href":"https:\/\/www.europesays.com\/es\/wp-json\/wp\/v2\/users\/2"}],"replies":[{"embeddable":true,"href":"https:\/\/www.europesays.com\/es\/wp-json\/wp\/v2\/comments?post=231568"}],"version-history":[{"count":0,"href":"https:\/\/www.europesays.com\/es\/wp-json\/wp\/v2\/posts\/231568\/revisions"}],"wp:featuredmedia":[{"embeddable":true,"href":"https:\/\/www.europesays.com\/es\/wp-json\/wp\/v2\/media\/231569"}],"wp:attachment":[{"href":"https:\/\/www.europesays.com\/es\/wp-json\/wp\/v2\/media?parent=231568"}],"wp:term":[{"taxonomy":"category","embeddable":true,"href":"https:\/\/www.europesays.com\/es\/wp-json\/wp\/v2\/categories?post=231568"},{"taxonomy":"post_tag","embeddable":true,"href":"https:\/\/www.europesays.com\/es\/wp-json\/wp\/v2\/tags?post=231568"}],"curies":[{"name":"wp","href":"https:\/\/api.w.org\/{rel}","templated":true}]}}