{"id":231570,"date":"2025-11-12T04:44:08","date_gmt":"2025-11-12T04:44:08","guid":{"rendered":"https:\/\/www.europesays.com\/es\/231570\/"},"modified":"2025-11-12T04:44:08","modified_gmt":"2025-11-12T04:44:08","slug":"encuesta-que-te-parece-la-nueva-torre-del-puerto-de-malaga-disenada-por-david-chipperfield-diario-sur","status":"publish","type":"post","link":"https:\/\/www.europesays.com\/es\/231570\/","title":{"rendered":"Encuesta: \u00bfQu\u00e9 te parece la nueva Torre del Puerto de M\u00e1laga dise\u00f1ada por David Chipperfield? &#8211; Diario Sur"},"content":{"rendered":"<ol>\n<li><a href=\"https:\/\/news.google.com\/rss\/articles\/CBMingFBVV95cUxPb0w1RGhLS2N6Tlc5djdRS2h1OElFeVliUkxwb2ZYcTlFN2RLRGVpMTdRNHRWcmFTV0NZMkRVd1NCdk9fSzFkcUFXWl9VYkhiZy1ZMnRTVV81TjBzZGFoQ3h2a2dkOEJxZlNZUFF3VTRnOVFFOTdJbmlGNTNsbTMxZmxFRzNkSE4wY0MzTXhIZlBYenlMUVJTN19BcEVkQQ?oc=5\" target=\"_blank\" rel=\"nofollow noopener\">Encuesta: \u00bfQu\u00e9 te parece la nueva Torre del Puerto de M\u00e1laga dise\u00f1ada por David Chipperfield?<\/a>&nbsp;&nbsp;Diario Sur<\/li>\n<li><a href=\"https:\/\/news.google.com\/rss\/articles\/CBMiqwFBVV95cUxQb3pNMm1TU2g0V21iZEtOVnJTM0lXeTVKR1ZBYTI1XzUyRE1weU5kd0dOOFZLU3dPUEtzM3l6LTRNUnEyRHhOU2NhZVBjRURsSW9MSnIyVlJNUElHd1VWS2RQOHp2R0pMMGVidE4tcHVhNWUyaHZ4YnRxaXZPWjRMLWZSei1oNjlLNG91Y29iSUJ1bkNIRW1qUmwzdjlURFF1bFhTUU90S3lFVjg?oc=5\" target=\"_blank\" rel=\"nofollow noopener\">As\u00ed es la nueva Torre del Puerto de M\u00e1laga dise\u00f1ada por David Chipperfield<\/a>&nbsp;&nbsp;Diario Sur<\/li>\n<li><a href=\"https:\/\/news.google.com\/rss\/articles\/CBMiqwFBVV95cUxNQk5zajZUVk42U215eUZPVHNERGFPNV9RMHFZOVN4aHA4dTBack5VMTdGeHB2VlcyaXZkdzhQTWNJeUZRV1NvSmxTQ0RrWmk1RldaOEQzcGxQd0ktSGlJM1Z1WGJMUWlpa3lwYWhZT3JnVkdyajl3ZUFzOER2OUtzMTVOdHQwT21rQnh2X3pkUDduamhScmRGc005VDBuUlM3NXN2clF1QjNBemPSAbABQVVfeXFMT2dUcEhLQk9MdDVjbHFOVWV2eFVzVUZiNTBiQ0JhNjNuM2d4REZGaWJsaHAzRHZGODI3S3ZVQWtwdEtJOVY5bVJ3TFBkY3o1VUZlS0JVeWxrSWRCcW1DY18tWU5oN2VuQkNYMFJ2a19GYW90Qlp0R3ljNE9wc2ZKUGtnSUdNNXVRMkliVkIzZzZsUDdMVmRuU2sxMmRGTXR1N2kyaFhNekswaEh2RzIzck8?oc=5\" target=\"_blank\" rel=\"nofollow noopener\">Torre del puerto de M\u00e1laga: El complejo hotelero y comercial del dique de levante puede colapsar la ciudad<\/a>&nbsp;&nbsp;M\u00e1laga Hoy<\/li>\n<li><a href=\"https:\/\/news.google.com\/rss\/articles\/CBMiowNBVV95cUxPcng4Qm53d2hMTFNFOWZYaHR4eEhoYXJicG10bVc5ZFgyNDNGT2M4OFRIN2FNUHloNE9LWVY0ZnV6bloxZUNONENwV29Ka2dEV2VHYTVUdjdwdUdCcDhSVDczV3haV2RMWTRueGRqTjUweTlnUGROVFBfZHUxV0VZRzE1Z0lDelBINTU3YS1fMWdiMmtHdGxvWkx0TVVIa0hfblVOc0J4UnYxdnNaYXNsZnF0bzhZTU1WcUMxX1JucUtYWUZQaVBraGJwamNKYkdvUkNQWnI3MzhDSDRSejhEUDdzODRNYmh1REFBTm1pdWJ1TThqYWVYNEVGbXZqbXBPZHZDM2lUejRiamFMZ0JkeldSZ2s5bFdlY2FjNjJVYXlBNkF0MXJaOXFEdlJaRUxSY2RaTVozMjZ3QS0ycU9SSWFsaHVmSGdaeGJHb3cwNUo5SE1leEtRTzRqc1l0ZGd2YWRCRm9DQmVsM2I3QmtPTE1DYXB3el8yY08xeG9LTmZqLXZIV1pvcFNsNks5WDNnUjdZam93QzM3R1Qtb25lUHBCSQ?oc=5\" target=\"_blank\" rel=\"nofollow noopener\">El diputado del PSOE, Ignacio L\u00f3pez, solicita al Ministerio acceso al expediente del rascacielos del Puerto, \u00bfpor qu\u00e9 no le pregunta a Javier Salas, delegado del Gobierno central en M\u00e1laga y miembro del Consejo de Administraci\u00f3n del Puerto?<\/a>&nbsp;&nbsp;Revista El Observador<\/li>\n<li><a href=\"https:\/\/news.google.com\/rss\/articles\/CBMiywFBVV95cUxQRmlxcmN0NGZ5azFUaVQ0ZksxcmVZTVBTajVsU3M3TFRRWmxReHBkZEJHNlQ0TkRuZzM3YU12Z283cHBTVExXTUQ5N0gyeE92bHpXWVZjSTZzTGgyY1RJODBpSmRQZFpLZ3pleVh2ZkNPd0JtSVZ6SWxXaVNWeWNqZXp1V0xWTWpwc2h3a18xYTdTcEduWmxKRUpIOG0wWl9DQ3hKbjFDclBoZ1EzLXJ3X0lxY281RXNEWG1DUDdYOHNLakFKYy1iRmxyY9IB0AFBVV95cUxPWHdaWFlMajRWQUk0Si10bXpWck1ITVJ6OUZjQXJTS2l4WnhhQ1VvX0ZPYzZqYkVxQmlnZDNlUUVhOTZWRElaUHplZEtWYUlHNmduaHFhRHhpVUc2dXFWNXNHUXZHbDRQa016MnRmbTFJVjdqVUR3MFJMOGZheFotWHIyQk5RMGdYcGNWcWZhWWdEY1lweGhkRTdKNU40WjlRdzU4UWhMcmFmOUltbUp6aUdUMTZrRzFlSEhYZlZ4bzZZWDVWY056UU1mWWYyRVE3?oc=5\" target=\"_blank\" rel=\"nofollow noopener\">La ansiada Torre del Puerto de M\u00e1laga se decide en Madrid: cronolog\u00eda de una pol\u00e9mica<\/a>&nbsp;&nbsp;El Debate<\/li>\n<\/ol>\n","protected":false},"excerpt":{"rendered":"Encuesta: \u00bfQu\u00e9 te parece la nueva Torre del Puerto de M\u00e1laga dise\u00f1ada por David Chipperfield?&nbsp;&nbsp;Diario Sur As\u00ed es&hellip;\n","protected":false},"author":2,"featured_media":230551,"comment_status":"","ping_status":"","sticky":false,"template":"","format":"standard","meta":{"footnotes":""},"categories":[173],"tags":[229,233,231,230,232,234,146,147,25,24,23],"class_list":{"0":"post-231570","1":"post","2":"type-post","3":"status-publish","4":"format-standard","5":"has-post-thumbnail","7":"category-arte-y-diseno","8":"tag-arte","9":"tag-arte-y-diseno","10":"tag-arts","11":"tag-arts-and-design","12":"tag-design","13":"tag-diseno","14":"tag-entertainment","15":"tag-entretenimiento","16":"tag-es","17":"tag-espana","18":"tag-spain"},"share_on_mastodon":{"url":"https:\/\/pubeurope.com\/@es\/115534906227955049","error":""},"_links":{"self":[{"href":"https:\/\/www.europesays.com\/es\/wp-json\/wp\/v2\/posts\/231570","targetHints":{"allow":["GET"]}}],"collection":[{"href":"https:\/\/www.europesays.com\/es\/wp-json\/wp\/v2\/posts"}],"about":[{"href":"https:\/\/www.europesays.com\/es\/wp-json\/wp\/v2\/types\/post"}],"author":[{"embeddable":true,"href":"https:\/\/www.europesays.com\/es\/wp-json\/wp\/v2\/users\/2"}],"replies":[{"embeddable":true,"href":"https:\/\/www.europesays.com\/es\/wp-json\/wp\/v2\/comments?post=231570"}],"version-history":[{"count":0,"href":"https:\/\/www.europesays.com\/es\/wp-json\/wp\/v2\/posts\/231570\/revisions"}],"wp:featuredmedia":[{"embeddable":true,"href":"https:\/\/www.europesays.com\/es\/wp-json\/wp\/v2\/media\/230551"}],"wp:attachment":[{"href":"https:\/\/www.europesays.com\/es\/wp-json\/wp\/v2\/media?parent=231570"}],"wp:term":[{"taxonomy":"category","embeddable":true,"href":"https:\/\/www.europesays.com\/es\/wp-json\/wp\/v2\/categories?post=231570"},{"taxonomy":"post_tag","embeddable":true,"href":"https:\/\/www.europesays.com\/es\/wp-json\/wp\/v2\/tags?post=231570"}],"curies":[{"name":"wp","href":"https:\/\/api.w.org\/{rel}","templated":true}]}}