{"id":231579,"date":"2025-11-12T04:50:26","date_gmt":"2025-11-12T04:50:26","guid":{"rendered":"https:\/\/www.europesays.com\/es\/231579\/"},"modified":"2025-11-12T04:50:26","modified_gmt":"2025-11-12T04:50:26","slug":"sanidad-incrementa-un-143-por-ciento-la-vacunacion-contra-la-gripe-en-el-primer-mes-de-su-administracion","status":"publish","type":"post","link":"https:\/\/www.europesays.com\/es\/231579\/","title":{"rendered":"Sanidad incrementa un 14,3 por ciento la vacunaci\u00f3n contra la gripe en el primer mes de su administraci\u00f3n"},"content":{"rendered":"<p style=\"text-align: justify;\"><strong>La vacunaci\u00f3n contra la gripe est\u00e1 indicada en personas mayores de sesenta a\u00f1os, embarazadas, pacientes cr\u00f3nicos de seis a\u00f1os o m\u00e1s, convivientes de personas vulnerables, ni\u00f1os y ni\u00f1as con edades comprendidas entre los seis meses y los seis a\u00f1os y profesionales esenciales para la comunidad<\/strong><\/p>\n<p style=\"text-align: justify;\"><strong>Se recuerda que la vacunaci\u00f3n frente a la COVID-19 se recomienda durante todo el a\u00f1o a los colectivos m\u00e1s vulnerables, ya que el virus no presenta una estacionalidad marcada<\/strong><\/p>\n<p style=\"text-align: justify;\"><strong>A\u00fan contin\u00faa activa la campa\u00f1a de vacunaci\u00f3n y se puede pedir cita a trav\u00e9s del 012 o de sus n\u00fameros sin tarificaci\u00f3n adicional 922 470 012 y 928 301 012<\/strong><\/p>\n<p style=\"text-align: justify;\">La Direcci\u00f3n General de Salud P\u00fablica del Servicio Canario de la Salud informa que en el primer mes de vacunaci\u00f3n contra la gripe se ha administrado un total de 152.591 dosis, lo que representa un 14,34 por ciento m\u00e1s que en el mismo periodo del a\u00f1o anterior. La campa\u00f1a 2025-26 comenz\u00f3 el 6 de octubre con la inmunizaci\u00f3n de personas institucionalizadas en centros residenciales; personas con alto grado de dependencia, que fueron inmunizadas en sus domicilios; profesionales sanitarios; y ni\u00f1os y ni\u00f1as incluidos en el programa de vacunaci\u00f3n escolar frente a la gripe; mientras que la campa\u00f1a para el resto de grupos diana arranc\u00f3 el d\u00eda 16 de octubre en todos los centros de salud y consultorios locales de las ocho islas.<\/p>\n<p style=\"text-align: justify;\">De los principales grupos poblacionales a los que va dirigida esta campa\u00f1a, al grupo de edad de sesenta o m\u00e1s a\u00f1os se han administrado 99.469 dosis, mientras que un total de 1.684 embarazadas y 20.611 personas menores de sesenta a\u00f1os con enfermedades cr\u00f3nicas han recibido ya su dosis de la vacuna contra la gripe.<\/p>\n<p style=\"text-align: justify;\">Destaca tambi\u00e9n la vacunaci\u00f3n escolar, en la que 7.062 ni\u00f1os y ni\u00f1as de entre tres y cinco a\u00f1os de Educaci\u00f3n Infantil han recibido ya su dosis de la vacuna contra la gripe.<\/p>\n<p style=\"text-align: justify;\">Desde la Direcci\u00f3n General de Salud P\u00fablica se pone el \u00e9nfasis en recomendar la vacunaci\u00f3n entre los profesionales que est\u00e9n en contacto con animales, en especial con aves, como medida de protecci\u00f3n adicional ante el riesgo de expansi\u00f3n de la gripe aviar en Canarias, tal y como ha ocurrido en diversas comunidades aut\u00f3nomas.<\/p>\n<p style=\"text-align: justify;\">Adem\u00e1s, se recuerda que esta campa\u00f1a de gripe finalizar\u00e1 oficialmente el 31 de diciembre, aunque podr\u00e1 extenderse hasta el 31 de marzo seg\u00fan evoluci\u00f3n epidemiol\u00f3gica del virus. Resulta fundamental recordar que las personas con indicaci\u00f3n no deben esperar para vacunarse, pues lo importante es estar protegidas antes de que empiece a haber casos a nivel comunitario.<\/p>\n<p style=\"text-align: justify;\">Las personas interesadas en recibir estas vacunas pueden pedir cita a trav\u00e9s del tel\u00e9fono 012 o de sus n\u00fameros sin tarificaci\u00f3n adicional 922 470 012 y 928 301 012.<\/p>\n<p style=\"text-align: justify;\"><strong>\u00bfQui\u00e9n debe vacunarse frente a la gripe?<\/strong><\/p>\n<p style=\"text-align: justify;\">La vacunaci\u00f3n contra la gripe est\u00e1 indicada en embarazadas, mayores de 60 a\u00f1os, personas de 6 a\u00f1os o m\u00e1s con enfermedades cr\u00f3nicas o en centros residenciales, convivientes de personas vulnerables, menores de 6 meses a 6 a\u00f1os, y personal esencial para la comunidad.<\/p>\n<p style=\"text-align: justify;\">\u2013 Personas mayores de 60 a\u00f1os.<\/p>\n<p style=\"text-align: justify;\">\u2013 Ni\u00f1os\/as de entre 6 meses y 6 a\u00f1os.<\/p>\n<p style=\"text-align: justify;\">\u2013 Embarazadas y mujeres en puerperio.<\/p>\n<p style=\"text-align: justify;\">\u2013 Personas con enfermedades cr\u00f3nicas, inmunodepresi\u00f3n o institucionalizadas.<\/p>\n<p style=\"text-align: justify;\">\u2013 Personal sanitario, sociosanitario y de servicios esenciales (polic\u00eda, bomberos, protecci\u00f3n civil).<\/p>\n<p style=\"text-align: justify;\">\u2013 Cuidadores y convivientes de personas vulnerables (se incluyen convivientes de lactantes menores de 6 meses).<\/p>\n<p style=\"text-align: justify;\">\u2013 Personal de guarder\u00edas y educaci\u00f3n infantil.<\/p>\n<p style=\"text-align: justify;\">\u2013 Personas con exposici\u00f3n laboral a animales (veterinarios, ganaderos, etc.).<\/p>\n<p style=\"text-align: justify;\">\u2013 Personas fumadoras o con otros factores que incrementen su riesgo aunque no padezcan de una enfermedad cr\u00f3nica.<\/p>\n<p style=\"text-align: justify;\"><strong>Vacunaci\u00f3n infantil frente a la gripe<\/strong><\/p>\n<p style=\"text-align: justify;\">Tras el \u00e9xito de la campa\u00f1a de vacunaci\u00f3n escolar frente a la gripe durante la temporada 2024-2025, este a\u00f1o se ha ampliado la poblaci\u00f3n infantil incluida en el programa, incorporando una nueva cohorte (ni\u00f1os y ni\u00f1as hasta el d\u00eda antes de cumplir 6 a\u00f1os) y extendiendo la vacunaci\u00f3n a los centros educativos concertados.<\/p>\n<p style=\"text-align: justify;\">Esta estrategia sigue la l\u00ednea de otras comunidades aut\u00f3nomas que han demostrado mejores coberturas y niveles de protecci\u00f3n gracias al uso de la vacuna intranasal, indolora y especialmente eficaz en poblaci\u00f3n infantil.<\/p>\n<p style=\"text-align: justify;\"><strong>\u00bfQui\u00e9n debe vacunarse frente a COVID-19?<\/strong><\/p>\n<p style=\"text-align: justify;\">\u2013 Personas mayores de 70 a\u00f1os.<\/p>\n<p style=\"text-align: justify;\">\u2013 Personas mayores de 6 meses con inmunosupresi\u00f3n o enfermedades cr\u00f3nicas graves.<\/p>\n<p style=\"text-align: justify;\">\u2013 Residentes en centros de mayores, discapacidad o instituciones cerradas.<\/p>\n<p style=\"text-align: justify;\">\u2013 Embarazadas (especialmente en el \u00faltimo trimestre).<\/p>\n<p style=\"text-align: justify;\">\u2013 Personal sanitario y cuidadores, como medida de autoprotecci\u00f3n.<\/p>\n<p style=\"text-align: justify;\"><strong>Vacunaci\u00f3n para evitar casos graves<\/strong><\/p>\n<p style=\"text-align: justify;\">Dado que las poblaciones diana de gripe y COVID-19 son distintas (la COVID-19 afecta m\u00e1s gravemente a personas mayores de 70 a\u00f1os y enfermos cr\u00f3nicos de cualquier edad) y que la estacionalidad del virus SARS-CoV-2 es impredecible, el Ministerio de Sanidad ha establecido recomendaciones diferenciadas para ambas vacunas, con el fin de proteger a los grupos m\u00e1s vulnerables y reducir el impacto asistencial. Ambas vacunas pueden administrarse de forma conjunta si est\u00e1n indicadas, respetando un intervalo m\u00ednimo de tres meses desde la \u00faltima dosis o infecci\u00f3n confirmada por COVID-19.<\/p>\n<p style=\"text-align: justify;\">Las vacunas son el medio m\u00e1s eficaz para evitar complicaciones en aquellas personas que tienen un perfil m\u00e1s vulnerable y reducen significativamente el riesgo de hospitalizaci\u00f3n o fallecimiento por gripe o COVID-19. Por ello, desde la Direcci\u00f3n General de Salud P\u00fablica se recuerda que promover la vacunaci\u00f3n contribuye tambi\u00e9n a descongestionar los servicios de urgencias y atenci\u00f3n primaria, especialmente en los meses en que se de la mayor incidencia de estas afecciones respiratorias.<\/p>\n","protected":false},"excerpt":{"rendered":"La vacunaci\u00f3n contra la gripe est\u00e1 indicada en personas mayores de sesenta a\u00f1os, embarazadas, pacientes cr\u00f3nicos de seis&hellip;\n","protected":false},"author":2,"featured_media":231580,"comment_status":"","ping_status":"","sticky":false,"template":"","format":"standard","meta":{"footnotes":""},"categories":[92],"tags":[25,24,7749,165,166,1811,23,7589],"class_list":{"0":"post-231579","1":"post","2":"type-post","3":"status-publish","4":"format-standard","5":"has-post-thumbnail","7":"category-salud","8":"tag-es","9":"tag-espana","10":"tag-gripe","11":"tag-health","12":"tag-salud","13":"tag-sanidad","14":"tag-spain","15":"tag-vacunacion"},"share_on_mastodon":{"url":"https:\/\/pubeurope.com\/@es\/115534930374938217","error":""},"_links":{"self":[{"href":"https:\/\/www.europesays.com\/es\/wp-json\/wp\/v2\/posts\/231579","targetHints":{"allow":["GET"]}}],"collection":[{"href":"https:\/\/www.europesays.com\/es\/wp-json\/wp\/v2\/posts"}],"about":[{"href":"https:\/\/www.europesays.com\/es\/wp-json\/wp\/v2\/types\/post"}],"author":[{"embeddable":true,"href":"https:\/\/www.europesays.com\/es\/wp-json\/wp\/v2\/users\/2"}],"replies":[{"embeddable":true,"href":"https:\/\/www.europesays.com\/es\/wp-json\/wp\/v2\/comments?post=231579"}],"version-history":[{"count":0,"href":"https:\/\/www.europesays.com\/es\/wp-json\/wp\/v2\/posts\/231579\/revisions"}],"wp:featuredmedia":[{"embeddable":true,"href":"https:\/\/www.europesays.com\/es\/wp-json\/wp\/v2\/media\/231580"}],"wp:attachment":[{"href":"https:\/\/www.europesays.com\/es\/wp-json\/wp\/v2\/media?parent=231579"}],"wp:term":[{"taxonomy":"category","embeddable":true,"href":"https:\/\/www.europesays.com\/es\/wp-json\/wp\/v2\/categories?post=231579"},{"taxonomy":"post_tag","embeddable":true,"href":"https:\/\/www.europesays.com\/es\/wp-json\/wp\/v2\/tags?post=231579"}],"curies":[{"name":"wp","href":"https:\/\/api.w.org\/{rel}","templated":true}]}}